{"id":501191,"date":"2022-01-24T10:28:39","date_gmt":"2022-01-24T14:28:39","guid":{"rendered":"https:\/\/diarioelpopular.com\/?p=501191"},"modified":"2022-01-24T10:28:39","modified_gmt":"2022-01-24T14:28:39","slug":"haitianos-varados-en-aeropuerto-de-chile","status":"publish","type":"post","link":"https:\/\/diarioelpopular.com\/index.php\/2022\/01\/24\/haitianos-varados-en-aeropuerto-de-chile\/","title":{"rendered":"Haitianos varados en aeropuerto de Chile"},"content":{"rendered":"<div id=\"attachment_501192\" style=\"width: 646px\" class=\"wp-caption alignnone\"><img loading=\"lazy\" decoding=\"async\" aria-describedby=\"caption-attachment-501192\" class=\"size-custom-full-size wp-image-501192\" src=\"https:\/\/diarioelpopular.com\/wp-content\/uploads\/2022\/01\/1.94df-636x424.jpg\" alt=\"\" width=\"636\" height=\"424\" srcset=\"https:\/\/diarioelpopular.com\/wp-content\/uploads\/2022\/01\/1.94df-636x424.jpg 636w, https:\/\/diarioelpopular.com\/wp-content\/uploads\/2022\/01\/1.94df-300x200.jpg 300w, https:\/\/diarioelpopular.com\/wp-content\/uploads\/2022\/01\/1.94df-768x512.jpg 768w, https:\/\/diarioelpopular.com\/wp-content\/uploads\/2022\/01\/1.94df-110x73.jpg 110w, https:\/\/diarioelpopular.com\/wp-content\/uploads\/2022\/01\/1.94df.jpg 800w\" sizes=\"auto, (max-width: 636px) 100vw, 636px\" \/><p id=\"caption-attachment-501192\" class=\"wp-caption-text\"><em>Los haitianos tienen la intenci\u00f3n de ingresar a Chile<\/em><\/p><\/div>\n<h4><em><strong>&#8211; Solicitan refugio, pero temen ser expulsados<\/strong><\/em><\/h4>\n<p><em><strong>SANTIAGO DE CHILE, 24 EN &#8211;<\/strong><\/em> Unos 23 haitianos se encuentran varados en el aeropuerto internacional de Santiago e intentan pedir refugio al gobierno chileno ante el temor de ser expulsados a su pa\u00eds que vive una delicada situaci\u00f3n pol\u00edtica y social.<br \/>\nRodolfo Noriega, de la Defensor\u00eda de Migrantes en Chile, explic\u00f3 que &#8220;la crisis general que ocurre en Hait\u00ed pone en riesgo la vida de todas las personas que se encuentran en ese pa\u00eds&#8221;.<br \/>\nAgreg\u00f3 que la situaci\u00f3n se agrav\u00f3 luego del asesinato de su presidente, Jovenel Moise, los dos atentados al Primer Ministro, las amenazas al Presidente del Senado, as\u00ed como de diplom\u00e1ticos y otros, que son parte del complejo panorama que vive el pa\u00eds caribe\u00f1o, controlado por pandillas de delincuentes comunes, que adem\u00e1s manejan el suministro de gasolina, alimentos, medicamentos y energ\u00eda el\u00e9ctrica.<br \/>\nNoriega cont\u00f3 que los haitianos retenidos en el aeropuerto &#8220;tienen la intenci\u00f3n de ingresar al pa\u00eds&#8221;.<br \/>\n&#8220;Algunos llevan m\u00e1s de un mes y han solicitado refugio, pero la polic\u00eda los est\u00e1 tratando de turistas, les pide un permiso consular, lo cual es rid\u00edculo, porque el consulado no atiende visas desde la pandemia. Est\u00e1 cerrado, adem\u00e1s, por la situaci\u00f3n de Hait\u00ed&#8221;, detall\u00f3.<br \/>\nA juicio del defensor de migrantes, &#8220;se les debe permitir entrar porque al momento de llegar hicieron conocer que ven\u00edan por la situaci\u00f3n de riesgo que tiene toda persona en Hait\u00ed&#8221;.<br \/>\n&#8220;Chile lo reconoce, e incluso ha tra\u00eddo a un grupo de personas. El representante de Estados Unidos en Hait\u00ed afirmo que era criminal la devoluci\u00f3n o repatriaci\u00f3n de personas a Hait\u00ed&#8221;, aclar\u00f3.<br \/>\nLos 23 haitianos que se encuentran en el aeropuerto no pudieron ser repatriados porque los tribunales determinaron una orden de no innovar, tras aceptar un recurso de amparo presentado en su favor.<br \/>\nNoriega enfatiz\u00f3 que ellos tienen una solicitud de residencia, con sus c\u00e9dulas de identidad vigentes.<br \/>\n&#8220;Muchos de ellos son los que fueron expulsados desde EEUU y otros los que quedaron varados por la pandemia. En su precario espa\u00f1ol manifestaron su intenci\u00f3n de pedir refugio en Chile, se\u00f1alando que vienen a fin de buscar seguridad en este pa\u00eds donde tienen v\u00ednculos de familia y otros arraigos, algunos son hasta padres de chilenos&#8221;, relat\u00f3.<br \/>\nEl defensor de migrantes acus\u00f3 a la Polic\u00eda Civil de Investigaciones de Chile (PDI) de estar incumpliendo &#8220;la Ley de Protecci\u00f3n a Refugiados (Ley 20.430) al impedirles ingresar&#8221;.<br \/>\n&#8220;No respetan el Principio de no devoluci\u00f3n, niegan el principio de no rechazo en frontera. No les permiten formalizar su solicitud de refugio, que debe hacerse necesariamente ante Extranjer\u00eda, que no tiene oficina en el aeropuerto&#8221;, detall\u00f3.<br \/>\n&#8220;Inclusive -apunt\u00f3- han expulsado a algunos contra fallo de la Corte Suprema, hoy existe una investigaci\u00f3n de la Fiscal\u00eda por delito de desacato contra los efectivos de la PDI&#8221;.<br \/>\nA lo anterior, se suman las condiciones en que est\u00e1n en el Aeropuerto, sin acceso a ducha, alimentaci\u00f3n exigua, sin atenci\u00f3n m\u00e9dica y sin contacto con sus familiares, acot\u00f3.<br \/>\nA fines de 2017 y comienzos de 2018, Chile sufri\u00f3 una crisis migratoria por la llegada de vuelos masivos procedentes de Hait\u00ed, pero Noriega se\u00f1al\u00f3 que hoy no se trata de la misma situaci\u00f3n.<br \/>\n&#8220;Vienen como residentes, no como turistas, y les venden el vuelo de ida y vuelta porque las aerol\u00edneas se aseguran el regreso, a las compa\u00f1\u00edas no les importar\u00eda que los devuelvan&#8221;, indic\u00f3.<br \/>\nDesech\u00f3 que haya mafias detr\u00e1s de estos vuelos porque dijo, &#8220;a nadie lo fuerzan a venir, s\u00ed hay un aprovechamiento porque se les venden boletos caros ante la escasez de vuelos&#8221;.<br \/>\nNoriega subray\u00f3 que &#8220;los haitianos han buscado llegar a Chile a fin de garantizar su seguridad y vida, m\u00e1s a\u00fan tras el cierre de la frontera con Rep\u00fablica Dominicana&#8221;.<br \/>\nLos haitianos representan la tercera poblaci\u00f3n migratoria con 181.291 personas, es decir el 12,5% del total de 1.462.103 de extranjeros que al 2020 viv\u00eda en Chile, seg\u00fan datos del Instituto Nacional de Estad\u00edsticas.<\/p>\n","protected":false},"excerpt":{"rendered":"<p>&#8211; Solicitan refugio, pero temen ser expulsados SANTIAGO DE CHILE, 24 EN &#8211; Unos 23 haitianos se encuentran varados en el aeropuerto internacional de Santiago&hellip;<\/p>\n","protected":false},"author":99,"featured_media":501192,"comment_status":"open","ping_status":"open","sticky":false,"template":"","format":"standard","meta":{"footnotes":""},"categories":[23,11354],"tags":[],"class_list":["post-501191","post","type-post","status-publish","format-standard","has-post-thumbnail","hentry","category-latinoamerica","category-sucesos"],"_links":{"self":[{"href":"https:\/\/diarioelpopular.com\/index.php\/wp-json\/wp\/v2\/posts\/501191","targetHints":{"allow":["GET"]}}],"collection":[{"href":"https:\/\/diarioelpopular.com\/index.php\/wp-json\/wp\/v2\/posts"}],"about":[{"href":"https:\/\/diarioelpopular.com\/index.php\/wp-json\/wp\/v2\/types\/post"}],"author":[{"embeddable":true,"href":"https:\/\/diarioelpopular.com\/index.php\/wp-json\/wp\/v2\/users\/99"}],"replies":[{"embeddable":true,"href":"https:\/\/diarioelpopular.com\/index.php\/wp-json\/wp\/v2\/comments?post=501191"}],"version-history":[{"count":1,"href":"https:\/\/diarioelpopular.com\/index.php\/wp-json\/wp\/v2\/posts\/501191\/revisions"}],"predecessor-version":[{"id":501193,"href":"https:\/\/diarioelpopular.com\/index.php\/wp-json\/wp\/v2\/posts\/501191\/revisions\/501193"}],"wp:featuredmedia":[{"embeddable":true,"href":"https:\/\/diarioelpopular.com\/index.php\/wp-json\/wp\/v2\/media\/501192"}],"wp:attachment":[{"href":"https:\/\/diarioelpopular.com\/index.php\/wp-json\/wp\/v2\/media?parent=501191"}],"wp:term":[{"taxonomy":"category","embeddable":true,"href":"https:\/\/diarioelpopular.com\/index.php\/wp-json\/wp\/v2\/categories?post=501191"},{"taxonomy":"post_tag","embeddable":true,"href":"https:\/\/diarioelpopular.com\/index.php\/wp-json\/wp\/v2\/tags?post=501191"}],"curies":[{"name":"wp","href":"https:\/\/api.w.org\/{rel}","templated":true}]}}