{"id":501198,"date":"2022-01-24T10:37:43","date_gmt":"2022-01-24T14:37:43","guid":{"rendered":"https:\/\/diarioelpopular.com\/?p=501198"},"modified":"2022-01-24T10:37:43","modified_gmt":"2022-01-24T14:37:43","slug":"detienen-a-exjefe-antidrogas-de-evo-morales-en-bolivia","status":"publish","type":"post","link":"https:\/\/diarioelpopular.com\/index.php\/2022\/01\/24\/detienen-a-exjefe-antidrogas-de-evo-morales-en-bolivia\/","title":{"rendered":"Detienen a exjefe antidrogas de Evo Morales en Bolivia"},"content":{"rendered":"<div id=\"attachment_501199\" style=\"width: 646px\" class=\"wp-caption alignnone\"><img loading=\"lazy\" decoding=\"async\" aria-describedby=\"caption-attachment-501199\" class=\"size-custom-full-size wp-image-501199\" src=\"https:\/\/diarioelpopular.com\/wp-content\/uploads\/2022\/01\/BOLIVIA-NARCOTR--FICO_66880-636x358.jpg\" alt=\"\" width=\"636\" height=\"358\" srcset=\"https:\/\/diarioelpopular.com\/wp-content\/uploads\/2022\/01\/BOLIVIA-NARCOTR--FICO_66880-636x358.jpg 636w, https:\/\/diarioelpopular.com\/wp-content\/uploads\/2022\/01\/BOLIVIA-NARCOTR--FICO_66880-300x169.jpg 300w, https:\/\/diarioelpopular.com\/wp-content\/uploads\/2022\/01\/BOLIVIA-NARCOTR--FICO_66880-768x432.jpg 768w, https:\/\/diarioelpopular.com\/wp-content\/uploads\/2022\/01\/BOLIVIA-NARCOTR--FICO_66880-130x73.jpg 130w, https:\/\/diarioelpopular.com\/wp-content\/uploads\/2022\/01\/BOLIVIA-NARCOTR--FICO_66880.jpg 1024w\" sizes=\"auto, (max-width: 636px) 100vw, 636px\" \/><p id=\"caption-attachment-501199\" class=\"wp-caption-text\"><em>Polic\u00edas escoltan al excoronel de la polic\u00eda Maximiliano D\u00e1vila (centro) durante su presentaci\u00f3n ante los medios de comunicaci\u00f3n en la oficina del Comando General de la Polic\u00eda Boliviana, en La Paz, el domingo 23 de enero de 2022. (AP Foto\/Juan Karita) JUAN KARITA FOTO: AP<\/em><\/p>\n<p><\/p><\/div>\n<h4><em><strong>&#8211; El gobierno boliviano inform\u00f3 el domingo la detenci\u00f3n de Maximiliano D\u00e1vila, exjefe antidrogas durante el \u00faltimo periodo de gobierno del presidente Evo Morales, por sospechas de v\u00ednculos con el narcotr\u00e1fico y enriquecimiento il\u00edcito. <\/strong><\/em><\/h4>\n<p>D\u00e1vila es el m\u00e1s reciente detenido como resultado de la investigaci\u00f3n de la agencia antidrogas de Estados Unidos (DEA, por sus siglas en ingl\u00e9s) a una red de narcotr\u00e1fico.<\/p>\n<p>El a\u00f1o pasado se arrest\u00f3 en Colombia a Oscar Rojas, un ex oficial de la polic\u00eda boliviana, y en Per\u00fa a Jorge Roca Su\u00e1rez, alias \u201cTecho de Paja\u201d, quien ya cumpli\u00f3 un pena de 27 a\u00f1os en una c\u00e1rcel de Estados Unidos por el mismo delito.<\/p>\n<p>\u201cD\u00e1vila estar\u00eda siendo vinculado con el narcotr\u00e1fico y ganancias il\u00edcitas. La fiscal\u00eda considera que se ten\u00edan suficientes elementos y por eso se determin\u00f3 su aprensi\u00f3n\u201d, dijo en conferencia de prensa el ministro de Gobierno, Eduardo del Castillo, luego de presentar a D\u00e1vila a los medios de comunicaci\u00f3n.<\/p>\n<p>El excoronel de la polic\u00eda fue detenido la noche del s\u00e1bado cerca de la frontera de Bolivia con Argentina. La fiscal Lupe Zabala inform\u00f3 a los medios que D\u00e1vila no quiso declarar mientras su despacho alista documentaci\u00f3n para realizarle una imputaci\u00f3n.<\/p>\n<p>&#8220;La oficina de la DEA habr\u00eda realizado detenciones a ciudadanos bolivianos en pa\u00edses latinoamericanos, donde se identifica a personas que estar\u00edan vinculadas al movimiento de transferencia de montos econ\u00f3micos de bienes patrimoniales de origen aparentemente il\u00edcitos\u201d, se\u00f1al\u00f3 la polic\u00eda boliviana en un comunicado de prensa.<\/p>\n<p>El ministro reiter\u00f3 que est\u00e1 a la espera de un informe oficial que se le ha solicitado a la embajada de Estados Unidos en La Paz, a trav\u00e9s de la Canciller\u00eda. \u201cLo cual nos permitir\u00e1 contrastar datos con la informaci\u00f3n que se est\u00e1 llevando a cabo actualmente\u201d.<\/p>\n<p>El gobierno de Morales expuls\u00f3 de La Paz al embajador de Estados Unidos en 2009 y suspendi\u00f3 a la DEA indefinidamente, bajo el argumento de supuestos actos de espionaje. La embajada estadounidense neg\u00f3 tal acusaci\u00f3n. D\u00e1vila, un excoronel de la polic\u00eda, estuvo en el cargo de lucha contra las drogas hasta la renuncia de Morales en noviembre de 2019.<\/p>\n<p>Un a\u00f1o despu\u00e9s, tras la asunci\u00f3n del presidente Luis Arce, fue designado como comandante departamental de la Polic\u00eda en la regi\u00f3n central de Cochabamba y actualmente est\u00e1 retirado. Este no es el primer caso en el que se vincula a jefes policiales con el narcotr\u00e1fico .<\/p>\n<p>El gobierno del Morales atraves\u00f3 por un esc\u00e1ndalo en 2011 despu\u00e9s que Ren\u00e9 Sanabria, el jefe antidrogas, fue detenido por la DEA en Panam\u00e1 luego de ser acusado de brindar protecci\u00f3n a traficantes para el trasiego de 144 kilogramos de coca\u00edna hacia Estados Unidos .En ese momento, Morales dijo que se trataba de un complot en contra de su gobierno.<\/p>\n<p>&nbsp;<\/p>\n","protected":false},"excerpt":{"rendered":"<p>&#8211; El gobierno boliviano inform\u00f3 el domingo la detenci\u00f3n de Maximiliano D\u00e1vila, exjefe antidrogas durante el \u00faltimo periodo de gobierno del presidente Evo Morales, por&hellip;<\/p>\n","protected":false},"author":99,"featured_media":501199,"comment_status":"open","ping_status":"open","sticky":false,"template":"","format":"standard","meta":{"footnotes":""},"categories":[23],"tags":[],"class_list":["post-501198","post","type-post","status-publish","format-standard","has-post-thumbnail","hentry","category-latinoamerica"],"_links":{"self":[{"href":"https:\/\/diarioelpopular.com\/index.php\/wp-json\/wp\/v2\/posts\/501198","targetHints":{"allow":["GET"]}}],"collection":[{"href":"https:\/\/diarioelpopular.com\/index.php\/wp-json\/wp\/v2\/posts"}],"about":[{"href":"https:\/\/diarioelpopular.com\/index.php\/wp-json\/wp\/v2\/types\/post"}],"author":[{"embeddable":true,"href":"https:\/\/diarioelpopular.com\/index.php\/wp-json\/wp\/v2\/users\/99"}],"replies":[{"embeddable":true,"href":"https:\/\/diarioelpopular.com\/index.php\/wp-json\/wp\/v2\/comments?post=501198"}],"version-history":[{"count":1,"href":"https:\/\/diarioelpopular.com\/index.php\/wp-json\/wp\/v2\/posts\/501198\/revisions"}],"predecessor-version":[{"id":501200,"href":"https:\/\/diarioelpopular.com\/index.php\/wp-json\/wp\/v2\/posts\/501198\/revisions\/501200"}],"wp:featuredmedia":[{"embeddable":true,"href":"https:\/\/diarioelpopular.com\/index.php\/wp-json\/wp\/v2\/media\/501199"}],"wp:attachment":[{"href":"https:\/\/diarioelpopular.com\/index.php\/wp-json\/wp\/v2\/media?parent=501198"}],"wp:term":[{"taxonomy":"category","embeddable":true,"href":"https:\/\/diarioelpopular.com\/index.php\/wp-json\/wp\/v2\/categories?post=501198"},{"taxonomy":"post_tag","embeddable":true,"href":"https:\/\/diarioelpopular.com\/index.php\/wp-json\/wp\/v2\/tags?post=501198"}],"curies":[{"name":"wp","href":"https:\/\/api.w.org\/{rel}","templated":true}]}}