{"id":501202,"date":"2022-01-24T10:42:35","date_gmt":"2022-01-24T14:42:35","guid":{"rendered":"https:\/\/diarioelpopular.com\/?p=501202"},"modified":"2022-01-24T10:42:35","modified_gmt":"2022-01-24T14:42:35","slug":"isabel-allende-ve-mal-a-eeuu-cuando-ya-se-habla-de-una-posible-guerra-civil","status":"publish","type":"post","link":"https:\/\/diarioelpopular.com\/index.php\/2022\/01\/24\/isabel-allende-ve-mal-a-eeuu-cuando-ya-se-habla-de-una-posible-guerra-civil\/","title":{"rendered":"Isabel Allende ve \u2018mal\u2019 a EEUU, cuando ya se habla de una posible \u2018guerra civil\u2019"},"content":{"rendered":"<div id=\"attachment_501203\" style=\"width: 646px\" class=\"wp-caption alignnone\"><img loading=\"lazy\" decoding=\"async\" aria-describedby=\"caption-attachment-501203\" class=\"size-custom-full-size wp-image-501203\" src=\"https:\/\/diarioelpopular.com\/wp-content\/uploads\/2022\/01\/55007714421_1-636x358.jpg\" alt=\"\" width=\"636\" height=\"358\" srcset=\"https:\/\/diarioelpopular.com\/wp-content\/uploads\/2022\/01\/55007714421_1-636x358.jpg 636w, https:\/\/diarioelpopular.com\/wp-content\/uploads\/2022\/01\/55007714421_1-300x169.jpg 300w, https:\/\/diarioelpopular.com\/wp-content\/uploads\/2022\/01\/55007714421_1-768x432.jpg 768w, https:\/\/diarioelpopular.com\/wp-content\/uploads\/2022\/01\/55007714421_1-130x73.jpg 130w, https:\/\/diarioelpopular.com\/wp-content\/uploads\/2022\/01\/55007714421_1.jpg 1024w\" sizes=\"auto, (max-width: 636px) 100vw, 636px\" \/><p id=\"caption-attachment-501203\" class=\"wp-caption-text\"><em>La escritora chilena Isabel Allende publicar\u00e1 su novela \u201cVioleta\u201d. QUIQUE GARCIA EFE<\/em><\/p><\/div>\n<p><em><strong>&#8211; La escritora Isabel Allende esta muy preocupada por el futuro de Estados Unidos, el pa\u00eds donde vive, cuando hay voces que denuncian \u201cel posible fin de la democracia\u201d e incluso hablan de una \u201cguerra civil\u201d<\/strong><\/em><\/p>\n<p>\u201cY as\u00ed se empieza, aceptando que algo puede suceder\u201d, sin darse cuenta de lo que se puede perder. \u201cEl futuro de Estados Unidos lo veo mal y no soy la \u00fanica\u201d, asegura la autora en una entrevista con Efe, en la que se\u00f1ala c\u00f3mo estas cuestiones ya se publican en la prensa en Estados Unidos \u201ccon el tono m\u00e1s natural\u201d. En su opini\u00f3n, \u201cse empieza aceptando que algo puede suceder y la gente se relaja en la posibilidad y no s\u00e9 da cuenta de lo que puede perder. Y como este pa\u00eds nunca ha perdido eso, no sabe lo que es. Hasta que no lo pierda no va a saber lo que es, y entonces retomar\u00e1 el valor que tiene la democracia\u201d, destaca la escritora.<\/p>\n<p>Y conf\u00eda en que una generaci\u00f3n joven sustituya a estos \u201cpol\u00edticos viejos que ya tendr\u00edan que irse a su casa o para un asilo\u201d. Los acontecimientos pol\u00edticos siempre han estado presentes en las novelas de Isabel Allende que, cerca de cumplir los 80 a\u00f1os, es la autora en espa\u00f1ol m\u00e1s le\u00edda del mundo. Nacida en Per\u00fa, criada en Chile hasta que se exili\u00f3 en 1973, la escritora vive en California desde 1987 y se define como \u201ceterna extranjera\u201d.<\/p>\n<p>Y est\u00e1n presentes tambi\u00e9n en \u201cVioleta\u201d (Plaza&amp;amp;Jan\u00e9s), su \u00faltima novela, que se ha publicado simult\u00e1neamente en espa\u00f1ol y en ingl\u00e9s en Estados Unidos, Am\u00e9rica Latina y Espa\u00f1a, la historia de una mujer cuya vida transcurre desde 1920 hasta 2020, entre dos pandemias: la mal llamada \u201cgripe espa\u00f1ola\u201d y la actual del coronavirus. Una pandemia, la actual, que reconoce que est\u00e1 pasando bien en lo personal -ha escrito tres libros en este tiempo- pero explica que le est\u00e1 mostrando lo que est\u00e1n padeciendo las mujeres con las que trabaja la Fundaci\u00f3n Isabel Allende, dedicada a su hija Paula, fallecida a los 29 a\u00f1os, y que sufraga con el dinero que obtiene de sus libros. Mujeres \u201cque han perdido el trabajo y ser\u00e1n las \u00faltimas en recuperarlo, sin dinero, y a menudo con un compa\u00f1ero frustrado que acaba bebiendo demasiado\u201d, dice la autora, que asegura que \u201cha subido tremendamente\u201d la violencia machista.<\/p>\n<p>La violencia machista aumenta \u201ccada vez que hay alguna crisis de alguna especie: guerra, ocupaci\u00f3n, crisis econ\u00f3mica, crisis pol\u00edtica, fanatismo religioso, fanatismo pol\u00edtico\u2026 las primeras que sufren son las mujeres, las grandes v\u00edctimas, las mujeres y los ni\u00f1os\u201d. Y aunque reconoce que se ha avanzado y se har\u00e1 m\u00e1s en la lucha contra esta violencia insiste en que \u201chay que acabar con el machismo\u201d: \u201cTodas estas cosas son derivadas del patriarcado, de un sistema social, pol\u00edtico, cultural, econ\u00f3mico que pone a la mujer en tremenda desventaja. Hay una guerra contra la mujer\u201d, subraya.<\/p>\n<p>Su protagonista, Violeta del Valle, est\u00e1 marcada desde su nacimiento por acontecimientos extraordinarios, algunos de los cuales son hist\u00f3ricos e influir\u00e1n profundamente en su vida. \u201cMe han acusado de escribir con un soplo \u00e9pico, pero la verdad es que mi vida ha estado brutalmente influenciada por las circunstancias externas que yo no he podido controlar, como las pol\u00edticas\u201d, dice Allende. Por eso, no puede escribir una novela despegada del contexto en el que los personajes se mueven. Y aunque le encantar\u00eda escribir novelas rosas, dice que es un g\u00e9nero que no se le da, porque los personajes viven de sus pasiones en una especie de burbuja donde no aparece el mundo exterior para nada.<\/p>\n<p>\u201cPuede estar cayendo la Revoluci\u00f3n francesa y estas personas siguen am\u00e1ndose, odi\u00e1ndose o teniendo celo, como si no existiera la revoluci\u00f3n\u201d. Por su novela pasan tambi\u00e9n las dictaduras de Chile y Argentina, as\u00ed como la impunidad que hubo para muchos y que hay en bastantes pa\u00edses: \u201cEn Espa\u00f1a tambi\u00e9n\u201d, dice la escritora, que asegura que \u201cla gente queda con una herida abierta cuando hay impunidad y la hay en este momento en toda Am\u00e9rica Latina\u201d. \u201cHa habido genocidios en Centroam\u00e9rica, masacres de ind\u00edgenas, han destruido aldeas completas, han quemado a gente viva y nadie paga por eso, sino que se hacen ricos a partir de eso\u201d, denuncia.<\/p>\n<p>Violeta, que cuenta su vida a trav\u00e9s de una larga carta dirigida a su nieto, es una mujer apasionada y tiene varias relaciones sentimentales a lo largo de su vida: \u201c\u00bfc\u00f3mo no voy a creer en el amor en la madurez, a cualquier edad, si me acabo de casar?\u201d, se pregunta Isabel Allende. Violeta tiene tambi\u00e9n una hija, Nieves, inspirada en una hijastra de Isabel Allende, la \u00fanica hija de su segundo marido, que muri\u00f3 muy joven, poco despu\u00e9s de dar a luz. \u201cLa familia, los amigos, los conocidos, a todos los utilizo\u201d, confiesa Allende quien ya tiene otra novela en proceso de traducci\u00f3n que saldr\u00e1 para el pr\u00f3ximo a\u00f1o, esta vez una historia de ficci\u00f3n sobre refugiados. Aparte de lo que el pasado 8 de enero, como es tradici\u00f3n cada a\u00f1o, empez\u00f3 a escribir: \u201cEste a\u00f1o lo cumpl\u00ed pero con la promoci\u00f3n de \u2018Violeta\u2019 no puedo dedicarme, pero sigo investigando y cuando termine con esta ya me podr\u00e9 concentrar en eso. Estoy siempre entretenida\u201d, garantiza Allende.<\/p>\n","protected":false},"excerpt":{"rendered":"<p>&#8211; La escritora Isabel Allende esta muy preocupada por el futuro de Estados Unidos, el pa\u00eds donde vive, cuando hay voces que denuncian \u201cel posible&hellip;<\/p>\n","protected":false},"author":99,"featured_media":501203,"comment_status":"open","ping_status":"open","sticky":false,"template":"","format":"standard","meta":{"footnotes":""},"categories":[11358],"tags":[],"class_list":["post-501202","post","type-post","status-publish","format-standard","has-post-thumbnail","hentry","category-especiales"],"_links":{"self":[{"href":"https:\/\/diarioelpopular.com\/index.php\/wp-json\/wp\/v2\/posts\/501202","targetHints":{"allow":["GET"]}}],"collection":[{"href":"https:\/\/diarioelpopular.com\/index.php\/wp-json\/wp\/v2\/posts"}],"about":[{"href":"https:\/\/diarioelpopular.com\/index.php\/wp-json\/wp\/v2\/types\/post"}],"author":[{"embeddable":true,"href":"https:\/\/diarioelpopular.com\/index.php\/wp-json\/wp\/v2\/users\/99"}],"replies":[{"embeddable":true,"href":"https:\/\/diarioelpopular.com\/index.php\/wp-json\/wp\/v2\/comments?post=501202"}],"version-history":[{"count":1,"href":"https:\/\/diarioelpopular.com\/index.php\/wp-json\/wp\/v2\/posts\/501202\/revisions"}],"predecessor-version":[{"id":501204,"href":"https:\/\/diarioelpopular.com\/index.php\/wp-json\/wp\/v2\/posts\/501202\/revisions\/501204"}],"wp:featuredmedia":[{"embeddable":true,"href":"https:\/\/diarioelpopular.com\/index.php\/wp-json\/wp\/v2\/media\/501203"}],"wp:attachment":[{"href":"https:\/\/diarioelpopular.com\/index.php\/wp-json\/wp\/v2\/media?parent=501202"}],"wp:term":[{"taxonomy":"category","embeddable":true,"href":"https:\/\/diarioelpopular.com\/index.php\/wp-json\/wp\/v2\/categories?post=501202"},{"taxonomy":"post_tag","embeddable":true,"href":"https:\/\/diarioelpopular.com\/index.php\/wp-json\/wp\/v2\/tags?post=501202"}],"curies":[{"name":"wp","href":"https:\/\/api.w.org\/{rel}","templated":true}]}}