{"id":501222,"date":"2022-01-25T10:25:39","date_gmt":"2022-01-25T14:25:39","guid":{"rendered":"https:\/\/diarioelpopular.com\/?p=501222"},"modified":"2022-01-25T10:25:39","modified_gmt":"2022-01-25T14:25:39","slug":"mexico-se-acentuan-operativos-contra-traficantes","status":"publish","type":"post","link":"https:\/\/diarioelpopular.com\/index.php\/2022\/01\/25\/mexico-se-acentuan-operativos-contra-traficantes\/","title":{"rendered":"M\u00e9xico: Se acent\u00faan operativos contra &#8220;traficantes&#8221;"},"content":{"rendered":"<div id=\"attachment_501223\" style=\"width: 646px\" class=\"wp-caption alignnone\"><img loading=\"lazy\" decoding=\"async\" aria-describedby=\"caption-attachment-501223\" class=\"size-custom-full-size wp-image-501223\" src=\"https:\/\/diarioelpopular.com\/wp-content\/uploads\/2022\/01\/1.bc2d55-636x475.jpg\" alt=\"\" width=\"636\" height=\"475\" srcset=\"https:\/\/diarioelpopular.com\/wp-content\/uploads\/2022\/01\/1.bc2d55-636x475.jpg 636w, https:\/\/diarioelpopular.com\/wp-content\/uploads\/2022\/01\/1.bc2d55-300x224.jpg 300w, https:\/\/diarioelpopular.com\/wp-content\/uploads\/2022\/01\/1.bc2d55-768x573.jpg 768w, https:\/\/diarioelpopular.com\/wp-content\/uploads\/2022\/01\/1.bc2d55-98x73.jpg 98w, https:\/\/diarioelpopular.com\/wp-content\/uploads\/2022\/01\/1.bc2d55.jpg 800w\" sizes=\"auto, (max-width: 636px) 100vw, 636px\" \/><p id=\"caption-attachment-501223\" class=\"wp-caption-text\"><em>Se acent\u00faan operativos contra &#8220;traficantes&#8221; (foto: Foto: Gentileza de la Defensor\u00eda del Pueblo de Colombia)<\/em><\/p><\/div>\n<h4><em><strong>&#8211; En dos d\u00edas rescatan 3.000 personas en veh\u00edculos camuflados<\/strong><\/em><\/h4>\n<p><em><strong>CIUDAD DE MEXICO, 25 EN &#8211;<\/strong> <\/em>La migraci\u00f3n for\u00e1nea en M\u00e9xico fluye sin cesar en este pa\u00eds, donde en s\u00f3lo dos d\u00edas fueron rescatados 3000 personas sin documentos que eran trasladadas a bordo de veh\u00edculos camuflados como ambulancias o camiones pertenecientes a organismos oficiales.<br \/>\nEl pasado s\u00e1bado, la Guardia Nacional intercept\u00f3 una ambulancia con la leyenda IMSS (Instituto Mexicano del Seguro Social) despu\u00e9s de que el conductor se neg\u00f3 a detenerse en un puesto de revisi\u00f3n en Jalapa de Marqu\u00e9s, estado sure\u00f1o de Oaxaca.<br \/>\nCuando los agentes le dieron alcance, hallaron dentro apretujados a 28 migrantes nicarag\u00fcenses, en su mayor\u00eda mujeres.<br \/>\n&#8220;Traficantes de personas est\u00e1n utilizando veh\u00edculos clonados con logos oficiales para evadir las revisiones&#8221;, se\u00f1al\u00f3 el Instituto Nacional de Migraci\u00f3n (INM).<br \/>\nOtras 388 personas fueron &#8220;liberadas&#8221; en dos acciones desplegadas por autoridades en el estado de Veracruz, en las costas del Golfo de M\u00e9xico.<br \/>\nEn uno de los casos, 54 personas viajaban en un pullman en la ciudad de Acayucan y 334 en un cami\u00f3n porta remolques en la de Alvarado, en la que iban 319 personas que hab\u00edan partido de Tapachula, estado de Chiapas, l\u00edmites con Guatemala y se dirig\u00edan a la frontera con Estados Unidos.<br \/>\nEn la ruta que une a la ciudad de Matehuala, estado c\u00e9ntrico de San Luis Potos\u00ed, con la norte\u00f1a ciudad de Monterrey, fueron halladas 65 personas dentro de una &#8220;caja seca&#8221; de un cami\u00f3n.<br \/>\nEn La Venta, estado meridional de Tabasco, 16 personas estaban ocultas en la cabina de otro cami\u00f3n de carga.<br \/>\nEl INM se\u00f1al\u00f3 que realiza una revisi\u00f3n intensa en todas las carreteras del pa\u00eds que forman parte de las rutas migratorias hacia Estados Unidos, con apoyo del Ej\u00e9rcito, la Marina y la Guardia Nacional, para frenar la impetuosa avalancha migratoria que ha cobrado nuevo auge desde la llegada del presidente Joe Biden al poder hace un a\u00f1o.<br \/>\nHasta octubre pasado, se registraron 108.195 solicitudes de asilo a M\u00e9xico, que representan un nuevo m\u00e1ximo hist\u00f3rico, de acuerdo con la Comisi\u00f3n Mexicana de Ayuda al Refugiado (Comar), lo que representa el triple respecto al mismo per\u00edodo de 2020.<br \/>\nLa cifra supera en 80% los 171.210 migrantes que buscaron la condici\u00f3n de refugiados en M\u00e9xico a lo largo de la gesti\u00f3n pasada, del presidente Enrique Pe\u00f1a Nieto (2013-2018).<br \/>\nHait\u00ed encabeza la lista de las naciones de origen de los solicitantes, con 37.849 peticiones hasta octubre (35% del total), seguido de Honduras (33.578, (33%), y Cuba (7.915, menos del 10%).<br \/>\nEn seguida se ubican El Salvador (5.433), Chile (5.294), Venezuela (5.113), Guatemala (3.799), Nicaragua (2.655), Brasil (2.499) y Colombia (1.046).<br \/>\nEn el caso de Chile y Brasil la mayor\u00eda son hijos de haitianos que vivieron en esos pa\u00edses antes de llegar a M\u00e9xico, seg\u00fan fuentes gubernamentales.<br \/>\nLos expertos atribuyen este aumento incesante y exponencial de migrantes a la severa crisis econ\u00f3mica que golpea a la regi\u00f3n Centroamericana y a varios pa\u00edses de Am\u00e9rica del Sur, como Venezuela y del Caribe, como Cuba.<br \/>\nAdem\u00e1s, est\u00e1 la situaci\u00f3n de inestabilidad pol\u00edtica y anarqu\u00eda que se vive en Hait\u00ed, donde los especialistas estiman que crece el &#8220;vac\u00edo de poder&#8221;.<br \/>\nEntre noviembre de 2020 y octubre de 2021, la Oficina de Aduanas y Protecci\u00f3n Fronteriza (CBP, siglas en ingl\u00e9s) report\u00f3 un r\u00e9cord de m\u00e1s de 1,7 millones de detenciones de migrantes originarios de M\u00e9xico, el triple de los ocurridos entre 2012 y 2020.<br \/>\nTodas las caravanas que se han formado en las \u00faltimas semanas en M\u00e9xico en un intento por llegar a Estados Unidos en forma ordenada han sido bloqueadas por la Guardia Nacional, que despleg\u00f3 m\u00e1s de 20.000 elementos en la zona sur del pa\u00eds.<br \/>\nEl gobierno del presidente Andr\u00e9s Manuel L\u00f3pez Obrador ha sido acusado por organizaciones de defensa de los derechos humanos de &#8220;hacer el trabajo sucio a Estados Unidos&#8221;, que adem\u00e1s debi\u00f3 de reinstaurar despu\u00e9s de unos 6 meses de suprimirlo, el programa llamado &#8220;Qu\u00e9date en M\u00e9xico&#8221;.<br \/>\nEste plan obliga a decenas de miles de migrantes que hab\u00edan ingresado a Estados Unidos en busca de asilo, regresar a ciudades fronterizas mexicanas para aguardar una respuesta a sus solicitudes.<\/p>\n","protected":false},"excerpt":{"rendered":"<p>&#8211; En dos d\u00edas rescatan 3.000 personas en veh\u00edculos camuflados CIUDAD DE MEXICO, 25 EN &#8211; La migraci\u00f3n for\u00e1nea en M\u00e9xico fluye sin cesar en&hellip;<\/p>\n","protected":false},"author":99,"featured_media":501223,"comment_status":"open","ping_status":"open","sticky":false,"template":"","format":"standard","meta":{"footnotes":""},"categories":[23],"tags":[],"class_list":["post-501222","post","type-post","status-publish","format-standard","has-post-thumbnail","hentry","category-latinoamerica"],"_links":{"self":[{"href":"https:\/\/diarioelpopular.com\/index.php\/wp-json\/wp\/v2\/posts\/501222","targetHints":{"allow":["GET"]}}],"collection":[{"href":"https:\/\/diarioelpopular.com\/index.php\/wp-json\/wp\/v2\/posts"}],"about":[{"href":"https:\/\/diarioelpopular.com\/index.php\/wp-json\/wp\/v2\/types\/post"}],"author":[{"embeddable":true,"href":"https:\/\/diarioelpopular.com\/index.php\/wp-json\/wp\/v2\/users\/99"}],"replies":[{"embeddable":true,"href":"https:\/\/diarioelpopular.com\/index.php\/wp-json\/wp\/v2\/comments?post=501222"}],"version-history":[{"count":1,"href":"https:\/\/diarioelpopular.com\/index.php\/wp-json\/wp\/v2\/posts\/501222\/revisions"}],"predecessor-version":[{"id":501224,"href":"https:\/\/diarioelpopular.com\/index.php\/wp-json\/wp\/v2\/posts\/501222\/revisions\/501224"}],"wp:featuredmedia":[{"embeddable":true,"href":"https:\/\/diarioelpopular.com\/index.php\/wp-json\/wp\/v2\/media\/501223"}],"wp:attachment":[{"href":"https:\/\/diarioelpopular.com\/index.php\/wp-json\/wp\/v2\/media?parent=501222"}],"wp:term":[{"taxonomy":"category","embeddable":true,"href":"https:\/\/diarioelpopular.com\/index.php\/wp-json\/wp\/v2\/categories?post=501222"},{"taxonomy":"post_tag","embeddable":true,"href":"https:\/\/diarioelpopular.com\/index.php\/wp-json\/wp\/v2\/tags?post=501222"}],"curies":[{"name":"wp","href":"https:\/\/api.w.org\/{rel}","templated":true}]}}