{"id":501234,"date":"2022-01-26T11:15:10","date_gmt":"2022-01-26T15:15:10","guid":{"rendered":"https:\/\/diarioelpopular.com\/?p=501234"},"modified":"2022-01-26T11:15:10","modified_gmt":"2022-01-26T15:15:10","slug":"turistas-evacuados-de-machu-picchu","status":"publish","type":"post","link":"https:\/\/diarioelpopular.com\/index.php\/2022\/01\/26\/turistas-evacuados-de-machu-picchu\/","title":{"rendered":"Turistas evacuados de Machu Picchu"},"content":{"rendered":"<div id=\"attachment_501236\" style=\"width: 646px\" class=\"wp-caption alignnone\"><img loading=\"lazy\" decoding=\"async\" aria-describedby=\"caption-attachment-501236\" class=\"size-custom-full-size wp-image-501236\" src=\"https:\/\/diarioelpopular.com\/wp-content\/uploads\/2022\/01\/1.84b6979-636x477.jpg\" alt=\"\" width=\"636\" height=\"477\" srcset=\"https:\/\/diarioelpopular.com\/wp-content\/uploads\/2022\/01\/1.84b6979-636x477.jpg 636w, https:\/\/diarioelpopular.com\/wp-content\/uploads\/2022\/01\/1.84b6979-300x225.jpg 300w, https:\/\/diarioelpopular.com\/wp-content\/uploads\/2022\/01\/1.84b6979-768x576.jpg 768w, https:\/\/diarioelpopular.com\/wp-content\/uploads\/2022\/01\/1.84b6979-97x73.jpg 97w, https:\/\/diarioelpopular.com\/wp-content\/uploads\/2022\/01\/1.84b6979.jpg 800w\" sizes=\"auto, (max-width: 636px) 100vw, 636px\" \/><p id=\"caption-attachment-501236\" class=\"wp-caption-text\"><em>Vista de las intensas lluvias en el \u00e1rea de Machu Picchu (foto: EPA)<\/em><\/p><\/div>\n<h4><em><strong>&#8211; Por las fuertes lluvias quedaron bloqueados en la fortaleza Inca<\/strong><\/em><\/h4>\n<p><em><strong>LIMA, 26 EN &#8211;<\/strong><\/em> Al menos 900 personas fueron evacuadas de la ciudad tur\u00edstica de Machu Picchu, la fortaleza inca que se erige en los Andes peruanos, debido a las fuertes lluvias e inundaciones que destruyeron varias casas y una persona est\u00e1 desaparecida.<br \/>\nLo inform\u00f3 el ministerio de Turismo peruano.<br \/>\n&#8220;Hasta el momento, en coordinaci\u00f3n con las empresas Inka Rail y Peru Rail, 889 turistas que quedaron bloqueados por el desbordamiento del r\u00edo Alccamayo el pasado viernes en la madrugada fueron trasladados de Machu Picchu Pueblo a Ollantaytambo&#8221;, inform\u00f3 esa cartera en un comunicado.<br \/>\nLas fuertes lluvias en Machu Picchu Pueblo provocaron inundaciones el viernes pasado cuando el r\u00edo Alccamayo, que atraviesa la ciudad, se desbord\u00f3.<br \/>\nUna persona result\u00f3 herida y otra desaparecida, y varios edificios, as\u00ed como la v\u00eda f\u00e9rrea, sufrieron da\u00f1os estructurales por el aumento del agua.<br \/>\nEl lunes, los agricultores tambi\u00e9n cortaron el acceso a las localidades vecinas, quienes protestaron por el aumento de los precios de los fertilizantes y pidieron la renuncia del ministro de Agricultura, informaron medios locales.<br \/>\nLa protesta adem\u00e1s incluy\u00f3 el cierre de la v\u00eda f\u00e9rrea a Machu Picchu que se utiliz\u00f3 en la emergencia provocada por las lluvias.<br \/>\nEl ferrocarril es el principal medio de acceso a la ciudadela Inca desde Cusco, la antigua capital del imperio Inca, as\u00ed como a otras localidades.<br \/>\nDebido a los da\u00f1os en las v\u00edas provocados por las lluvias, el enlace ferroviario ya hab\u00eda sido suspendido para los servicios tur\u00edsticos hasta el 27 de enero.<\/p>\n","protected":false},"excerpt":{"rendered":"<p>&#8211; Por las fuertes lluvias quedaron bloqueados en la fortaleza Inca LIMA, 26 EN &#8211; Al menos 900 personas fueron evacuadas de la ciudad tur\u00edstica&hellip;<\/p>\n","protected":false},"author":99,"featured_media":501236,"comment_status":"open","ping_status":"open","sticky":false,"template":"","format":"standard","meta":{"footnotes":""},"categories":[23],"tags":[],"class_list":["post-501234","post","type-post","status-publish","format-standard","has-post-thumbnail","hentry","category-latinoamerica"],"_links":{"self":[{"href":"https:\/\/diarioelpopular.com\/index.php\/wp-json\/wp\/v2\/posts\/501234","targetHints":{"allow":["GET"]}}],"collection":[{"href":"https:\/\/diarioelpopular.com\/index.php\/wp-json\/wp\/v2\/posts"}],"about":[{"href":"https:\/\/diarioelpopular.com\/index.php\/wp-json\/wp\/v2\/types\/post"}],"author":[{"embeddable":true,"href":"https:\/\/diarioelpopular.com\/index.php\/wp-json\/wp\/v2\/users\/99"}],"replies":[{"embeddable":true,"href":"https:\/\/diarioelpopular.com\/index.php\/wp-json\/wp\/v2\/comments?post=501234"}],"version-history":[{"count":1,"href":"https:\/\/diarioelpopular.com\/index.php\/wp-json\/wp\/v2\/posts\/501234\/revisions"}],"predecessor-version":[{"id":501237,"href":"https:\/\/diarioelpopular.com\/index.php\/wp-json\/wp\/v2\/posts\/501234\/revisions\/501237"}],"wp:featuredmedia":[{"embeddable":true,"href":"https:\/\/diarioelpopular.com\/index.php\/wp-json\/wp\/v2\/media\/501236"}],"wp:attachment":[{"href":"https:\/\/diarioelpopular.com\/index.php\/wp-json\/wp\/v2\/media?parent=501234"}],"wp:term":[{"taxonomy":"category","embeddable":true,"href":"https:\/\/diarioelpopular.com\/index.php\/wp-json\/wp\/v2\/categories?post=501234"},{"taxonomy":"post_tag","embeddable":true,"href":"https:\/\/diarioelpopular.com\/index.php\/wp-json\/wp\/v2\/tags?post=501234"}],"curies":[{"name":"wp","href":"https:\/\/api.w.org\/{rel}","templated":true}]}}