{"id":501252,"date":"2022-01-27T12:38:28","date_gmt":"2022-01-27T16:38:28","guid":{"rendered":"https:\/\/diarioelpopular.com\/?p=501252"},"modified":"2022-01-27T12:38:28","modified_gmt":"2022-01-27T16:38:28","slug":"la-minoria-marginal-en-un-convoy-de-camiones-con-puntos-de-vista-inaceptables-no-representa-a-los-canadienses-trudeau","status":"publish","type":"post","link":"https:\/\/diarioelpopular.com\/index.php\/2022\/01\/27\/la-minoria-marginal-en-un-convoy-de-camiones-con-puntos-de-vista-inaceptables-no-representa-a-los-canadienses-trudeau\/","title":{"rendered":"La &#8216;minor\u00eda marginal&#8217; en un convoy de camiones con &#8216;puntos de vista inaceptables&#8217; no representa a los canadienses: Trudeau"},"content":{"rendered":"<p><img loading=\"lazy\" decoding=\"async\" class=\"alignnone size-custom-full-size wp-image-501253\" src=\"https:\/\/diarioelpopular.com\/wp-content\/uploads\/2022\/01\/1.6ejpeg-636x398.jpg\" alt=\"\" width=\"636\" height=\"398\" srcset=\"https:\/\/diarioelpopular.com\/wp-content\/uploads\/2022\/01\/1.6ejpeg-636x398.jpg 636w, https:\/\/diarioelpopular.com\/wp-content\/uploads\/2022\/01\/1.6ejpeg-300x188.jpg 300w, https:\/\/diarioelpopular.com\/wp-content\/uploads\/2022\/01\/1.6ejpeg-768x481.jpg 768w, https:\/\/diarioelpopular.com\/wp-content\/uploads\/2022\/01\/1.6ejpeg-117x73.jpg 117w, https:\/\/diarioelpopular.com\/wp-content\/uploads\/2022\/01\/1.6ejpeg.jpg 800w\" sizes=\"auto, (max-width: 636px) 100vw, 636px\" \/><\/p>\n<h4><em><strong>&#8211; El primer ministro Justin Trudeau dijo que la &#8220;minor\u00eda marginal&#8221; que se dirige a Ottawa en un convoy de camiones que tiene &#8220;puntos de vista inaceptables&#8221; no representa la forma en que se siente la mayor\u00eda de los canadienses.<\/strong><\/em><\/h4>\n<h4><em><strong>&#8211; 3.645 personas en hospitales de Ontario con COVID, 599 en cuidados intensivos<\/strong><\/em><\/h4>\n<p>&nbsp;<\/p>\n<p><em><strong>OTTAWA.-<\/strong><\/em> Hizo los comentarios en una conferencia de prensa este mi\u00e9rcoles por la noche, inmediatamente despu\u00e9s de los informes de Global News de que los grupos nacionalistas blancos y de extrema derecha ven el convoy como una oportunidad.<\/p>\n<p>Los organizadores del convoy de camiones insistieron en que estas voces extremistas no representan la posici\u00f3n de los manifestantes.<\/p>\n<p>\u201cLa peque\u00f1a minor\u00eda marginal de personas que se dirigen a Ottawa, que tienen opiniones inaceptables que expresan, no representan las opiniones de los canadienses\u201d, dijo Trudeau.<\/p>\n<p>\u201c(Canadienses) que han estado ah\u00ed el uno para el otro, que saben que seguir la ciencia y dar un paso al frente para protegerse unos a otros es la mejor manera de continuar asegurando nuestras libertades, nuestros derechos, nuestros valores como pa\u00eds\u201d.<\/p>\n<p>Agreg\u00f3 que \u201ccerca del 90 por ciento\u201d de los camioneros en Canad\u00e1 \u201cest\u00e1n vacunados\u201d.<\/p>\n<p>Tamara Lich, organizadora del convoy de camiones, dijo en un video publicado en la p\u00e1gina de Facebook del convoy que las voces m\u00e1s extremas del movimiento no reflejan la posici\u00f3n de los manifestantes.<\/p>\n<p>\u201cComo saben, nos dirigimos a Ottawa para realizar una protesta pac\u00edfica. Solo quiero dejar claro que nadie en este convoy incitar\u00e1 a la violencia ni proferir\u00e1 amenazas. Eso no es lo que estamos aqu\u00ed para hacer\u201d, dijo Lich en el video.<\/p>\n<p>\u201cSi ve a alguien tratando de asociarse con nosotros que est\u00e1 actuando de esa manera, debe obtener el n\u00famero de su cami\u00f3n y su placa e informarlo a la polic\u00eda y envi\u00e1rnoslo y lo informaremos a la polic\u00eda. Ese no es nuestro mandato. La violencia y las amenazas no es nuestro mandato\u201d.<\/p>\n<p>El convoy comenz\u00f3 inicialmente con un enfoque en los mandatos de vacunas opuestos, especialmente el dirigido a los camioneros. El gobierno anunci\u00f3 en noviembre de 2021 que todos los camioneros canadienses que buscan cruzar la frontera desde los Estados Unidos deber\u00e1n vacunarse para evitar una cuarentena de 14 d\u00edas. Estados Unidos tambi\u00e9n instituy\u00f3 su propia prohibici\u00f3n a los camioneros no vacunados el s\u00e1bado, una semana despu\u00e9s de que Canad\u00e1 implementara su pol\u00edtica.<\/p>\n<p>Cuando la pol\u00edtica de vacunaci\u00f3n canadiense entr\u00f3 en vigor el 15 de enero, muchos camioneros y pol\u00edticos se pronunciaron en contra del mandato, y poco m\u00e1s de una semana despu\u00e9s, el 23 de enero, los camioneros salieron a la carretera en protesta.<\/p>\n<p>En una publicaci\u00f3n de la p\u00e1gina de Facebook de Freedom Convoy 2022, la organizaci\u00f3n dijo que el convoy de camiones tiene \u201cmandatos antigubernamentales\u201d, explicando que se oponen a cualquier mandato de vacunaci\u00f3n, no solo al de los camioneros. Ese mensaje, sin embargo, se ha enturbiado a medida que crece el movimiento.<\/p>\n<p>Uno de los grupos asociados con el evento, Canada Unity, ha producido un &#8220;memorando de entendimiento&#8221; pseudo-legalista que planean presentar a la gobernadora general Mary Simon y al Senado, que creen err\u00f3neamente que obligar\u00eda al gobierno a rescindir el COVID-19. 19 medidas de salud p\u00fablica, u obligar al gobierno a dimitir en masa.<\/p>\n<p>En el chat Zello de los manifestantes, que es una aplicaci\u00f3n de walkie-talkie, muchos simpatizantes expresaron su esperanza de que su protesta resulte en el fin de los mandatos de vacunaci\u00f3n y otras medidas de salud p\u00fablica. Pero a pesar de las promesas de protesta pac\u00edfica de los organizadores, los moderadores a veces ten\u00edan que controlar los comentarios m\u00e1s violentos.<\/p>\n<p>\u201cEn todo caso, deber\u00edamos agarrar a Trudeau por el g-mn cuello y patearlo por lo que ha hecho\u201d, dijo un usuario, a quien varios otros le recordaron de inmediato que mantuviera las cosas \u201cpac\u00edficas\u201d.<\/p>\n<p>Un partidario, descrito por los activistas contra el odio como un vlogger de extrema derecha, dijo en un video reciente de YouTube que &#8220;le gustar\u00eda ver nuestro propio evento del 6 de enero&#8230; Vea a algunos de esos camioneros atravesar esa pared de 16 pies\u201d.<\/p>\n<p>Pero los organizadores est\u00e1n rechazando a cualquiera que se desv\u00ede de su mensaje, que es mantener la protesta pac\u00edfica.<\/p>\n<p>\u201cSe trata de sus derechos y libertades, y no estamos aqu\u00ed para ser violentos ni nada por el estilo\u201d, dijo Lich.<\/p>\n<p>\u201cEsa no es nuestra misi\u00f3n. Ese no es nuestro mandato\u201d.<\/p>\n<p>En declaraciones a los periodistas el martes, el ministro de Transporte, Omar Alghabra, dijo que \u201cla protesta es un elemento esencial de la democracia\u201d.<\/p>\n<p>\u201cLa gente tiene derecho a protestar. Tiene que ser pac\u00edfico, tiene que ser respetuoso\u201d, dijo.<\/p>\n<p>\u201cTengo esperanzas y conf\u00edo en que los manifestantes respetar\u00e1n nuestras leyes. Despu\u00e9s de todo, est\u00e1n abogando por el estado de derecho y la ley y el orden\u201d.<\/p>\n<p>Alghabra agreg\u00f3 que los \u201casuntos de seguridad\u201d se dejan a los \u201cagentes de seguridad\u201d.<\/p>\n<p>Seg\u00fan la polic\u00eda de Ottawa, los organizadores de la manifestaci\u00f3n les dijeron que la protesta del s\u00e1bado ser\u00e1 \u201cun evento significativo y extremadamente fluido\u201d que podr\u00eda continuar \u201cpor un per\u00edodo prolongado\u201d.<\/p>\n<p>\u201cEstamos planificando una variedad de riesgos potenciales, que incluyen, entre otros, contramanifestaciones, bloqueo de intersecciones, interferencia con infraestructuras cr\u00edticas y actividades ilegales y violentas\u201d, dijo la subjefa de polic\u00eda interina de Ottawa, Trish Ferguson.<\/p>\n<p>Agreg\u00f3 que los residentes deben \u201cevitar viajar en el centro de la ciudad, si es posible\u201d.<\/p>\n<p>Se espera que la manifestaci\u00f3n comience este s\u00e1bado al mediod\u00eda.<\/p>\n<p>&nbsp;<\/p>\n<h4><em><strong>3.645 personas en hospitales de Ontario con COVID, 599 en cuidados intensivos<\/strong><\/em><\/h4>\n<p>Ontario informa este jueves 3645 personas en el hospital con COVID, con 599 en unidades de cuidados intensivos.<\/p>\n<p>Esto representa una reducci\u00f3n de 371 hospitalizaciones y una disminuci\u00f3n de nueve en UCI desde el d\u00eda anterior.<\/p>\n<p>La provincia recientemente comenz\u00f3 a distinguir entre aquellos que ingresaron al hospital directamente debido a COVID y aquellos que ingresaron por otras razones pero dieron positivo por el virus.<\/p>\n<p>De las 3.645 personas en el hospital con COVID-19, el 56 por ciento de ellas fueron ingresadas a causa del virus, mientras que el 44 por ciento fueron ingresadas por otras razones pero dieron positivo por COVID-19.<\/p>\n<p>De las 599 personas en UCI con el virus, alrededor del 82 por ciento fueron ingresadas por COVID, mientras que alrededor del 18 por ciento fueron ingresadas por otras razones.<\/p>\n<p>Casos de COVID de Ontario, muertes, vacunas, recuperaciones, pruebas<br \/>\nMientras tanto, Ontario tambi\u00e9n inform\u00f3 el jueves 5852 nuevos casos de COVID-19 confirmados por laboratorio, aunque eso es una subestimaci\u00f3n de la verdadera transmisi\u00f3n generalizada del virus debido a las restricciones de prueba recientes. El total de casos provinciales ahora es de 1.016.099.<\/p>\n<p>De los 5852 nuevos casos registrados, los datos mostraron que 960 eran personas no vacunadas, 236 eran personas parcialmente vacunadas y 4004 eran personas completamente vacunadas. Para 652 personas se desconoc\u00eda el estado de vacunaci\u00f3n.<\/p>\n<p>El n\u00famero de muertes en la provincia aument\u00f3 a 11.230 a medida que se agregaron 70 muertes m\u00e1s relacionadas con el virus.<\/p>\n<p>Un portavoz del Ministerio de Salud de Ontario dijo que las 70 muertes ocurrieron en los \u00faltimos 19 d\u00edas.<\/p>\n<p>\u201cDe estas, seis muertes ocurrieron ayer, 11 muertes ocurrieron el 25 de enero, nueve muertes ocurrieron el 24 de enero y el resto ocurri\u00f3 en los d\u00edas anteriores\u201d, dijo el vocero.<\/p>\n<p>\u201cSi bien esto no cambiar\u00e1 el hecho de que estas personas perdieron tr\u00e1gicamente la vida, es importante ser transparente y brindarle al p\u00fablico todo el contexto que podamos\u201d.<\/p>\n<p>Hay un total de 950.795 recuperaciones, que es alrededor del 94 por ciento de los casos conocidos. Los casos resueltos aumentaron en 8.637 respecto al d\u00eda anterior.<\/p>\n<p>En cuanto a las vacunas, de la poblaci\u00f3n de 12 a\u00f1os o m\u00e1s, el 89,1 % est\u00e1 completamente vacunado. La cobertura de la primera dosis se sit\u00faa en el 91,7%. La inmunizaci\u00f3n de la tercera dosis es del 48 por ciento: m\u00e1s de 6,2 millones de habitantes de Ontario han recibido una vacuna de refuerzo.<\/p>\n<p>Para los ni\u00f1os peque\u00f1os de 5 a 11 a\u00f1os, la cobertura de la primera dosis es del 52,7 % y el 13,2 % ya est\u00e1 completamente vacunado.<\/p>\n<p>La provincia administr\u00f3 79.322 dosis en la \u00faltima jornada.<\/p>\n<p>El gobierno dijo que se procesaron 33.560 pruebas en las 24 horas anteriores. Hay 17,276 pruebas actualmente bajo investigaci\u00f3n.<\/p>\n<p>La tasa de positividad de la prueba es del 14,1 por ciento.<\/p>\n<p>Casos, muertes y brotes en hogares de cuidado a largo plazo de Ontario<br \/>\nSeg\u00fan el Ministerio de Atenci\u00f3n a Largo Plazo de Ontario, se han informado 4035 muertes entre residentes y pacientes en hogares de atenci\u00f3n a largo plazo en todo Ontario, lo que representa un aumento de 26 muertes desde el d\u00eda anterior. Se han informado trece muertes relacionadas con el virus en total entre el personal.<\/p>\n<p>Hay 351 brotes actuales en los hogares, ocho menos que el d\u00eda anterior.<\/p>\n<p>El ministerio tambi\u00e9n indic\u00f3 que actualmente hay 2661 casos activos entre los residentes de cuidados a largo plazo y 3269 casos activos entre el personal, 61 y 325 menos, respectivamente, en el \u00faltimo d\u00eda.<\/p>\n","protected":false},"excerpt":{"rendered":"<p>&#8211; El primer ministro Justin Trudeau dijo que la &#8220;minor\u00eda marginal&#8221; que se dirige a Ottawa en un convoy de camiones que tiene &#8220;puntos de&hellip;<\/p>\n","protected":false},"author":99,"featured_media":501253,"comment_status":"open","ping_status":"open","sticky":false,"template":"","format":"standard","meta":{"footnotes":""},"categories":[21,11191],"tags":[],"class_list":["post-501252","post","type-post","status-publish","format-standard","has-post-thumbnail","hentry","category-canada","category-top-news"],"_links":{"self":[{"href":"https:\/\/diarioelpopular.com\/index.php\/wp-json\/wp\/v2\/posts\/501252","targetHints":{"allow":["GET"]}}],"collection":[{"href":"https:\/\/diarioelpopular.com\/index.php\/wp-json\/wp\/v2\/posts"}],"about":[{"href":"https:\/\/diarioelpopular.com\/index.php\/wp-json\/wp\/v2\/types\/post"}],"author":[{"embeddable":true,"href":"https:\/\/diarioelpopular.com\/index.php\/wp-json\/wp\/v2\/users\/99"}],"replies":[{"embeddable":true,"href":"https:\/\/diarioelpopular.com\/index.php\/wp-json\/wp\/v2\/comments?post=501252"}],"version-history":[{"count":1,"href":"https:\/\/diarioelpopular.com\/index.php\/wp-json\/wp\/v2\/posts\/501252\/revisions"}],"predecessor-version":[{"id":501254,"href":"https:\/\/diarioelpopular.com\/index.php\/wp-json\/wp\/v2\/posts\/501252\/revisions\/501254"}],"wp:featuredmedia":[{"embeddable":true,"href":"https:\/\/diarioelpopular.com\/index.php\/wp-json\/wp\/v2\/media\/501253"}],"wp:attachment":[{"href":"https:\/\/diarioelpopular.com\/index.php\/wp-json\/wp\/v2\/media?parent=501252"}],"wp:term":[{"taxonomy":"category","embeddable":true,"href":"https:\/\/diarioelpopular.com\/index.php\/wp-json\/wp\/v2\/categories?post=501252"},{"taxonomy":"post_tag","embeddable":true,"href":"https:\/\/diarioelpopular.com\/index.php\/wp-json\/wp\/v2\/tags?post=501252"}],"curies":[{"name":"wp","href":"https:\/\/api.w.org\/{rel}","templated":true}]}}