{"id":501282,"date":"2022-01-28T11:27:02","date_gmt":"2022-01-28T15:27:02","guid":{"rendered":"https:\/\/diarioelpopular.com\/?p=501282"},"modified":"2022-01-28T11:27:02","modified_gmt":"2022-01-28T15:27:02","slug":"argentina-llego-a-acuerdo-con-el-fmi","status":"publish","type":"post","link":"https:\/\/diarioelpopular.com\/index.php\/2022\/01\/28\/argentina-llego-a-acuerdo-con-el-fmi\/","title":{"rendered":"Argentina lleg\u00f3 a acuerdo con el FMI"},"content":{"rendered":"<div id=\"attachment_501283\" style=\"width: 646px\" class=\"wp-caption alignnone\"><img loading=\"lazy\" decoding=\"async\" aria-describedby=\"caption-attachment-501283\" class=\"size-custom-full-size wp-image-501283\" src=\"https:\/\/diarioelpopular.com\/wp-content\/uploads\/2022\/01\/1.c4b3fe-636x437.jpg\" alt=\"\" width=\"636\" height=\"437\" srcset=\"https:\/\/diarioelpopular.com\/wp-content\/uploads\/2022\/01\/1.c4b3fe-636x437.jpg 636w, https:\/\/diarioelpopular.com\/wp-content\/uploads\/2022\/01\/1.c4b3fe-300x206.jpg 300w, https:\/\/diarioelpopular.com\/wp-content\/uploads\/2022\/01\/1.c4b3fe-768x528.jpg 768w, https:\/\/diarioelpopular.com\/wp-content\/uploads\/2022\/01\/1.c4b3fe-80x55.jpg 80w, https:\/\/diarioelpopular.com\/wp-content\/uploads\/2022\/01\/1.c4b3fe-106x73.jpg 106w, https:\/\/diarioelpopular.com\/wp-content\/uploads\/2022\/01\/1.c4b3fe.jpg 800w\" sizes=\"auto, (max-width: 636px) 100vw, 636px\" \/><p id=\"caption-attachment-501283\" class=\"wp-caption-text\"><em>El presidente de Argentina, Alberto Fern\u00e1ndez<\/em><\/p><\/div>\n<p><em><strong>BUENOS AIRES 28 ENE &#8211;<\/strong><\/em> &#8220;Argentina ha llegado a un acuerdo con el Fondo Monetario Internacional&#8221;, anunci\u00f3 esta ma\u00f1ana el presidente argentino Alberto Fern\u00e1ndez en un mensaje al pa\u00eds.<br \/>\n&#8220;Ten\u00edamos una deuda impagable y tenemos un acuerdo razonable&#8221;, agreg\u00f3 Fern\u00e1ndez en un mensaje al pa\u00eds grabado en la residencia presidencial de Olivos.<br \/>\n&#8220;Sufrimos un problema y ahora tenemos una soluci\u00f3n con un acuerdo sin restricciones&#8221;, destac\u00f3 el mandatario.<br \/>\nFern\u00e1ndez puso especial \u00e9nfasis en destacar que la Argentina tiene que &#8220;crecer para poder pagar&#8221;, una posici\u00f3n que se mantuvo desde el comienzo de las negociaciones con el FMI. &#8220;El acuerdo no nos condiciona&#8221;.<br \/>\nEl mandatario ratific\u00f3 que este acuerdo con el Fondo Monetario Internacional &#8220;pasar\u00e1 por el Congreso de la Naci\u00f3n&#8221;.<br \/>\n&#8220;Cada uno deber\u00e1 tener que rendir cuentas ante la historia&#8221;, agreg\u00f3. &#8220;Este acuerdo no contempla restricciones que posterguen nuestro desarrollo, sino que promueve la inversi\u00f3n en obra p\u00fablica. Tampoco nos impone llegar a un d\u00e9ficit cero, remarc\u00f3.<\/p>\n<p>Fern\u00e1ndez asegur\u00f3 que el acuerdo &#8220;no restringe, no limita ni condiciona, los derechos de nuestros jubilados que recuperamos en el a\u00f1o 2020. No nos obliga a una reforma laboral&#8221;. As\u00ed como &#8220;tampoco dispone saltos devaluatorios&#8221;.\u00a0&#8220;No impacta en los servicios p\u00fablicos, no relega nuestro gasto social y respeta nuestros planes de inversi\u00f3n en ciencia y tecnolog\u00eda&#8221;, ampli\u00f3.<\/p>\n<p>El presidente argentino tambi\u00e9n asever\u00ed que el entendimiento con el organismo permitir\u00e1 &#8220;acceder a nuevos financiamientos&#8221;.\u00a0&#8220;Este acuerdo no nos condiciona, podremos actuar ejerciendo nuestra soberan\u00eda y llevar adelante nuestras pol\u00edticas de crecimiento, desarrollo y justicia social. tenemos que crecer para poder pagar&#8221;, explic\u00f3.<\/p>\n<p>Fern\u00e1ndez mantuvo reuniones durante toda la jornada con el Ministro de Econom\u00eda, Mart\u00edn Guzm\u00e1n, y con el presidente de la C\u00e1mara de Diputados, Sergio Massa, para terminar de definir los t\u00e9rminos del pago y del acuerdo, detall\u00f3 el diario El Cronista.\u00a0El ministerio de Econom\u00eda mantuvo el hermetismo, con la definici\u00f3n en manos de la Casa Rosada sobre si se sacrifican reservas o se demora el pago hasta tener el acuerdo cerrado, con los incumplimientos como parte del paquete para acelerar el cierre de la negociaci\u00f3n.<\/p>\n<p>Argentina le pag\u00f3 al FMI el vencimiento de u$s731 millones que deb\u00eda abonar hoy, evitando as\u00ed el default y en el d\u00eda en que anunci\u00f3 un acuerdo con el organismo para afrontar la deuda de 44 mil millones asumida durante la gesti\u00f3n de Mauricio Macri en 2018. (<\/p>\n","protected":false},"excerpt":{"rendered":"<p>BUENOS AIRES 28 ENE &#8211; &#8220;Argentina ha llegado a un acuerdo con el Fondo Monetario Internacional&#8221;, anunci\u00f3 esta ma\u00f1ana el presidente argentino Alberto Fern\u00e1ndez en&hellip;<\/p>\n","protected":false},"author":99,"featured_media":501283,"comment_status":"open","ping_status":"open","sticky":false,"template":"","format":"standard","meta":{"footnotes":""},"categories":[23],"tags":[],"class_list":["post-501282","post","type-post","status-publish","format-standard","has-post-thumbnail","hentry","category-latinoamerica"],"_links":{"self":[{"href":"https:\/\/diarioelpopular.com\/index.php\/wp-json\/wp\/v2\/posts\/501282","targetHints":{"allow":["GET"]}}],"collection":[{"href":"https:\/\/diarioelpopular.com\/index.php\/wp-json\/wp\/v2\/posts"}],"about":[{"href":"https:\/\/diarioelpopular.com\/index.php\/wp-json\/wp\/v2\/types\/post"}],"author":[{"embeddable":true,"href":"https:\/\/diarioelpopular.com\/index.php\/wp-json\/wp\/v2\/users\/99"}],"replies":[{"embeddable":true,"href":"https:\/\/diarioelpopular.com\/index.php\/wp-json\/wp\/v2\/comments?post=501282"}],"version-history":[{"count":1,"href":"https:\/\/diarioelpopular.com\/index.php\/wp-json\/wp\/v2\/posts\/501282\/revisions"}],"predecessor-version":[{"id":501284,"href":"https:\/\/diarioelpopular.com\/index.php\/wp-json\/wp\/v2\/posts\/501282\/revisions\/501284"}],"wp:featuredmedia":[{"embeddable":true,"href":"https:\/\/diarioelpopular.com\/index.php\/wp-json\/wp\/v2\/media\/501283"}],"wp:attachment":[{"href":"https:\/\/diarioelpopular.com\/index.php\/wp-json\/wp\/v2\/media?parent=501282"}],"wp:term":[{"taxonomy":"category","embeddable":true,"href":"https:\/\/diarioelpopular.com\/index.php\/wp-json\/wp\/v2\/categories?post=501282"},{"taxonomy":"post_tag","embeddable":true,"href":"https:\/\/diarioelpopular.com\/index.php\/wp-json\/wp\/v2\/tags?post=501282"}],"curies":[{"name":"wp","href":"https:\/\/api.w.org\/{rel}","templated":true}]}}