{"id":501286,"date":"2022-01-28T11:30:01","date_gmt":"2022-01-28T15:30:01","guid":{"rendered":"https:\/\/diarioelpopular.com\/?p=501286"},"modified":"2022-01-28T11:30:01","modified_gmt":"2022-01-28T15:30:01","slug":"cifras-baten-todos-los-records-en-chile-24-037-casos","status":"publish","type":"post","link":"https:\/\/diarioelpopular.com\/index.php\/2022\/01\/28\/cifras-baten-todos-los-records-en-chile-24-037-casos\/","title":{"rendered":"Cifras baten todos los r\u00e9cords en Chile, 24.037 casos"},"content":{"rendered":"<div id=\"attachment_501287\" style=\"width: 646px\" class=\"wp-caption alignnone\"><img loading=\"lazy\" decoding=\"async\" aria-describedby=\"caption-attachment-501287\" class=\"size-custom-full-size wp-image-501287\" src=\"https:\/\/diarioelpopular.com\/wp-content\/uploads\/2022\/01\/1.705c99-636x424.jpg\" alt=\"\" width=\"636\" height=\"424\" srcset=\"https:\/\/diarioelpopular.com\/wp-content\/uploads\/2022\/01\/1.705c99-636x424.jpg 636w, https:\/\/diarioelpopular.com\/wp-content\/uploads\/2022\/01\/1.705c99-300x200.jpg 300w, https:\/\/diarioelpopular.com\/wp-content\/uploads\/2022\/01\/1.705c99-768x512.jpg 768w, https:\/\/diarioelpopular.com\/wp-content\/uploads\/2022\/01\/1.705c99-110x73.jpg 110w, https:\/\/diarioelpopular.com\/wp-content\/uploads\/2022\/01\/1.705c99.jpg 800w\" sizes=\"auto, (max-width: 636px) 100vw, 636px\" \/><p id=\"caption-attachment-501287\" class=\"wp-caption-text\"><em>Los casos activos de personas llegaron a 76.778<\/em><\/p><\/div>\n<h4><em><strong>&#8211; Aumento imparable en contagios, ex\u00e1menes y positividad<\/strong><\/em><\/h4>\n<p><em><strong>SANTIAGO DE CHILE, 28 EN &#8211;<\/strong> <\/em>Los contagios, la cantidad de ex\u00e1menes PCR y su alto porcentaje de positividad siguen en un incremento imparable en Chile de la mano de la presencia de la variante Omicron.<br \/>\nEn las \u00faltimas 24 horas se contabilizaron 24.037 casos, la mayor cifra desde inicios de la pandemia en Chile en marzo del 2020, y representa casi el doble que lo informada el jueves de la semana pasada (12.500 casos).<br \/>\nLos casos activos de personas llegaron a 76.778.<br \/>\nLos ex\u00e1menes realizados alcanzaron a 114.063 pruebas, cifra r\u00e9cord de la pandemia, con una positividad en las \u00faltimas 24 horas del 18,82% (11,69% hace siete d\u00edas), la m\u00e1s alta desde 8 de julio de 2020 (19,72%).<br \/>\nLas autoridades sanitarias informaron, asimismo, 47 decesos por Covid-19 lo que eleva el total nacional de defunciones a 39.594 con PCR confirmado.<br \/>\nSeg\u00fan el informe diario, hay 423 pacientes en las Unidades de Cuidado Intensivo por Covid-19 de los cuales 314 conectados a un ventilador mec\u00e1nico.<br \/>\nUn reciente informe por la pandemia revel\u00f3 que existe un incremento &#8220;explosivo&#8221; en la demanda por la realizaci\u00f3n de ex\u00e1menes diagn\u00f3stico de SARS-CoV-2, por lo que se llam\u00f3 a &#8220;priorizar&#8221; a personas con s\u00edntomas y en alerta Covid.<br \/>\n&#8220;Hace dos lunes atr\u00e1s analiz\u00e1bamos casi 67 mil ex\u00e1menes y este lunes llegamos a 96 mil ex\u00e1menes, lo que significa un aumento de 44% en solo 15 d\u00edas&#8221;, dijo la subsecretaria de Salud P\u00fablica, Mar\u00eda Teresa Valenzuela.<br \/>\nLa autoridad aclaro que existe en bodega un stock para continuar con la estrategia de testeo en el pa\u00eds.<br \/>\nReconoci\u00f3, sin embargo, que &#8220;se est\u00e1 evidenciando un problema a nivel mundial respecto a la demora en las entregas por parte de los laboratorios de los test de ant\u00edgenos lo que nos comenz\u00f3 a afectar debido a que los proveedores no est\u00e1n cumpliendo con las fechas de sus despachos&#8221;.<br \/>\n&#8220;Hemos realizado 21 \u00f3rdenes de compra por m\u00e1s de 5 millones de test entre PCR, ant\u00edgenos y kit de toma de muestra que a\u00fan no han sido recibidos&#8221;, detall\u00f3.<br \/>\nEn un nuevo esfuerzo por controlar el incremento de casos, el Ministerio de Salud anunci\u00f3 hoy que otras 64 comunas que registraron indicadores epidemiol\u00f3gicos deficientes retroceder\u00e1n a fases con mayores restricciones dentro del denominado plan paso a paso.<\/p>\n","protected":false},"excerpt":{"rendered":"<p>&#8211; Aumento imparable en contagios, ex\u00e1menes y positividad SANTIAGO DE CHILE, 28 EN &#8211; Los contagios, la cantidad de ex\u00e1menes PCR y su alto porcentaje&hellip;<\/p>\n","protected":false},"author":99,"featured_media":501287,"comment_status":"open","ping_status":"open","sticky":false,"template":"","format":"standard","meta":{"footnotes":""},"categories":[23],"tags":[],"class_list":["post-501286","post","type-post","status-publish","format-standard","has-post-thumbnail","hentry","category-latinoamerica"],"_links":{"self":[{"href":"https:\/\/diarioelpopular.com\/index.php\/wp-json\/wp\/v2\/posts\/501286","targetHints":{"allow":["GET"]}}],"collection":[{"href":"https:\/\/diarioelpopular.com\/index.php\/wp-json\/wp\/v2\/posts"}],"about":[{"href":"https:\/\/diarioelpopular.com\/index.php\/wp-json\/wp\/v2\/types\/post"}],"author":[{"embeddable":true,"href":"https:\/\/diarioelpopular.com\/index.php\/wp-json\/wp\/v2\/users\/99"}],"replies":[{"embeddable":true,"href":"https:\/\/diarioelpopular.com\/index.php\/wp-json\/wp\/v2\/comments?post=501286"}],"version-history":[{"count":1,"href":"https:\/\/diarioelpopular.com\/index.php\/wp-json\/wp\/v2\/posts\/501286\/revisions"}],"predecessor-version":[{"id":501288,"href":"https:\/\/diarioelpopular.com\/index.php\/wp-json\/wp\/v2\/posts\/501286\/revisions\/501288"}],"wp:featuredmedia":[{"embeddable":true,"href":"https:\/\/diarioelpopular.com\/index.php\/wp-json\/wp\/v2\/media\/501287"}],"wp:attachment":[{"href":"https:\/\/diarioelpopular.com\/index.php\/wp-json\/wp\/v2\/media?parent=501286"}],"wp:term":[{"taxonomy":"category","embeddable":true,"href":"https:\/\/diarioelpopular.com\/index.php\/wp-json\/wp\/v2\/categories?post=501286"},{"taxonomy":"post_tag","embeddable":true,"href":"https:\/\/diarioelpopular.com\/index.php\/wp-json\/wp\/v2\/tags?post=501286"}],"curies":[{"name":"wp","href":"https:\/\/api.w.org\/{rel}","templated":true}]}}