{"id":501305,"date":"2022-01-31T12:27:34","date_gmt":"2022-01-31T16:27:34","guid":{"rendered":"https:\/\/diarioelpopular.com\/?p=501305"},"modified":"2022-01-31T12:27:48","modified_gmt":"2022-01-31T16:27:48","slug":"ecuador-grave-dano-ambiental-en-la-amazonia","status":"publish","type":"post","link":"https:\/\/diarioelpopular.com\/index.php\/2022\/01\/31\/ecuador-grave-dano-ambiental-en-la-amazonia\/","title":{"rendered":"Ecuador: Grave da\u00f1o ambiental en la Amazonia"},"content":{"rendered":"<p>&nbsp;<\/p>\n<p><img loading=\"lazy\" decoding=\"async\" class=\"alignnone size-medium wp-image-501308\" src=\"https:\/\/diarioelpopular.com\/wp-content\/uploads\/2022\/01\/1.c-300x200.jpg\" alt=\"\" width=\"300\" height=\"200\" srcset=\"https:\/\/diarioelpopular.com\/wp-content\/uploads\/2022\/01\/1.c-300x200.jpg 300w, https:\/\/diarioelpopular.com\/wp-content\/uploads\/2022\/01\/1.c-768x512.jpg 768w, https:\/\/diarioelpopular.com\/wp-content\/uploads\/2022\/01\/1.c-636x424.jpg 636w, https:\/\/diarioelpopular.com\/wp-content\/uploads\/2022\/01\/1.c-110x73.jpg 110w, https:\/\/diarioelpopular.com\/wp-content\/uploads\/2022\/01\/1.c.jpg 800w\" sizes=\"auto, (max-width: 300px) 100vw, 300px\" \/><\/p>\n<p><em>Grave da\u00f1o ambiental en la Amazonia por ruptura de un oleoducto. (foto: EPA)<\/em><\/p>\n<h4><em><strong>&#8211; Seg\u00fan organizaci\u00f3n ind\u00edgena el crudo lleg\u00f3 a un r\u00edo<\/strong><\/em><\/h4>\n<p><em><strong>QUITO, 31 EN &#8211;<\/strong><\/em> Las autoridades ecuatorianas trabajan para tratar de limitar los graves da\u00f1os ambientales causados ;;por la ruptura el pasado viernes de un tramo del Oleoducto de Crudos Pesados ;;(Ocp) en San Luis, en el sector Piedra Fina de la provincia amaz\u00f3nica de Napo.<br \/>\nPor su parte, la Confederaci\u00f3n de Nacionalidades Ind\u00edgenas de la Amazon\u00eda Ecuatoriana (Confeniae) denunci\u00f3 -inform\u00f3 el portal del diario El Comercio- que una abundante cantidad de crudo se dispers\u00f3 en la naturaleza, mientras que las mareas negras llegaron a los afluentes del r\u00edo Coca, da\u00f1ando el abastecimiento de agua de la comunidad ind\u00edgena Kichwa de Panduyaku, en Sucumb\u00edos, y de los habitantes del municipio de Sardinas, en Orellana.<br \/>\nLuis Salazar, presidente del Gad Parroquial de Gonzalo D\u00edaz de Pineda, del cant\u00f3n El Chaco, en Napo, confirm\u00f3 que el crudo lleg\u00f3 al r\u00edo Coca y avanza a Sucumb\u00edos.<br \/>\nLa empresa privada propietaria del oleoducto, que ya hab\u00eda sufrido da\u00f1os en la primera quincena de diciembre, indic\u00f3 que las fuertes lluvias que cayeron en la zona provocaron el hundimiento del suelo atravesado por el oleoducto y la ca\u00edda de rocas que lo da\u00f1aron.<br \/>\nEl Ministerio de Energ\u00eda de Ecuador anunci\u00f3 que se activ\u00f3 un comit\u00e9 de crisis, encabezado por el ministro Juan Carlos Bermeo, quien est\u00e1 a cargo del seguimiento de la emergencia, coordinando la contenci\u00f3n y descontaminaci\u00f3n del medio ambiente afectado.<br \/>\nA diferencia de lo ocurrido en diciembre cuando invoc\u00f3 la cl\u00e1usula de &#8220;fuerza mayor&#8221; de salvaguarda por incumplimiento de suministros de crudo a los clientes extranjeros por da\u00f1os, no solo al OCP, sino tambi\u00e9n al oleoducto p\u00fablico SOTE, esta vez el gobierno asegur\u00f3 que las entregas de petr\u00f3leo continuar\u00e1n regularmente.<\/p>\n","protected":false},"excerpt":{"rendered":"<p>&nbsp; Grave da\u00f1o ambiental en la Amazonia por ruptura de un oleoducto. (foto: EPA) &#8211; Seg\u00fan organizaci\u00f3n ind\u00edgena el crudo lleg\u00f3 a un r\u00edo QUITO,&hellip;<\/p>\n","protected":false},"author":99,"featured_media":501308,"comment_status":"open","ping_status":"open","sticky":false,"template":"","format":"standard","meta":{"footnotes":""},"categories":[23],"tags":[],"class_list":["post-501305","post","type-post","status-publish","format-standard","has-post-thumbnail","hentry","category-latinoamerica"],"_links":{"self":[{"href":"https:\/\/diarioelpopular.com\/index.php\/wp-json\/wp\/v2\/posts\/501305","targetHints":{"allow":["GET"]}}],"collection":[{"href":"https:\/\/diarioelpopular.com\/index.php\/wp-json\/wp\/v2\/posts"}],"about":[{"href":"https:\/\/diarioelpopular.com\/index.php\/wp-json\/wp\/v2\/types\/post"}],"author":[{"embeddable":true,"href":"https:\/\/diarioelpopular.com\/index.php\/wp-json\/wp\/v2\/users\/99"}],"replies":[{"embeddable":true,"href":"https:\/\/diarioelpopular.com\/index.php\/wp-json\/wp\/v2\/comments?post=501305"}],"version-history":[{"count":2,"href":"https:\/\/diarioelpopular.com\/index.php\/wp-json\/wp\/v2\/posts\/501305\/revisions"}],"predecessor-version":[{"id":501310,"href":"https:\/\/diarioelpopular.com\/index.php\/wp-json\/wp\/v2\/posts\/501305\/revisions\/501310"}],"wp:featuredmedia":[{"embeddable":true,"href":"https:\/\/diarioelpopular.com\/index.php\/wp-json\/wp\/v2\/media\/501308"}],"wp:attachment":[{"href":"https:\/\/diarioelpopular.com\/index.php\/wp-json\/wp\/v2\/media?parent=501305"}],"wp:term":[{"taxonomy":"category","embeddable":true,"href":"https:\/\/diarioelpopular.com\/index.php\/wp-json\/wp\/v2\/categories?post=501305"},{"taxonomy":"post_tag","embeddable":true,"href":"https:\/\/diarioelpopular.com\/index.php\/wp-json\/wp\/v2\/tags?post=501305"}],"curies":[{"name":"wp","href":"https:\/\/api.w.org\/{rel}","templated":true}]}}