{"id":501318,"date":"2022-01-31T12:38:34","date_gmt":"2022-01-31T16:38:34","guid":{"rendered":"https:\/\/diarioelpopular.com\/?p=501318"},"modified":"2022-01-31T12:38:34","modified_gmt":"2022-01-31T16:38:34","slug":"embajada-de-canada-en-venezuela-condena-amenazas-de-maduro-contra-guaido","status":"publish","type":"post","link":"https:\/\/diarioelpopular.com\/index.php\/2022\/01\/31\/embajada-de-canada-en-venezuela-condena-amenazas-de-maduro-contra-guaido\/","title":{"rendered":"Embajada de Canad\u00e1 en Venezuela condena \u2018amenazas\u2019 de Maduro contra Guaid\u00f3"},"content":{"rendered":"<div id=\"attachment_501319\" style=\"width: 310px\" class=\"wp-caption alignnone\"><img loading=\"lazy\" decoding=\"async\" aria-describedby=\"caption-attachment-501319\" class=\"size-medium wp-image-501319\" src=\"https:\/\/diarioelpopular.com\/wp-content\/uploads\/2022\/01\/1.52-AM.jpg-GET-300x169.jpg\" alt=\"\" width=\"300\" height=\"169\" srcset=\"https:\/\/diarioelpopular.com\/wp-content\/uploads\/2022\/01\/1.52-AM.jpg-GET-300x169.jpg 300w, https:\/\/diarioelpopular.com\/wp-content\/uploads\/2022\/01\/1.52-AM.jpg-GET-768x432.jpg 768w, https:\/\/diarioelpopular.com\/wp-content\/uploads\/2022\/01\/1.52-AM.jpg-GET-636x358.jpg 636w, https:\/\/diarioelpopular.com\/wp-content\/uploads\/2022\/01\/1.52-AM.jpg-GET-130x73.jpg 130w, https:\/\/diarioelpopular.com\/wp-content\/uploads\/2022\/01\/1.52-AM.jpg-GET.jpg 800w\" sizes=\"auto, (max-width: 300px) 100vw, 300px\" \/><p id=\"caption-attachment-501319\" class=\"wp-caption-text\"><em>El presidente de Venezuela, Nicol\u00e1s Maduro, habla durante una conferencia de prensa con corresponsales de medios internacionales en el Palacio Presidencial de Miraflores en Caracas, el 16 de agosto de 2021. (Federico Parra\/AFP v\u00eda Getty Images\/TNS)<\/em><\/p><\/div>\n<h4><em><strong>&#8211; La Embajada de Canad\u00e1 en Venezuela conden\u00f3 este domingo las \u201camenazas\u201d del presidente Nicol\u00e1s Maduro y de su Gobierno en contra del l\u00edder opositor Juan Guaid\u00f3, para quien los chavistas han solicitado \u201cceleridad, eficiencia y eficacia en la aplicaci\u00f3n de justicia\u201d por presuntos hechos de corrupci\u00f3n. <\/strong><\/em><\/h4>\n<p>&nbsp;<\/p>\n<p><em><strong>CARACAS.-<\/strong> <\/em>\u201cLas recientes amenazas de Maduro y su r\u00e9gimen dirigidas a Juan Guaid\u00f3 demuestran temor a los procesos democr\u00e1ticos en Venezuela. Canad\u00e1 sigue pidiendo que se retomen las negociaciones para encontrar una soluci\u00f3n pac\u00edfica\u201d, dijo la Embajada de Canad\u00e1 ante Venezuela en su cuenta de Twitter.<\/p>\n<p>Este domingo un grupo de diputados chavistas se dirigieron a la sede de la Fiscal\u00eda venezolana, en Caracas, para exigir que se aplique la justicia a Guaid\u00f3. \u201cNos hemos trasladado a la sede de la Fiscal\u00eda para exigir celeridad, eficiencia y eficacia en la aplicaci\u00f3n de la justicia en contra de Juan Guaid\u00f3 y la banda parlamentaria que se ha dedicado a violar la constituci\u00f3n, a atentar contra los bienes de la Rep\u00fablica\u201d, dijo a periodistas la diputada Tania D\u00edaz en esa ocasi\u00f3n. Posteriormente, el Parlamento, donde el 92 % de los asientos est\u00e1n ocupados por chavistas, aprob\u00f3 un acuerdo en apoyo a las acciones que emprenda la Fiscal\u00eda contra del opositor.<\/p>\n<p>Al respecto, la oposici\u00f3n emiti\u00f3 un comunicado en el que acusa al Gobierno de Nicol\u00e1s Maduro, al que cataloga de dictadura, de querer \u201carremeter\u201d contra Guaid\u00f3, as\u00ed como otros \u201cdirigentes pol\u00edticos, activistas de derechos humanos y periodistas\u201d, entre otros. Entre las medidas que temen que tome el Gobierno de Maduro est\u00e1 la detenci\u00f3n de Guaid\u00f3, as\u00ed como la amenaza a exdiputados \u201ccon incautarles sus bienes y perseguirlos\u201d. Alertaron de que dichas \u201camenazas y amedrentamientos\u201d deben ser \u201cconsideradas con seriedad y estar atentos a esta nueva oleada de violencia que est\u00e1 gestando, organizando y promoviendo la dictadura de Nicol\u00e1s Maduro\u201d.<\/p>\n","protected":false},"excerpt":{"rendered":"<p>&#8211; La Embajada de Canad\u00e1 en Venezuela conden\u00f3 este domingo las \u201camenazas\u201d del presidente Nicol\u00e1s Maduro y de su Gobierno en contra del l\u00edder opositor&hellip;<\/p>\n","protected":false},"author":99,"featured_media":501319,"comment_status":"open","ping_status":"open","sticky":false,"template":"","format":"standard","meta":{"footnotes":""},"categories":[23],"tags":[],"class_list":["post-501318","post","type-post","status-publish","format-standard","has-post-thumbnail","hentry","category-latinoamerica"],"_links":{"self":[{"href":"https:\/\/diarioelpopular.com\/index.php\/wp-json\/wp\/v2\/posts\/501318","targetHints":{"allow":["GET"]}}],"collection":[{"href":"https:\/\/diarioelpopular.com\/index.php\/wp-json\/wp\/v2\/posts"}],"about":[{"href":"https:\/\/diarioelpopular.com\/index.php\/wp-json\/wp\/v2\/types\/post"}],"author":[{"embeddable":true,"href":"https:\/\/diarioelpopular.com\/index.php\/wp-json\/wp\/v2\/users\/99"}],"replies":[{"embeddable":true,"href":"https:\/\/diarioelpopular.com\/index.php\/wp-json\/wp\/v2\/comments?post=501318"}],"version-history":[{"count":1,"href":"https:\/\/diarioelpopular.com\/index.php\/wp-json\/wp\/v2\/posts\/501318\/revisions"}],"predecessor-version":[{"id":501320,"href":"https:\/\/diarioelpopular.com\/index.php\/wp-json\/wp\/v2\/posts\/501318\/revisions\/501320"}],"wp:featuredmedia":[{"embeddable":true,"href":"https:\/\/diarioelpopular.com\/index.php\/wp-json\/wp\/v2\/media\/501319"}],"wp:attachment":[{"href":"https:\/\/diarioelpopular.com\/index.php\/wp-json\/wp\/v2\/media?parent=501318"}],"wp:term":[{"taxonomy":"category","embeddable":true,"href":"https:\/\/diarioelpopular.com\/index.php\/wp-json\/wp\/v2\/categories?post=501318"},{"taxonomy":"post_tag","embeddable":true,"href":"https:\/\/diarioelpopular.com\/index.php\/wp-json\/wp\/v2\/tags?post=501318"}],"curies":[{"name":"wp","href":"https:\/\/api.w.org\/{rel}","templated":true}]}}