{"id":501327,"date":"2022-02-01T10:13:31","date_gmt":"2022-02-01T14:13:31","guid":{"rendered":"https:\/\/diarioelpopular.com\/?p=501327"},"modified":"2022-02-01T10:13:31","modified_gmt":"2022-02-01T14:13:31","slug":"manifestantes-del-convoy-de-camioneros-restantes-no-se-iran-hasta-que-las-restricciones-de-covid-19-disminuyan","status":"publish","type":"post","link":"https:\/\/diarioelpopular.com\/index.php\/2022\/02\/01\/manifestantes-del-convoy-de-camioneros-restantes-no-se-iran-hasta-que-las-restricciones-de-covid-19-disminuyan\/","title":{"rendered":"Manifestantes del convoy de camioneros restantes no se ir\u00e1n hasta que las restricciones de COVID-19 disminuyan"},"content":{"rendered":"<p>&nbsp;<\/p>\n<p><img loading=\"lazy\" decoding=\"async\" class=\"alignnone size-medium wp-image-501330\" src=\"https:\/\/diarioelpopular.com\/wp-content\/uploads\/2022\/02\/1.hill_-1-300x225.jpg\" alt=\"\" width=\"300\" height=\"225\" srcset=\"https:\/\/diarioelpopular.com\/wp-content\/uploads\/2022\/02\/1.hill_-1-300x225.jpg 300w, https:\/\/diarioelpopular.com\/wp-content\/uploads\/2022\/02\/1.hill_-1-768x576.jpg 768w, https:\/\/diarioelpopular.com\/wp-content\/uploads\/2022\/02\/1.hill_-1-636x477.jpg 636w, https:\/\/diarioelpopular.com\/wp-content\/uploads\/2022\/02\/1.hill_-1-97x73.jpg 97w, https:\/\/diarioelpopular.com\/wp-content\/uploads\/2022\/02\/1.hill_-1.jpg 800w\" sizes=\"auto, (max-width: 300px) 100vw, 300px\" \/><\/p>\n<p>&nbsp;<\/p>\n<h4><em><strong>&#8211; Las multitudes se han reducido considerablemente en Parliament Hill y sus alrededores, donde los manifestantes contra las restricciones de COVID han estado protestando durante d\u00edas.<\/strong><\/em><\/h4>\n<p><em><strong>OTTAWA.-<\/strong> <\/em>Pero los que quedan dicen que se quedar\u00e1n hasta que se levanten todas las restricciones, y el presidente de la Asociaci\u00f3n de Hoteles de Ottawa Gatineau dijo que algunos manifestantes han estado extendiendo sus estad\u00edas en los hoteles o est\u00e1n pidiendo volver a reservar para el pr\u00f3ximo fin de semana.<\/p>\n<p>El primer ministro Justin Trudeau dijo este lunes que no se reunir\u00e1 con nadie involucrado, y se\u00f1al\u00f3 informes de que se ha visto a algunos participantes acosando a negocios locales, ondeando banderas nazis, defecando en jardines residenciales, orinando en el National War Memorial y robando comida a personas sin hogar.<\/p>\n<p>La Asociaci\u00f3n de Param\u00e9dicos de Ottawa inform\u00f3 que los param\u00e9dicos pidieron escoltas policiales despu\u00e9s de que se arrojaran piedras a una ambulancia desde un cami\u00f3n en el convoy.<\/p>\n<p>Pero la l\u00edder adjunta conservadora Candice Bergen dijo que Trudeau estaba \u201cenga\u00f1ando\u201d a los manifestantes, quienes merecen la oportunidad de ser escuchados y respetados.<\/p>\n<p>Dijo que los manifestantes de su provincia natal de Manitoba con los que se reuni\u00f3 el domingo son \u201cbuenas personas, patriotas, amantes de la paz\u201d.<\/p>\n<p>Canada Unity, el grupo detr\u00e1s del convoy, se origin\u00f3 durante el convoy pro-oleoducto de 2019 a Ottawa, pero se transform\u00f3 en una protesta contra las restricciones de COVID despu\u00e9s de que comenz\u00f3 la pandemia.<\/p>\n<p>El mandato de vacunaci\u00f3n para los camioneros que entr\u00f3 en vigencia en ambos lados de la frontera entre Canad\u00e1 y EE. UU. a principios de este mes agreg\u00f3 m\u00e1s fuego a las demandas y ayud\u00f3 a desencadenar el convoy m\u00e1s grande que descendi\u00f3 sobre Ottawa la semana pasada.<\/p>\n<p>&nbsp;<\/p>\n<h4><em><strong>\u00bfPasar de los confinamientos? Ford habla sobre volver a la &#8216;vida que conoc\u00edamos antes de COVID-19&#8217;<\/strong><\/em><\/h4>\n<p><img loading=\"lazy\" decoding=\"async\" class=\"alignnone size-medium wp-image-501328\" src=\"https:\/\/diarioelpopular.com\/wp-content\/uploads\/2022\/02\/1.17-300x218.jpg\" alt=\"\" width=\"300\" height=\"218\" srcset=\"https:\/\/diarioelpopular.com\/wp-content\/uploads\/2022\/02\/1.17-300x218.jpg 300w, https:\/\/diarioelpopular.com\/wp-content\/uploads\/2022\/02\/1.17-768x559.jpg 768w, https:\/\/diarioelpopular.com\/wp-content\/uploads\/2022\/02\/1.17-636x463.jpg 636w, https:\/\/diarioelpopular.com\/wp-content\/uploads\/2022\/02\/1.17-100x73.jpg 100w, https:\/\/diarioelpopular.com\/wp-content\/uploads\/2022\/02\/1.17.jpg 800w\" sizes=\"auto, (max-width: 300px) 100vw, 300px\" \/><\/p>\n<p>El premier de Ontario Doug Ford parece haber dado un giro repentino con respecto a su opini\u00f3n sobre los bloqueos de COVID-19, y los l\u00edderes de la oposici\u00f3n en Queen&#8217;s Park parecen estar de acuerdo.<\/p>\n<p>En una declaraci\u00f3n escrita, Ford dijo que \u201cTodos los habitantes de Ontario est\u00e1n unidos en su deseo de dejar atr\u00e1s esta pandemia y volver a la vida que conoc\u00edamos antes de COVID-19\u201d.<\/p>\n<p>Sigui\u00f3 un cambio de tono similar el viernes, cuando el premier dijo a una estaci\u00f3n de radio local en Peterborough, Ontario: \u201cTenemos que aprender a vivir con esto y hacer que las cosas vuelvan a la normalidad\u201d.<\/p>\n<p>Los comentarios recientes de Ford est\u00e1n en l\u00ednea con el director m\u00e9dico de salud de Ontario, el Dr. Kieran Moore, quien el jueves pasado dijo que es hora de \u201caprender a vivir con COVID-19\u201d.<\/p>\n<p>El principal m\u00e9dico de Ontario acredit\u00f3 las vacunas contra el COVID-19 y los nuevos medicamentos antivirales como las principales razones por las que la provincia necesita cambiar su forma de pensar.<\/p>\n<p>Sin embargo, los bloqueos son, en \u00faltima instancia, una decisi\u00f3n pol\u00edtica, aunque Ford parece haber encontrado un apoyo poco probable en el pasillo con su evoluci\u00f3n en los mensajes en relaci\u00f3n con COVID-19 y la pandemia.<\/p>\n<p>\u201cNo quer\u00eda el \u00faltimo encierro. No he querido ning\u00fan encierro\u201d, dijo el lunes el l\u00edder liberal Steven Del Duca.<\/p>\n<p>\u201cLa gente est\u00e1 experimentando fatiga por el encierro y la frustraci\u00f3n es real\u201d, dijo Catherine Fife del NDP.<\/p>\n<p>Los restaurantes, gimnasios y teatros de Ontario dieron la bienvenida a los clientes cuando las restricciones del \u00faltimo cierre pand\u00e9mico se relajaron el lunes, con clientes felices de regresar y negocios ansiosos pero esperanzados de recuperar las p\u00e9rdidas.<\/p>\n<p>La reapertura marc\u00f3 el primer paso en el plan de Ontario para revertir gradualmente las medidas de salud p\u00fablica impuestas a principios de enero en medio de los crecientes casos de la variante altamente infecciosa Omicron.<\/p>\n<p>\u201cHoy, Ontario est\u00e1 comenzando a relajar algunas medidas de salud p\u00fablica, el primer paso para volver a la normalidad\u201d, dijo Ford el lunes. \u201cTodos los habitantes de Ontario est\u00e1n unidos en su deseo de dejar atr\u00e1s esta pandemia y volver a la vida que conoc\u00edamos antes de COVID-19\u201d.<\/p>\n<p>Hay diferentes opiniones sobre lo que deber\u00eda hacer el gobierno de Ford para evitar m\u00e1s restricciones.<\/p>\n<p>El NDP est\u00e1 pidiendo al gobierno provincial que ampl\u00ede el acceso a las pruebas de PCR, y el l\u00edder del Partido Verde, Mike Schreiner, dice que los funcionarios del gobierno deben ampliar la cantidad de d\u00edas de enfermedad disponibles y exigir m\u00e1scaras N95 en lugares de trabajo vulnerables.<\/p>\n<p>El ministro de Educaci\u00f3n, Stephen Lecce, dijo el lunes que cree que un acuerdo sobre los d\u00edas de enfermedad pagados est\u00e1 \u201cal alcance\u201d, aline\u00e1ndose con el plan federal de cuidado infantil.<\/p>\n<p>\u201cSi el primer ministro quiere \u2018vivir con el virus\u2019, entonces el primer ministro debe tomar las medidas necesarias para mitigar la propagaci\u00f3n del virus\u201d, dijo Schreiner.<\/p>\n<p>Del Duca reiter\u00f3 su llamado al gobierno para que ampl\u00ede el programa de pases vacunales para incluir terceras dosis.<\/p>\n<p>Si bien las hospitalizaciones han disminuido, las crecientes llamadas para aprender a vivir con COVID-19 se producen durante uno de los meses m\u00e1s mort\u00edferos de la pandemia en Ontario. M\u00e1s de 1.200 personas perdieron la vida por el virus en enero.<\/p>\n","protected":false},"excerpt":{"rendered":"<p>&nbsp; &nbsp; &#8211; Las multitudes se han reducido considerablemente en Parliament Hill y sus alrededores, donde los manifestantes contra las restricciones de COVID han estado&hellip;<\/p>\n","protected":false},"author":99,"featured_media":501330,"comment_status":"open","ping_status":"open","sticky":false,"template":"","format":"standard","meta":{"footnotes":""},"categories":[21,11191],"tags":[],"class_list":["post-501327","post","type-post","status-publish","format-standard","has-post-thumbnail","hentry","category-canada","category-top-news"],"_links":{"self":[{"href":"https:\/\/diarioelpopular.com\/index.php\/wp-json\/wp\/v2\/posts\/501327","targetHints":{"allow":["GET"]}}],"collection":[{"href":"https:\/\/diarioelpopular.com\/index.php\/wp-json\/wp\/v2\/posts"}],"about":[{"href":"https:\/\/diarioelpopular.com\/index.php\/wp-json\/wp\/v2\/types\/post"}],"author":[{"embeddable":true,"href":"https:\/\/diarioelpopular.com\/index.php\/wp-json\/wp\/v2\/users\/99"}],"replies":[{"embeddable":true,"href":"https:\/\/diarioelpopular.com\/index.php\/wp-json\/wp\/v2\/comments?post=501327"}],"version-history":[{"count":1,"href":"https:\/\/diarioelpopular.com\/index.php\/wp-json\/wp\/v2\/posts\/501327\/revisions"}],"predecessor-version":[{"id":501331,"href":"https:\/\/diarioelpopular.com\/index.php\/wp-json\/wp\/v2\/posts\/501327\/revisions\/501331"}],"wp:featuredmedia":[{"embeddable":true,"href":"https:\/\/diarioelpopular.com\/index.php\/wp-json\/wp\/v2\/media\/501330"}],"wp:attachment":[{"href":"https:\/\/diarioelpopular.com\/index.php\/wp-json\/wp\/v2\/media?parent=501327"}],"wp:term":[{"taxonomy":"category","embeddable":true,"href":"https:\/\/diarioelpopular.com\/index.php\/wp-json\/wp\/v2\/categories?post=501327"},{"taxonomy":"post_tag","embeddable":true,"href":"https:\/\/diarioelpopular.com\/index.php\/wp-json\/wp\/v2\/tags?post=501327"}],"curies":[{"name":"wp","href":"https:\/\/api.w.org\/{rel}","templated":true}]}}