{"id":501332,"date":"2022-02-01T10:19:33","date_gmt":"2022-02-01T14:19:33","guid":{"rendered":"https:\/\/diarioelpopular.com\/?p=501332"},"modified":"2022-02-01T10:19:33","modified_gmt":"2022-02-01T14:19:33","slug":"el-desempleo-vuelve-a-caer-en-chile","status":"publish","type":"post","link":"https:\/\/diarioelpopular.com\/index.php\/2022\/02\/01\/el-desempleo-vuelve-a-caer-en-chile\/","title":{"rendered":"El desempleo vuelve a caer en Chile"},"content":{"rendered":"<h4><img loading=\"lazy\" decoding=\"async\" class=\"alignnone size-medium wp-image-501334\" src=\"https:\/\/diarioelpopular.com\/wp-content\/uploads\/2022\/02\/1.e8a1-1-300x200.jpg\" alt=\"\" width=\"300\" height=\"200\" srcset=\"https:\/\/diarioelpopular.com\/wp-content\/uploads\/2022\/02\/1.e8a1-1-300x200.jpg 300w, https:\/\/diarioelpopular.com\/wp-content\/uploads\/2022\/02\/1.e8a1-1-768x511.jpg 768w, https:\/\/diarioelpopular.com\/wp-content\/uploads\/2022\/02\/1.e8a1-1-636x424.jpg 636w, https:\/\/diarioelpopular.com\/wp-content\/uploads\/2022\/02\/1.e8a1-1-110x73.jpg 110w, https:\/\/diarioelpopular.com\/wp-content\/uploads\/2022\/02\/1.e8a1-1.jpg 1000w\" sizes=\"auto, (max-width: 300px) 100vw, 300px\" \/><\/h4>\n<p><em>El desempleo vuelve a caer en Chile (foto: EPA)<\/em><\/p>\n<h4><em><strong>&#8220;Gran parte de la tarea est\u00e1 cumplida&#8221;, reaccion\u00f3 el gobierno<\/strong><\/em><\/h4>\n<p><em><strong>SANTIAGO DE CHILE, 1 FEB &#8211;<\/strong><\/em> El desempleo en Chile cerr\u00f3 2021 en 7,2%, su menor tasa desde fines de 2019, ante lo cual el gobierno saliente de Sebasti\u00e1n Pi\u00f1era reaccion\u00f3 se\u00f1alando que &#8220;gran parte de la tarea est\u00e1 cumplida&#8221;.<br \/>\nEn el trimestre m\u00f3vil octubre-diciembre de 2021, la tasa volvi\u00f3 a caer hasta 7,2%, frente al 10,3% de 2020, concluyendo el a\u00f1o en su tasa m\u00e1s baja desde 2019, cuando anot\u00f3 7,1% en pleno estallido social.<br \/>\n&#8220;Es la octava disminuci\u00f3n anual consecutiva en la tasa de desocupaci\u00f3n&#8221;, destac\u00f3 el subdirector t\u00e9cnico del Instituto Nacional de Estad\u00edsticas (INE), Leonardo Gonz\u00e1lez.<br \/>\nLa cifra signific\u00f3 un descenso de 3,1 puntos porcentuales (pp) en doce meses, producto del alza de la fuerza de trabajo (4,5%), menor a la presentada por las personas ocupadas (8,1%).<br \/>\nLos desocupados disminuyeron 26,9% en doce meses, por la influencia de quienes se encontraban cesantes (-27,8%) y aquellos que buscan trabajo por primera vez (-18,3%).<br \/>\nSeg\u00fan el INE, la tasa de desocupaci\u00f3n de mujeres se situ\u00f3 en 7,4%, y la de hombres en 7,1%, decreciendo en doce meses 3,5 pp.<br \/>\ny 2,7 pp., respectivamente.<br \/>\nEn el \u00faltimo trimestre m\u00f3vil del a\u00f1o se crearon 119.930 empleos respecto al trimestre anterior. Con ajuste estacional, precis\u00f3 Gonz\u00e1lez, la cifra de puestos de trabajo recuperados trimestralmente es de 49.625.<br \/>\nDesde el peor momento de la pandemia -el a\u00f1o 2020- se han recuperado 1.436.000 empleos, equivalente al 77,5% de los trabajos destruidos.<br \/>\nLa recuperaci\u00f3n es del 81,8% para hombres y de 73,1% para mujeres, mientras que las ocupaciones formales son del 80,1% y la de trabajos informales recuperados asciende a 94,5%.<br \/>\n&#8220;Si seguimos a este ritmo, estimamos que prontamente podamos recuperar todas las ocupaciones que se perdieron en el peor momento de la pandemia&#8221;, subray\u00f3 Gonz\u00e1lez.<br \/>\nAdvirti\u00f3, no obstante, que &#8220;todav\u00eda falta que se recupere tanto la tasa de participaci\u00f3n como de ocupaci\u00f3n&#8221;.<br \/>\n&#8220;Hemos venido observando sistem\u00e1ticamente un aumento de estas tasas, pero a\u00fan no observamos los niveles de periodos previos a la pandemia&#8221;, se\u00f1al\u00f3.<br \/>\nLa tasa de ocupaci\u00f3n termin\u00f3 2021 en 54,3%, mientras que la de participaci\u00f3n en la fuerza de trabajo culmin\u00f3 en 58,5%. En 12 meses, las personas ocupadas tuvieron un aumento de 8,1%, incidida tanto por las mujeres (11,7%) como por los hombres (5,7%).<br \/>\nLos ocupados ausentes, que representaron el 5,8% del total de la poblaci\u00f3n ocupada, decrecieron 22,4%, equivalente a 144.398 personas.<br \/>\nLa expansi\u00f3n de los ocupados fue influida por la construcci\u00f3n (22,2%), el comercio (8,5%) y los sectores de alojamiento y servicio de comidas (30,9%).<br \/>\nEn tanto, por categor\u00eda ocupacional, el alza fue liderada por personas asalariadas formales (6,3%), trabajadores por cuenta propia (16,7%) y empleadores (20,5%).<br \/>\nEl ministro de Econom\u00eda, Lucas Palacios, afirm\u00f3 que durante &#8220;el a\u00f1o 2021 cumplimos con el objetivo de recuperar con fuerza la actividad econ\u00f3mica y tambi\u00e9n el empleo&#8221;.<br \/>\nSubray\u00f3 que la recuperaci\u00f3n del empleo se concentr\u00f3 en el segundo semestre del a\u00f1o pasado, con m\u00e1s de 100 mil nuevos puestos de trabajo promedio en cada trimestre m\u00f3vil.<br \/>\n&#8220;Hemos recuperado el 80% de los trabajos que destruy\u00f3 la pandemia y la recesi\u00f3n. Fue necesario crear condiciones de seguridad sanitaria, operativa y de certeza para reactivar la econom\u00eda y especialmente la inversi\u00f3n, que es la principal fuente de oportunidades&#8221;, indic\u00f3 Palacios.<br \/>\n&#8220;Aunque gran parte de la tarea est\u00e1 cumplida y habr\u00e1 una inercia econ\u00f3mica positiva los pr\u00f3ximos meses, a\u00fan falta camino por recorrer y es necesario que las condiciones que permitieron a Chile ser l\u00edder en recuperaci\u00f3n econ\u00f3mica y del empleo en 2021, se mantengan y proyecten este a\u00f1o&#8221;, afirm\u00f3.<br \/>\nTambi\u00e9n, mencion\u00f3 el esfuerzo conjunto entre sector p\u00fablico y privado, la inversi\u00f3n privada, mayor productividad y mayor recaudaci\u00f3n.<br \/>\n&#8220;Incentivos por parte del Estado pueden ser muy relevantes para promover inversi\u00f3n y empleo&#8221;, asegur\u00f3.<br \/>\nA su vez, el ministro del Trabajo, Patricio Melero, comparti\u00f3 que es una &#8220;gran noticia&#8221; y asever\u00f3 que &#8220;las medidas adoptadas por el gobierno, tanto en materia econ\u00f3mica como sanitaria, est\u00e1n dando resultados que son muy positivos para el pa\u00eds&#8221;.<br \/>\nDescribi\u00f3 que &#8220;hemos tenido una fuerte recuperaci\u00f3n de la fuerza de trabajo, lo que podemos atribuir a la mayor actividad econ\u00f3mica y, tambi\u00e9n, la transici\u00f3n del IFE Universal (Ingreso Familiar de Emergencia) al IFE Laboral, en particular, su extensi\u00f3n hasta marzo&#8221;.<br \/>\nLa creaci\u00f3n de m\u00e1s empleos formales es probablemente el resultado de los importantes esfuerzos de b\u00fasqueda de las personas para encontrar un trabajo con contrato, cotizaciones y seguridad social&#8221;, concluy\u00f3.<\/p>\n","protected":false},"excerpt":{"rendered":"<p>El desempleo vuelve a caer en Chile (foto: EPA) &#8220;Gran parte de la tarea est\u00e1 cumplida&#8221;, reaccion\u00f3 el gobierno SANTIAGO DE CHILE, 1 FEB &#8211;&hellip;<\/p>\n","protected":false},"author":99,"featured_media":501334,"comment_status":"open","ping_status":"open","sticky":false,"template":"","format":"standard","meta":{"footnotes":""},"categories":[23,11354],"tags":[],"class_list":["post-501332","post","type-post","status-publish","format-standard","has-post-thumbnail","hentry","category-latinoamerica","category-sucesos"],"_links":{"self":[{"href":"https:\/\/diarioelpopular.com\/index.php\/wp-json\/wp\/v2\/posts\/501332","targetHints":{"allow":["GET"]}}],"collection":[{"href":"https:\/\/diarioelpopular.com\/index.php\/wp-json\/wp\/v2\/posts"}],"about":[{"href":"https:\/\/diarioelpopular.com\/index.php\/wp-json\/wp\/v2\/types\/post"}],"author":[{"embeddable":true,"href":"https:\/\/diarioelpopular.com\/index.php\/wp-json\/wp\/v2\/users\/99"}],"replies":[{"embeddable":true,"href":"https:\/\/diarioelpopular.com\/index.php\/wp-json\/wp\/v2\/comments?post=501332"}],"version-history":[{"count":1,"href":"https:\/\/diarioelpopular.com\/index.php\/wp-json\/wp\/v2\/posts\/501332\/revisions"}],"predecessor-version":[{"id":501335,"href":"https:\/\/diarioelpopular.com\/index.php\/wp-json\/wp\/v2\/posts\/501332\/revisions\/501335"}],"wp:featuredmedia":[{"embeddable":true,"href":"https:\/\/diarioelpopular.com\/index.php\/wp-json\/wp\/v2\/media\/501334"}],"wp:attachment":[{"href":"https:\/\/diarioelpopular.com\/index.php\/wp-json\/wp\/v2\/media?parent=501332"}],"wp:term":[{"taxonomy":"category","embeddable":true,"href":"https:\/\/diarioelpopular.com\/index.php\/wp-json\/wp\/v2\/categories?post=501332"},{"taxonomy":"post_tag","embeddable":true,"href":"https:\/\/diarioelpopular.com\/index.php\/wp-json\/wp\/v2\/tags?post=501332"}],"curies":[{"name":"wp","href":"https:\/\/api.w.org\/{rel}","templated":true}]}}