{"id":501336,"date":"2022-02-01T10:25:34","date_gmt":"2022-02-01T14:25:34","guid":{"rendered":"https:\/\/diarioelpopular.com\/?p=501336"},"modified":"2022-02-01T10:25:34","modified_gmt":"2022-02-01T14:25:34","slug":"marea-negra-peru-bloquea-a-repsol","status":"publish","type":"post","link":"https:\/\/diarioelpopular.com\/index.php\/2022\/02\/01\/marea-negra-peru-bloquea-a-repsol\/","title":{"rendered":"Marea negra, Per\u00fa bloquea a Repsol"},"content":{"rendered":"<h4><img loading=\"lazy\" decoding=\"async\" class=\"alignnone size-medium wp-image-501337\" src=\"https:\/\/diarioelpopular.com\/wp-content\/uploads\/2022\/02\/1.e44-300x200.jpg\" alt=\"\" width=\"300\" height=\"200\" srcset=\"https:\/\/diarioelpopular.com\/wp-content\/uploads\/2022\/02\/1.e44-300x200.jpg 300w, https:\/\/diarioelpopular.com\/wp-content\/uploads\/2022\/02\/1.e44-768x511.jpg 768w, https:\/\/diarioelpopular.com\/wp-content\/uploads\/2022\/02\/1.e44-636x423.jpg 636w, https:\/\/diarioelpopular.com\/wp-content\/uploads\/2022\/02\/1.e44-110x73.jpg 110w, https:\/\/diarioelpopular.com\/wp-content\/uploads\/2022\/02\/1.e44.jpg 900w\" sizes=\"auto, (max-width: 300px) 100vw, 300px\" \/><\/h4>\n<p><em>Marea negra, Per\u00fa bloquea a Repsol (foto: EPA)<\/em><\/p>\n<h4><em><strong>&#8211; La compa\u00f1\u00eda de hidrocarburos responsable del derrame<\/strong><\/em><\/h4>\n<p><em><strong>LIMA, 1 FEB &#8211;<\/strong><\/em> El Ministerio del Ambiente de Per\u00fa (Minam) anunci\u00f3 que orden\u00f3 la suspensi\u00f3n de las actividades de carga y descarga de hidrocarburos por parte de la petrolera espa\u00f1ola Repsol, responsable el pasado 15 de enero de un derrame de crudo que trasladaba desde un buque petrolero a la refiner\u00eda La Pampilla, cerca de Lima.<br \/>\nEn rueda de prensa, el ministro Rub\u00e9n Ram\u00edrez anunci\u00f3 &#8220;la interrupci\u00f3n de todas las actividades de carga y descarga de hidrocarburos en el mar peruano por parte de Repsol, hasta que la empresa d\u00e9 garant\u00edas t\u00e9cnicas de que no se producir\u00e1n otros accidentes&#8221;.<br \/>\n&#8220;Repsol -subray\u00f3- no ha mostrado hasta el momento la voluntad de emprender acciones claras de limpieza y reparaci\u00f3n ante lo ocurrido, tras el vertido al mar y en el litoral frente a Lima y la ciudad gemela Callao de una cantidad entre 6.000 y 12.000 barriles de crudo que contaminaron una superficie total de costa y agua de 11.337 hect\u00e1reas.<\/p>\n","protected":false},"excerpt":{"rendered":"<p>Marea negra, Per\u00fa bloquea a Repsol (foto: EPA) &#8211; La compa\u00f1\u00eda de hidrocarburos responsable del derrame LIMA, 1 FEB &#8211; El Ministerio del Ambiente de&hellip;<\/p>\n","protected":false},"author":99,"featured_media":501337,"comment_status":"open","ping_status":"open","sticky":false,"template":"","format":"standard","meta":{"footnotes":""},"categories":[23],"tags":[],"class_list":["post-501336","post","type-post","status-publish","format-standard","has-post-thumbnail","hentry","category-latinoamerica"],"_links":{"self":[{"href":"https:\/\/diarioelpopular.com\/index.php\/wp-json\/wp\/v2\/posts\/501336","targetHints":{"allow":["GET"]}}],"collection":[{"href":"https:\/\/diarioelpopular.com\/index.php\/wp-json\/wp\/v2\/posts"}],"about":[{"href":"https:\/\/diarioelpopular.com\/index.php\/wp-json\/wp\/v2\/types\/post"}],"author":[{"embeddable":true,"href":"https:\/\/diarioelpopular.com\/index.php\/wp-json\/wp\/v2\/users\/99"}],"replies":[{"embeddable":true,"href":"https:\/\/diarioelpopular.com\/index.php\/wp-json\/wp\/v2\/comments?post=501336"}],"version-history":[{"count":1,"href":"https:\/\/diarioelpopular.com\/index.php\/wp-json\/wp\/v2\/posts\/501336\/revisions"}],"predecessor-version":[{"id":501338,"href":"https:\/\/diarioelpopular.com\/index.php\/wp-json\/wp\/v2\/posts\/501336\/revisions\/501338"}],"wp:featuredmedia":[{"embeddable":true,"href":"https:\/\/diarioelpopular.com\/index.php\/wp-json\/wp\/v2\/media\/501337"}],"wp:attachment":[{"href":"https:\/\/diarioelpopular.com\/index.php\/wp-json\/wp\/v2\/media?parent=501336"}],"wp:term":[{"taxonomy":"category","embeddable":true,"href":"https:\/\/diarioelpopular.com\/index.php\/wp-json\/wp\/v2\/categories?post=501336"},{"taxonomy":"post_tag","embeddable":true,"href":"https:\/\/diarioelpopular.com\/index.php\/wp-json\/wp\/v2\/tags?post=501336"}],"curies":[{"name":"wp","href":"https:\/\/api.w.org\/{rel}","templated":true}]}}