{"id":501339,"date":"2022-02-01T10:36:37","date_gmt":"2022-02-01T14:36:37","guid":{"rendered":"https:\/\/diarioelpopular.com\/?p=501339"},"modified":"2022-02-01T10:36:37","modified_gmt":"2022-02-01T14:36:37","slug":"al-menos-11-muertos-y-decenas-de-heridos-por-avalancha-en-quito-ecuador","status":"publish","type":"post","link":"https:\/\/diarioelpopular.com\/index.php\/2022\/02\/01\/al-menos-11-muertos-y-decenas-de-heridos-por-avalancha-en-quito-ecuador\/","title":{"rendered":"Al menos 11 muertos y decenas de heridos por avalancha en Quito, Ecuador"},"content":{"rendered":"<p><img loading=\"lazy\" decoding=\"async\" class=\"alignnone size-medium wp-image-501340\" src=\"https:\/\/diarioelpopular.com\/wp-content\/uploads\/2022\/02\/1.28-300x189.jpg\" alt=\"\" width=\"300\" height=\"189\" srcset=\"https:\/\/diarioelpopular.com\/wp-content\/uploads\/2022\/02\/1.28-300x189.jpg 300w, https:\/\/diarioelpopular.com\/wp-content\/uploads\/2022\/02\/1.28-768x483.jpg 768w, https:\/\/diarioelpopular.com\/wp-content\/uploads\/2022\/02\/1.28-85x55.jpg 85w, https:\/\/diarioelpopular.com\/wp-content\/uploads\/2022\/02\/1.28-636x400.jpg 636w, https:\/\/diarioelpopular.com\/wp-content\/uploads\/2022\/02\/1.28-116x73.jpg 116w, https:\/\/diarioelpopular.com\/wp-content\/uploads\/2022\/02\/1.28.jpg 900w\" sizes=\"auto, (max-width: 300px) 100vw, 300px\" \/><\/p>\n<p><em>Con 51 efectivos, 12 veh\u00edculos, 26 ambulancias de la red de salud, equipo de drones y una unidad canina los bomberos de Quito atendieron la emergencia. FOTO: Twitter Bomberos de Quito.<\/em><\/p>\n<h4><em><strong>&#8211; A once ascendi\u00f3 el n\u00famero de\u00a0personas fallecidas tras un alud de lodo que afect\u00f3 a algunos barrios del oeste de la capital ecuatoriana,\u00a0ciudad que fue azotada por un fuerte aguacero, con r\u00e9cord de precipitaciones, seg\u00fan han informado las autoridades.<\/strong><\/em><\/h4>\n<p><em><strong>QUITO.-<\/strong> <\/em>El alcalde de Quito, Santiago Guarderas, inform\u00f3 en una rueda de prensa de que el fen\u00f3meno natural dej\u00f3\u00a0once personas fallecidas, quince heridas, ocho estructuras (viviendas) colapsadas\u00a0y destruida la cubierta de una cancha deportiva.<\/p>\n<p>No obstante, moradores y algunos medios de informaci\u00f3n han advertido que\u00a0la cifra de muertos podr\u00eda aumentarconforme avancen las tareas de remoci\u00f3n de escombros.<\/p>\n<p>Unidades de bomberos, polic\u00edas, de las asistencias sanitarias y de las Fuerzas Armadas, entre otras instituciones, participan en las tareas de rescate, remoci\u00f3n de escombros y atenci\u00f3n a los ciudadanos afectados en la zona del alud.<\/p>\n<p>Seg\u00fan el alcalde, la tempestad que cay\u00f3 el lunes 31 de enero sobre Quito alcanz\u00f3 un r\u00e9cord de precipitaciones, con 75 litros por metro cuadrado, cuando se esperaba apenas dos litros por metro cuadrado.<\/p>\n<p>Este volumen, dijo el alcalde, supone una cifra r\u00e9cord en casi dos d\u00e9cadas, pues\u00a0un volumen de lluvias similar s\u00f3lo se hab\u00eda registrado en el a\u00f1o 2003.<\/p>\n<p>El aluvi\u00f3n provocado por el temporal desbord\u00f3 la capacidad de las infraestructuras de captaci\u00f3n y embalse de las aguas lluvias que bajan desde el volc\u00e1n Pichincha, que se erige al oeste de la ciudad, apunt\u00f3 Guarderas.<\/p>\n<p>La corriente arras\u00f3 con lo que encontraba a su paso\u00a0y al llegar a la parte poblada, en el sector llamado La Comuna, choc\u00f3 contra el cerramiento de una cancha deportiva, al momento en que varios ciudadanos practicaban deporte, relat\u00f3 el alcalde.<\/p>\n<div class=\"paragraph\">\n<p>Adem\u00e1s,\u00a0el alud se dirigi\u00f3 por la ladera hasta el barrio La Gasca, donde incluso arrastr\u00f3 veh\u00edculos que se encontraban aparcados,\u00a0seg\u00fan im\u00e1genes captadas por los vecinos al momento del fen\u00f3meno natural.<\/p>\n<p>Entidades gubernamentales, estatales y de gobiernos locales han colaborado con ayuda solidaria para el Municipio de Quito, agreg\u00f3 Guarderas al precisar que cuadrillas con personal especializado se encuentran en el lugar para atender la emergencia.<\/p>\n<p>El vicepresidente de Ecuador, Alfredo Borrero, acompa\u00f1ado de colaboradores, asisti\u00f3 a la sede del Comit\u00e9 de Operaciones de Emergencia (COE) del Distrito Metropolitano de Quito, donde se desarroll\u00f3 la rueda de prensa, para ofrecer la ayuda del Gobierno.<\/p>\n<\/div>\n<div class=\"Article_Text tps:\/\/twitter.com\/MunicipioQuito\/status\/1488323705948323845\">Tambi\u00e9n Paola Pab\u00f3n, prefecta de la provincia de Pichincha, cuya capital es Quito, asegur\u00f3 que su entidad ha dispuesto el uso de maquinaria y personal para colaborar en la emergencia, y remarc\u00f3 que otros municipios vecinos tambi\u00e9n se han sumado a la tarea.<\/div>\n<div class=\"paragraph\">\n<p>El fuerte aguacero que cay\u00f3 este lunes en la capital coincidi\u00f3 con una oleada de tempestadesque han afectado a gran parte del pa\u00eds, especialmente a algunas provincias de la sierra andina y la zona costera.<\/p>\n<p>Seg\u00fan informes del Servicio Integrado de Seguridad Ciudadana ECU-911, algunas zonas de las provincias andina de Cotopaxi y costera de Los R\u00edos han sufrido afectaciones por el desbordamiento de r\u00edos.<\/p>\n<\/div>\n","protected":false},"excerpt":{"rendered":"<p>Con 51 efectivos, 12 veh\u00edculos, 26 ambulancias de la red de salud, equipo de drones y una unidad canina los bomberos de Quito atendieron la&hellip;<\/p>\n","protected":false},"author":99,"featured_media":501340,"comment_status":"open","ping_status":"open","sticky":false,"template":"","format":"standard","meta":{"footnotes":""},"categories":[23],"tags":[],"class_list":["post-501339","post","type-post","status-publish","format-standard","has-post-thumbnail","hentry","category-latinoamerica"],"_links":{"self":[{"href":"https:\/\/diarioelpopular.com\/index.php\/wp-json\/wp\/v2\/posts\/501339","targetHints":{"allow":["GET"]}}],"collection":[{"href":"https:\/\/diarioelpopular.com\/index.php\/wp-json\/wp\/v2\/posts"}],"about":[{"href":"https:\/\/diarioelpopular.com\/index.php\/wp-json\/wp\/v2\/types\/post"}],"author":[{"embeddable":true,"href":"https:\/\/diarioelpopular.com\/index.php\/wp-json\/wp\/v2\/users\/99"}],"replies":[{"embeddable":true,"href":"https:\/\/diarioelpopular.com\/index.php\/wp-json\/wp\/v2\/comments?post=501339"}],"version-history":[{"count":1,"href":"https:\/\/diarioelpopular.com\/index.php\/wp-json\/wp\/v2\/posts\/501339\/revisions"}],"predecessor-version":[{"id":501341,"href":"https:\/\/diarioelpopular.com\/index.php\/wp-json\/wp\/v2\/posts\/501339\/revisions\/501341"}],"wp:featuredmedia":[{"embeddable":true,"href":"https:\/\/diarioelpopular.com\/index.php\/wp-json\/wp\/v2\/media\/501340"}],"wp:attachment":[{"href":"https:\/\/diarioelpopular.com\/index.php\/wp-json\/wp\/v2\/media?parent=501339"}],"wp:term":[{"taxonomy":"category","embeddable":true,"href":"https:\/\/diarioelpopular.com\/index.php\/wp-json\/wp\/v2\/categories?post=501339"},{"taxonomy":"post_tag","embeddable":true,"href":"https:\/\/diarioelpopular.com\/index.php\/wp-json\/wp\/v2\/tags?post=501339"}],"curies":[{"name":"wp","href":"https:\/\/api.w.org\/{rel}","templated":true}]}}