{"id":501381,"date":"2022-02-03T10:01:57","date_gmt":"2022-02-03T14:01:57","guid":{"rendered":"https:\/\/diarioelpopular.com\/?p=501381"},"modified":"2022-02-03T10:01:57","modified_gmt":"2022-02-03T14:01:57","slug":"destituyen-a-erin-o-toole-como-lider-conservador-bergen-elegida-para-el-cargo-interino","status":"publish","type":"post","link":"https:\/\/diarioelpopular.com\/index.php\/2022\/02\/03\/destituyen-a-erin-o-toole-como-lider-conservador-bergen-elegida-para-el-cargo-interino\/","title":{"rendered":"Destituyen a Erin O&#8217;Toole como l\u00edder conservador; Bergen elegida para el cargo interino"},"content":{"rendered":"<p><img loading=\"lazy\" decoding=\"async\" class=\"alignnone size-custom-full-size wp-image-501382\" src=\"https:\/\/diarioelpopular.com\/wp-content\/uploads\/2022\/02\/1.mage_-636x357.jpg\" alt=\"\" width=\"636\" height=\"357\" srcset=\"https:\/\/diarioelpopular.com\/wp-content\/uploads\/2022\/02\/1.mage_-636x357.jpg 636w, https:\/\/diarioelpopular.com\/wp-content\/uploads\/2022\/02\/1.mage_-300x168.jpg 300w, https:\/\/diarioelpopular.com\/wp-content\/uploads\/2022\/02\/1.mage_-768x431.jpg 768w, https:\/\/diarioelpopular.com\/wp-content\/uploads\/2022\/02\/1.mage_-130x73.jpg 130w, https:\/\/diarioelpopular.com\/wp-content\/uploads\/2022\/02\/1.mage_.jpg 800w\" sizes=\"auto, (max-width: 636px) 100vw, 636px\" \/><\/p>\n<p>&nbsp;<\/p>\n<h4><em><strong>&#8211; Erin O&#8217;Toole fue destituido como l\u00edder conservador despu\u00e9s de que su propio caucus lo dicidiera por votaci\u00f3n<\/strong><\/em><\/h4>\n<div id=\"attachment_501383\" style=\"width: 646px\" class=\"wp-caption alignnone\"><img loading=\"lazy\" decoding=\"async\" aria-describedby=\"caption-attachment-501383\" class=\"size-custom-full-size wp-image-501383\" src=\"https:\/\/diarioelpopular.com\/wp-content\/uploads\/2022\/02\/1.bergen-636x424.jpg\" alt=\"\" width=\"636\" height=\"424\" srcset=\"https:\/\/diarioelpopular.com\/wp-content\/uploads\/2022\/02\/1.bergen-636x424.jpg 636w, https:\/\/diarioelpopular.com\/wp-content\/uploads\/2022\/02\/1.bergen-300x200.jpg 300w, https:\/\/diarioelpopular.com\/wp-content\/uploads\/2022\/02\/1.bergen-768x512.jpg 768w, https:\/\/diarioelpopular.com\/wp-content\/uploads\/2022\/02\/1.bergen-110x73.jpg 110w, https:\/\/diarioelpopular.com\/wp-content\/uploads\/2022\/02\/1.bergen.jpg 800w\" sizes=\"auto, (max-width: 636px) 100vw, 636px\" \/><p id=\"caption-attachment-501383\" class=\"wp-caption-text\"><em>Candice Bergen<\/em><\/p><\/div>\n<p><em><strong>OTTAWA.-<\/strong><\/em> Los parlamentarios debatieron el destino de O&#8217;Toole durante varias horas antes de votar 73 a 45 a favor de su destituci\u00f3n. \u00c9l lo llam\u00f3 el &#8220;honor de su vida&#8221; para servir en el papel de l\u00edder.<\/p>\n<p>\u201cHe tenido mi momento. Mi tiempo al micr\u00f3fono, pero amo demasiado al pa\u00eds y a mi partido como para no comentar\u201d, dijo O&#8217;Toole en un comunicado en video.<\/p>\n<p>\u201cEste pa\u00eds necesita un partido conservador que sea tanto una fuerza intelectual como una fuerza de gobierno. La ideolog\u00eda sin poder es vanidad. Buscar el poder sin ideolog\u00eda es arrogancia\u201d.<\/p>\n<p>O&#8217;Toole dijo que los canadienses merecen un gobierno que ofrezca equilibrio, ideas e inspiraci\u00f3n.<\/p>\n<p>\u201cEl conservadurismo se trata de una visi\u00f3n del pa\u00eds que nos hace excepcionales, alimenta el alma, nos hace aspirar a ser mejores para nuestro pa\u00eds, para nuestras comunidades, para nuestras familias y vecinos, y para nuestro papel como l\u00edder en el escenario mundial.&#8221;<\/p>\n<p>O&#8217;Toole prometi\u00f3 su lealtad al pr\u00f3ximo l\u00edder conservador e inst\u00f3 a todos en el partido a hacer lo mismo.<\/p>\n<p>\u201cMi mensaje para mi partido es el mismo que le dar\u00e9 al Primer Ministro y a los miembros del parlamento de todos los lados de la C\u00e1mara de los Comunes: escuchen al otro lado\u201d, dijo O\u2019Toole. \u201cDense cuenta de que nuestro pa\u00eds est\u00e1 dividido y la gente est\u00e1 preocupada. Trabajen juntos, porque la forma en que nosotros, como l\u00edderes, actuemos ahora definir\u00e1 a la pr\u00f3xima generaci\u00f3n\u201d.<\/p>\n<p>Es la primera vez que un l\u00edder de partido ha sido destituido bajo la Ley de Reforma.<\/p>\n<p>La diputada de Manitoba, Candice Bergen, fue elegida l\u00edder interina en una votaci\u00f3n secreta el mi\u00e9rcoles por la noche. Ella servir\u00e1 como l\u00edder interina hasta que los miembros del partido elijan un nuevo l\u00edder permanente.<\/p>\n<p>Bergen, quien fue l\u00edder adjunta de los conservadores bajo O&#8217;Toole, fue uno de los nueve candidatos para ser considerado l\u00edder interino.<\/p>\n<p>Luego de la votaci\u00f3n secreta m\u00e1s temprano ese d\u00eda, el parlamentario conservador Pierre Paul-Hus argument\u00f3 que, a pesar de la percepci\u00f3n de agitaci\u00f3n interna, el partido est\u00e1 \u201cm\u00e1s unido que nunca\u201d y est\u00e1 listo para seguir adelante.<\/p>\n<p>\u201cLos miembros del caucus est\u00e1n dispuestos a trabajar juntos y queremos avanzar para estar listos para las pr\u00f3ximas elecciones y ganar\u201d.<\/p>\n<p>El diputado Eric Duncan, partidario de O&#8217;Toole, dijo que cree que el partido puede unirse bajo un nuevo l\u00edder.<\/p>\n<p>\u201cTenemos que estar unidos, eso lo podemos hacer con un nuevo l\u00edder\u2026 Podemos estar unidos. Tenemos que estar en la misma p\u00e1gina, tenemos que movernos en la misma direcci\u00f3n y estoy muy seguro de que hay una gran voluntad para hacerlo&#8221;.<\/p>\n<p>El derrocamiento de O&#8217;Toole se puso en marcha cuando un tercio del caucus firm\u00f3 una carta el lunes para iniciar la votaci\u00f3n bajo las reglas de la Ley de Reforma, que le da al caucus de un partido la capacidad de desencadenar una revisi\u00f3n de liderazgo.<\/p>\n<p>Aquellos en el partido molestos con O&#8217;Toole mencionaron su derrota electoral en el oto\u00f1o y su vacilaci\u00f3n en temas clave como principales preocupaciones.<\/p>\n<p>Garnett Genuis de Alberta fue uno de los parlamentarios que dijo que era hora de un cambio.<\/p>\n<p>\u201cNo estamos viendo lo que necesitamos del liderazgo en este momento\u201d, dice Genuis.<\/p>\n<p>En una declaraci\u00f3n en las redes sociales, el parlamentario de Alberta, Bob Benzen, quien apoy\u00f3 a O&#8217;Toole en los concursos de liderazgo de 2017 y 2020, dijo que O&#8217;Toole ha cambiado las pol\u00edticas y que se necesita una revisi\u00f3n de su liderazgo.<\/p>\n<p>O&#8217;Toole ha llamado a esto un momento de ajuste de cuentas y dijo que agradec\u00eda la votaci\u00f3n, sin embargo, varios informes sugirieron que estaba llamando a los parlamentarios y haciendo promesas de \u00faltima hora en un intento por mantener su trabajo.<\/p>\n<p>\u201cNo voy a ning\u00fan lado y no voy a volver atr\u00e1s. \u00a1Canad\u00e1 necesita que estemos unidos y serios! Es hora de ajustar cuentas, de resolver esto en el caucus, aqu\u00ed mismo, ahora mismo, de una vez por todas\u201d, escribi\u00f3 en un comunicado en Facebook un d\u00eda antes de que se llevara a cabo la votaci\u00f3n.<\/p>\n<p>El especialista en asuntos pol\u00edticos de CityNews, John Stall, dice que el partido no deber\u00eda sentir p\u00e1nico por elegir un nuevo l\u00edder cuando faltan al menos dos a\u00f1os para las elecciones federales, pero se\u00f1ala que no parece haber nadie que se destaque y que pueda unir al dividido partido.<\/p>\n<p>\u201c(Ellos) tienen tiempo suficiente para realizar un concurso de liderazgo y preparar a ese l\u00edder (para) la pr\u00f3xima votaci\u00f3n federal\u201d, dice Stall.<\/p>\n<p>\u201cPero no hay candidatos estrella obvios en este momento\u201d.<\/p>\n<p>El premier de Ontario, Doug Ford, dijo que no participar\u00eda en una carrera por el liderazgo en caso de que se desencadenara una.<\/p>\n<p>\u201cNo, tengo las manos llenas. Me encanta ser primer ministro de esta provincia. Vamos a construir esta provincia y voy a seguir dirigiendo esta provincia, ese es mi trabajo\u201d, dijo.<\/p>\n<p>&nbsp;<\/p>\n<h4><em><strong>El alcalde de Ottawa llama al apoyo de los parlamentarios conservadores a la protesta &#8220;una verg\u00fcenza absoluta&#8221;<\/strong><\/em><\/h4>\n<p><img loading=\"lazy\" decoding=\"async\" class=\"alignnone size-custom-full-size wp-image-501384\" src=\"https:\/\/diarioelpopular.com\/wp-content\/uploads\/2022\/02\/1.3djpeg-636x403.jpg\" alt=\"\" width=\"636\" height=\"403\" srcset=\"https:\/\/diarioelpopular.com\/wp-content\/uploads\/2022\/02\/1.3djpeg-636x403.jpg 636w, https:\/\/diarioelpopular.com\/wp-content\/uploads\/2022\/02\/1.3djpeg-300x190.jpg 300w, https:\/\/diarioelpopular.com\/wp-content\/uploads\/2022\/02\/1.3djpeg-768x487.jpg 768w, https:\/\/diarioelpopular.com\/wp-content\/uploads\/2022\/02\/1.3djpeg-85x55.jpg 85w, https:\/\/diarioelpopular.com\/wp-content\/uploads\/2022\/02\/1.3djpeg-115x73.jpg 115w, https:\/\/diarioelpopular.com\/wp-content\/uploads\/2022\/02\/1.3djpeg.jpg 800w\" sizes=\"auto, (max-width: 636px) 100vw, 636px\" \/><\/p>\n<p>El alcalde de la capital est\u00e1 pidiendo a varios parlamentarios conservadores y a un senador de Saskatchewan que se disculpe por elogiar la protesta contra el mandato de vacunas que ha paralizado el centro de la capital durante casi una semana.<\/p>\n<p>Una foto muestra a los parlamentarios Warren Steinley, Kevin Waugh, Andrew Scheer, Fraser Tolmie, Rosemarie Falk y la senadora Denise Batters sonriendo, algunos dando el visto bueno, frente a uno de los camiones de protesta, que han estado bloqueando caminos y tocando bocinas en la ciudad casi sin parar desde el s\u00e1bado.<\/p>\n<p>En Twitter, Waugh dijo que algunos de los miembros del caucus de Saskatchewan \u201cfueron a mostrar su aprecio por los camioneros patriotas y trabajadores que han mantenido nuestras cadenas de suministro saludables y los estantes de comestibles abastecidos durante los \u00faltimos dos a\u00f1os\u201d.<\/p>\n<p>Agreg\u00f3: \u201cEs genial ver a los canadienses defendiendo la libertad en Parliament Hill\u201d.<\/p>\n<p>El alcalde Jim Watson respondi\u00f3 en Twitter calificando la acci\u00f3n como una \u201cdesgracia absoluta\u201d, diciendo que los manifestantes han acosado a los residentes y que las empresas se han visto obligadas a cerrar.<\/p>\n<p>Este mi\u00e9rcoles, el jefe de polic\u00eda de Ottawa dijo que todas las opciones est\u00e1n sobre la mesa, incluido llamar a los militares, para por medio de la fuerza poner fin a la manifestaci\u00f3n en curso que algunos concejales de la ciudad calificaron de &#8220;ocupaci\u00f3n&#8221;.<\/p>\n<p>La polic\u00eda estima que ya ha gastado m\u00e1s de $3 millones para gestionar la protesta y responder a las emergencias. En comparaci\u00f3n, las celebraciones de Canada 150 en Parliament Hill en 2017 le costaron a la polic\u00eda de Ottawa alrededor de $ 1.5 millones.<\/p>\n<p>Se han hecho llamamientos para que los m\u00e1s de 10 millones de d\u00f3lares recaudados por los organizadores de las protestas en el sitio de financiaci\u00f3n colectiva GoFundMe se destinen a los costes de vigilancia de los manifestantes y las reparaciones por su comportamiento.<\/p>\n<p>GoFundMe dijo que se detuvo y est\u00e1 revisando la campa\u00f1a de recaudaci\u00f3n de fondos para asegurarse de que cumpla con sus t\u00e9rminos de servicio, la cual ha recaudado m\u00e1s de diez millones de d\u00f3lares.<\/p>\n","protected":false},"excerpt":{"rendered":"<p>&nbsp; &#8211; Erin O&#8217;Toole fue destituido como l\u00edder conservador despu\u00e9s de que su propio caucus lo dicidiera por votaci\u00f3n OTTAWA.- Los parlamentarios debatieron el destino&hellip;<\/p>\n","protected":false},"author":99,"featured_media":501382,"comment_status":"open","ping_status":"open","sticky":false,"template":"","format":"standard","meta":{"footnotes":""},"categories":[21,11191],"tags":[],"class_list":["post-501381","post","type-post","status-publish","format-standard","has-post-thumbnail","hentry","category-canada","category-top-news"],"_links":{"self":[{"href":"https:\/\/diarioelpopular.com\/index.php\/wp-json\/wp\/v2\/posts\/501381","targetHints":{"allow":["GET"]}}],"collection":[{"href":"https:\/\/diarioelpopular.com\/index.php\/wp-json\/wp\/v2\/posts"}],"about":[{"href":"https:\/\/diarioelpopular.com\/index.php\/wp-json\/wp\/v2\/types\/post"}],"author":[{"embeddable":true,"href":"https:\/\/diarioelpopular.com\/index.php\/wp-json\/wp\/v2\/users\/99"}],"replies":[{"embeddable":true,"href":"https:\/\/diarioelpopular.com\/index.php\/wp-json\/wp\/v2\/comments?post=501381"}],"version-history":[{"count":1,"href":"https:\/\/diarioelpopular.com\/index.php\/wp-json\/wp\/v2\/posts\/501381\/revisions"}],"predecessor-version":[{"id":501385,"href":"https:\/\/diarioelpopular.com\/index.php\/wp-json\/wp\/v2\/posts\/501381\/revisions\/501385"}],"wp:featuredmedia":[{"embeddable":true,"href":"https:\/\/diarioelpopular.com\/index.php\/wp-json\/wp\/v2\/media\/501382"}],"wp:attachment":[{"href":"https:\/\/diarioelpopular.com\/index.php\/wp-json\/wp\/v2\/media?parent=501381"}],"wp:term":[{"taxonomy":"category","embeddable":true,"href":"https:\/\/diarioelpopular.com\/index.php\/wp-json\/wp\/v2\/categories?post=501381"},{"taxonomy":"post_tag","embeddable":true,"href":"https:\/\/diarioelpopular.com\/index.php\/wp-json\/wp\/v2\/tags?post=501381"}],"curies":[{"name":"wp","href":"https:\/\/api.w.org\/{rel}","templated":true}]}}