{"id":501394,"date":"2022-02-03T10:14:20","date_gmt":"2022-02-03T14:14:20","guid":{"rendered":"https:\/\/diarioelpopular.com\/?p=501394"},"modified":"2022-02-03T10:14:20","modified_gmt":"2022-02-03T14:14:20","slug":"peru-denuncia-impacto-de-derrame-petrolero-ante-la-oea","status":"publish","type":"post","link":"https:\/\/diarioelpopular.com\/index.php\/2022\/02\/03\/peru-denuncia-impacto-de-derrame-petrolero-ante-la-oea\/","title":{"rendered":"Per\u00fa denuncia impacto de derrame petrolero ante la OEA"},"content":{"rendered":"<p><img loading=\"lazy\" decoding=\"async\" class=\"alignnone size-custom-full-size wp-image-501395\" src=\"https:\/\/diarioelpopular.com\/wp-content\/uploads\/2022\/02\/PER---DERRAME_PETROLERO_12756-636x358.jpg\" alt=\"\" width=\"636\" height=\"358\" srcset=\"https:\/\/diarioelpopular.com\/wp-content\/uploads\/2022\/02\/PER---DERRAME_PETROLERO_12756-636x358.jpg 636w, https:\/\/diarioelpopular.com\/wp-content\/uploads\/2022\/02\/PER---DERRAME_PETROLERO_12756-300x169.jpg 300w, https:\/\/diarioelpopular.com\/wp-content\/uploads\/2022\/02\/PER---DERRAME_PETROLERO_12756-768x432.jpg 768w, https:\/\/diarioelpopular.com\/wp-content\/uploads\/2022\/02\/PER---DERRAME_PETROLERO_12756-130x73.jpg 130w, https:\/\/diarioelpopular.com\/wp-content\/uploads\/2022\/02\/PER---DERRAME_PETROLERO_12756.jpg 1024w\" sizes=\"auto, (max-width: 636px) 100vw, 636px\" \/><\/p>\n<p><em>Un manifestante camina sobre una pancarta con la leyenda &#8220;Fuera Repsol del Per\u00fa&#8221;, durante una protesta contra Repsol, el lunes 31 de enero de 2022, en Lima. (AP Foto\/Martin Mejia) MARTIN MEJIA AP<\/em><\/p>\n<p>&nbsp;<\/p>\n<p><em><strong>LIMA, 3 FEB.-<\/strong> <\/em>Per\u00fa denunci\u00f3 este mi\u00e9rcoles ante el consejo permanente de la OEA el \u201cimpacto ambiental y econ\u00f3mico\u201d causado por un derrame de miles de barriles de petr\u00f3leo ocurrido a mediados de enero frente a una refiner\u00eda de Repsol en el Pac\u00edfico.<\/p>\n<p>El representante permanente del Per\u00fa ante la OEA, Harold Forsyth, dijo en la cuenta de Twitter de la representaci\u00f3n que el gobierno \u201ceval\u00faa una dr\u00e1stica sanci\u00f3n\u201d al tiempo que realiza esfuerzos para la recuperaci\u00f3n de los &#8220;ecosistemas da\u00f1ados&#8221;. Per\u00fa ha calificado el derrame de al menos 11.900 barriles de petr\u00f3leo como el peor desastre ambiental de los \u00faltimos tiempos en la capital.<\/p>\n<p>Unas 24 playas del Pac\u00edfico est\u00e1n contaminadas y la zona impactada por el petr\u00f3leo abarca hasta el momento unos 116 kil\u00f3metros cuadrados entre mar y tierra, una \u00e1rea poco m\u00e1s grande que Par\u00eds. El pa\u00eds sudamericano calcula en alrededor de 52 millones de d\u00f3lares las p\u00e9rdidas s\u00f3lo en el sector turismo dentro de las playas afectadas, mientras que c\u00e1lculos iniciales de organizaciones ecologistas aseguran que unos 1.300 pescadores afectados en s\u00f3lo dos muelles cercanos podr\u00edan perder al menos 2,2 millones de d\u00f3lares por a\u00f1o.<\/p>\n<p>&nbsp;<\/p>\n","protected":false},"excerpt":{"rendered":"<p>Un manifestante camina sobre una pancarta con la leyenda &#8220;Fuera Repsol del Per\u00fa&#8221;, durante una protesta contra Repsol, el lunes 31 de enero de 2022,&hellip;<\/p>\n","protected":false},"author":99,"featured_media":501395,"comment_status":"open","ping_status":"open","sticky":false,"template":"","format":"standard","meta":{"footnotes":""},"categories":[23],"tags":[],"class_list":["post-501394","post","type-post","status-publish","format-standard","has-post-thumbnail","hentry","category-latinoamerica"],"_links":{"self":[{"href":"https:\/\/diarioelpopular.com\/index.php\/wp-json\/wp\/v2\/posts\/501394","targetHints":{"allow":["GET"]}}],"collection":[{"href":"https:\/\/diarioelpopular.com\/index.php\/wp-json\/wp\/v2\/posts"}],"about":[{"href":"https:\/\/diarioelpopular.com\/index.php\/wp-json\/wp\/v2\/types\/post"}],"author":[{"embeddable":true,"href":"https:\/\/diarioelpopular.com\/index.php\/wp-json\/wp\/v2\/users\/99"}],"replies":[{"embeddable":true,"href":"https:\/\/diarioelpopular.com\/index.php\/wp-json\/wp\/v2\/comments?post=501394"}],"version-history":[{"count":1,"href":"https:\/\/diarioelpopular.com\/index.php\/wp-json\/wp\/v2\/posts\/501394\/revisions"}],"predecessor-version":[{"id":501396,"href":"https:\/\/diarioelpopular.com\/index.php\/wp-json\/wp\/v2\/posts\/501394\/revisions\/501396"}],"wp:featuredmedia":[{"embeddable":true,"href":"https:\/\/diarioelpopular.com\/index.php\/wp-json\/wp\/v2\/media\/501395"}],"wp:attachment":[{"href":"https:\/\/diarioelpopular.com\/index.php\/wp-json\/wp\/v2\/media?parent=501394"}],"wp:term":[{"taxonomy":"category","embeddable":true,"href":"https:\/\/diarioelpopular.com\/index.php\/wp-json\/wp\/v2\/categories?post=501394"},{"taxonomy":"post_tag","embeddable":true,"href":"https:\/\/diarioelpopular.com\/index.php\/wp-json\/wp\/v2\/tags?post=501394"}],"curies":[{"name":"wp","href":"https:\/\/api.w.org\/{rel}","templated":true}]}}