{"id":501397,"date":"2022-02-03T10:20:20","date_gmt":"2022-02-03T14:20:20","guid":{"rendered":"https:\/\/diarioelpopular.com\/?p=501397"},"modified":"2022-02-03T10:20:20","modified_gmt":"2022-02-03T14:20:20","slug":"peru-pone-sobre-la-mesa-dar-acceso-al-mar-a-bolivia","status":"publish","type":"post","link":"https:\/\/diarioelpopular.com\/index.php\/2022\/02\/03\/peru-pone-sobre-la-mesa-dar-acceso-al-mar-a-bolivia\/","title":{"rendered":"Per\u00fa pone sobre la mesa dar acceso al mar a Bolivia"},"content":{"rendered":"<p>&nbsp;<\/p>\n<p><img loading=\"lazy\" decoding=\"async\" class=\"alignnone size-custom-full-size wp-image-501399\" src=\"https:\/\/diarioelpopular.com\/wp-content\/uploads\/2022\/02\/1.2185729-636x400.jpg\" alt=\"\" width=\"636\" height=\"400\" srcset=\"https:\/\/diarioelpopular.com\/wp-content\/uploads\/2022\/02\/1.2185729-636x400.jpg 636w, https:\/\/diarioelpopular.com\/wp-content\/uploads\/2022\/02\/1.2185729-300x189.jpg 300w, https:\/\/diarioelpopular.com\/wp-content\/uploads\/2022\/02\/1.2185729-768x483.jpg 768w, https:\/\/diarioelpopular.com\/wp-content\/uploads\/2022\/02\/1.2185729-116x73.jpg 116w, https:\/\/diarioelpopular.com\/wp-content\/uploads\/2022\/02\/1.2185729.jpg 800w\" sizes=\"auto, (max-width: 636px) 100vw, 636px\" \/><\/p>\n<ul class=\"bxDetailPrimary-16497083\">\n<li class=\"detalle-image-1\">\n<figure class=\"imagen-noticia\">\n<div><img loading=\"lazy\" decoding=\"async\" title=\"El presidente de Per\u00fa, Pedro Castillo, plante\u00f3 hacer un referendo para definir si su pa\u00eds cede acceso al mar a Bolivia. FOTO: Twitter oficial Presidencia de Per\u00fa @PedroCastilloTe\" src=\"https:\/\/www.elcolombiano.com\/binrepository\/580x387\/0c11\/580d365\/none\/11101\/ECBA\/pedro-castillo-mar-bolivia-peru_39410870_20220202185729.jpg\" sizes=\"auto, (min-width: 801px) 900px,(min-width: 701px) 800px,(min-width: 601px) 700px,(min-width: 501px) 600px,(min-width: 401px) 500px,(min-width: 301px) 400px,(min-width: 1px) 300px\" srcset=\"\/\/www.elcolombiano.com\/binrepository\/580x387\/0c11\/580d365\/none\/11101\/ECBA\/pedro-castillo-mar-bolivia-peru_39410870_20220202185729.jpg 580w,\/\/www.elcolombiano.com\/binrepository\/483x323\/0c9\/483d304\/none\/11101\/ECXT\/pedro-castillo-mar-bolivia-peru_39410870_20220202185729.jpg 483w,\/\/www.elcolombiano.com\/binrepository\/387x258\/0c7\/387d243\/none\/11101\/ECWT\/pedro-castillo-mar-bolivia-peru_39410870_20220202185729.jpg 387w,\/\/www.elcolombiano.com\/binrepository\/300x200\/0c6\/300d189\/none\/11101\/ECMQ\/pedro-castillo-mar-bolivia-peru_39410870_20220202185729.jpg 300w\" alt=\"El presidente de Per\u00fa, Pedro Castillo, plante\u00f3 hacer un referendo para definir si su pa\u00eds cede acceso al mar a Bolivia. FOTO: Twitter oficial Presidencia de Per\u00fa @PedroCastilloTe\" width=\"580\" height=\"365\" \/><\/div>\n<\/figure>\n<p><em>El presidente de Per\u00fa, Pedro Castillo, plante\u00f3 hacer un referendo para definir si su pa\u00eds cede acceso al mar a Bolivia. FOTO: Twitter oficial Presidencia de Per\u00fa @PedroCastilloTe<\/em><\/li>\n<\/ul>\n<p><em><strong>LIMA, 3 FEB.-<\/strong><\/em> El presidente de Per\u00fa, Pedro Castillo, asegur\u00f3 estar dispuesta a realizar una consulta ciudadana para definir si su pa\u00eds cede parte de su territorio a Bolivia, buscando que este pueda tener una salida al mar, una disputa que durante a\u00f1os La Paz ha intentado poner en la agenda sin conseguir la tan anhelada playa para los bolivianos.<\/p>\n<p>Fue tal la pol\u00e9mica causada por Castillo que el canciller \u00d3scar Ma\u00fartu tuvo que presentarse ante el Congreso para negar que Per\u00fa tenga voluntad alguna de ceder territorio a Bolivia. Seg\u00fan Ma\u00fartu, la Canciller\u00eda \u201cdefiende una posici\u00f3n de Estado, una de las cuales es asegurar los tratados de l\u00edmites\u201d. \u201cDeseo indicar de manera categ\u00f3rica, con claridad y sin ambages, que no es una pol\u00edtica de Estado y, por ende, tampoco una pol\u00edtica del Gobierno del presidente Castillo promover cesi\u00f3n alguna de territorio peruano\u201d, enfatiz\u00f3.<\/p>\n<p>Sobre la posibilidad de someter la cuesti\u00f3n a una consulta popular, el ministro subray\u00f3 que \u201cun refer\u00e9ndum para ceder territorios es jur\u00eddica y pol\u00edticamente imposible\u201d y que su cartera \u201cno lo ha planteado ni lo plantear\u00e1 jam\u00e1s\u201d.<\/p>\n<p>Pero la posici\u00f3n del gobierno de Pedro Castillosigue siendo difusa. En 2018, mientras Castillo daba una conferencia, se mostr\u00f3 a favor de buscar una salida al mar para ese pa\u00eds, que para entonces estaba gobernador por Evo Morales.<\/p>\n<p>\u201cNo estoy diciendo que le voy a dar mar a Bolivia. Si los peruanos est\u00e1n de acuerdo, yo me debo al pueblo. Jam\u00e1s har\u00eda cosas que el pueblo no quiera\u201d, afirm\u00f3 Pedro Castillo en una entrevista con CNN.<\/p>\n<p>Bolivia perdi\u00f3 su acceso al oc\u00e9ano Pac\u00edfico en la Guerra del Pac\u00edfico (1879-1883) al pasar la regi\u00f3n de Antofagasta a manos de Chile, a quien Bolivia demand\u00f3 en 2013 ante la Corte Internacional de La Haya para negociar una salida, pero el tribunal desestim\u00f3 la petici\u00f3n boliviana.<\/p>\n<p>Desde ese conflicto en el que Bolivia y Per\u00fa fueron aliados, los gui\u00f1os de gobernantes peruanos hacia el anhelo mar\u00edtimo de Bolivia han sido constantes, como cuando Alberto Fujimori cedi\u00f3 en 1992 al vecino pa\u00eds una franja de 5 kil\u00f3metros llamada Bolivia Mar<\/p>\n","protected":false},"excerpt":{"rendered":"<p>&nbsp; El presidente de Per\u00fa, Pedro Castillo, plante\u00f3 hacer un referendo para definir si su pa\u00eds cede acceso al mar a Bolivia. FOTO: Twitter oficial&hellip;<\/p>\n","protected":false},"author":99,"featured_media":501399,"comment_status":"open","ping_status":"open","sticky":false,"template":"","format":"standard","meta":{"footnotes":""},"categories":[23],"tags":[],"class_list":["post-501397","post","type-post","status-publish","format-standard","has-post-thumbnail","hentry","category-latinoamerica"],"_links":{"self":[{"href":"https:\/\/diarioelpopular.com\/index.php\/wp-json\/wp\/v2\/posts\/501397","targetHints":{"allow":["GET"]}}],"collection":[{"href":"https:\/\/diarioelpopular.com\/index.php\/wp-json\/wp\/v2\/posts"}],"about":[{"href":"https:\/\/diarioelpopular.com\/index.php\/wp-json\/wp\/v2\/types\/post"}],"author":[{"embeddable":true,"href":"https:\/\/diarioelpopular.com\/index.php\/wp-json\/wp\/v2\/users\/99"}],"replies":[{"embeddable":true,"href":"https:\/\/diarioelpopular.com\/index.php\/wp-json\/wp\/v2\/comments?post=501397"}],"version-history":[{"count":1,"href":"https:\/\/diarioelpopular.com\/index.php\/wp-json\/wp\/v2\/posts\/501397\/revisions"}],"predecessor-version":[{"id":501400,"href":"https:\/\/diarioelpopular.com\/index.php\/wp-json\/wp\/v2\/posts\/501397\/revisions\/501400"}],"wp:featuredmedia":[{"embeddable":true,"href":"https:\/\/diarioelpopular.com\/index.php\/wp-json\/wp\/v2\/media\/501399"}],"wp:attachment":[{"href":"https:\/\/diarioelpopular.com\/index.php\/wp-json\/wp\/v2\/media?parent=501397"}],"wp:term":[{"taxonomy":"category","embeddable":true,"href":"https:\/\/diarioelpopular.com\/index.php\/wp-json\/wp\/v2\/categories?post=501397"},{"taxonomy":"post_tag","embeddable":true,"href":"https:\/\/diarioelpopular.com\/index.php\/wp-json\/wp\/v2\/tags?post=501397"}],"curies":[{"name":"wp","href":"https:\/\/api.w.org\/{rel}","templated":true}]}}