{"id":501402,"date":"2022-02-03T10:24:09","date_gmt":"2022-02-03T14:24:09","guid":{"rendered":"https:\/\/diarioelpopular.com\/?p=501402"},"modified":"2022-02-03T10:24:09","modified_gmt":"2022-02-03T14:24:09","slug":"estalla-nuevo-motin-en-carcel-de-ecuador-donde-ya-hubo-una-masacre","status":"publish","type":"post","link":"https:\/\/diarioelpopular.com\/index.php\/2022\/02\/03\/estalla-nuevo-motin-en-carcel-de-ecuador-donde-ya-hubo-una-masacre\/","title":{"rendered":"Estalla nuevo mot\u00edn en c\u00e1rcel de Ecuador donde ya hubo una masacre"},"content":{"rendered":"<p><img loading=\"lazy\" decoding=\"async\" class=\"alignnone size-custom-full-size wp-image-501403\" src=\"https:\/\/diarioelpopular.com\/wp-content\/uploads\/2022\/02\/1.2333-636x400.jpg\" alt=\"\" width=\"636\" height=\"400\" srcset=\"https:\/\/diarioelpopular.com\/wp-content\/uploads\/2022\/02\/1.2333-636x400.jpg 636w, https:\/\/diarioelpopular.com\/wp-content\/uploads\/2022\/02\/1.2333-300x189.jpg 300w, https:\/\/diarioelpopular.com\/wp-content\/uploads\/2022\/02\/1.2333-768x483.jpg 768w, https:\/\/diarioelpopular.com\/wp-content\/uploads\/2022\/02\/1.2333-116x73.jpg 116w, https:\/\/diarioelpopular.com\/wp-content\/uploads\/2022\/02\/1.2333.jpg 800w\" sizes=\"auto, (max-width: 636px) 100vw, 636px\" \/><\/p>\n<p><em>Grupos \u00c9lite de la Polic\u00eda y Fuerzas Armadas ecuatorianas irrumpieron en la c\u00e1rcel donde se reportan lo hechos. FOTO TOMADA DE TWITTER @PoliciaEcuador<\/em><\/p>\n<p><em><strong>&#8211; Nuevos enfrentamientos estallaron este mi\u00e9rcoles en una c\u00e1rcel del puerto ecuatoriano de Guayaquil, escenario de cruentos choques que han dejado unos180 muertos en los \u00faltimos cinco meses, inform\u00f3 el organismo a cargo de las prisiones SNAI.<\/strong><\/em><\/p>\n<p><em><strong>QUITO, 3 FEB.-<\/strong> <\/em>En el reclusorio Guayas 1 \u201cse registran enfrentamientos entre pabellones\u201d, report\u00f3 el SNAI a trav\u00e9s de su cuenta en Twitter. De momento, no hay un reporte de eventuales v\u00edctimas.<\/p>\n<p>Desde los exteriores, un fot\u00f3grafo de la agencia AFP escuch\u00f3 detonaciones y sinti\u00f3 un fuerte olor a gas lacrim\u00f3geno.<\/p>\n<p>La Polic\u00eda y las Fuerzas Armadas coordinaron \u201cel ingreso de grupos \u00e9lite\u00a0para reforzar la seguridad\u201d en la penitenciar\u00eda, sostuvo el organismo.<\/p>\n<p>Esa c\u00e1rcel de Guayaquil ha sido el principal escenario de violentas revueltas, que se han extendido a reclusorios de otras localidades ecuatorianas y que dejaron unos 320 presos muertos en 2021.<\/p>\n<p>En septiembre murieron 119 reclusos de la Guayas 1,\u00a0en una de las peores masacres penitenciarias jam\u00e1s registradas en Latinoam\u00e9rica.<\/p>\n<p>En la misma prisi\u00f3n,\u00a062 personas perecieron luego en otra revuelta en noviembre.<\/p>\n<p>Seg\u00fan autoridades, la violencia proviene de bandas vinculadas al narcotr\u00e1fico internacional que se disputan el poder dentro y fuera de los reclusorios.<\/p>\n<p>En las 65 prisiones de Ecuador, con capacidad para unas 30.000 personas, hay unos 39.000 presos (30% de sobrepoblaci\u00f3n). Del total, 15.000 est\u00e1n sin sentencia.<\/p>\n<p>&nbsp;<\/p>\n","protected":false},"excerpt":{"rendered":"<p>Grupos \u00c9lite de la Polic\u00eda y Fuerzas Armadas ecuatorianas irrumpieron en la c\u00e1rcel donde se reportan lo hechos. FOTO TOMADA DE TWITTER @PoliciaEcuador &#8211; Nuevos&hellip;<\/p>\n","protected":false},"author":99,"featured_media":501403,"comment_status":"open","ping_status":"open","sticky":false,"template":"","format":"standard","meta":{"footnotes":""},"categories":[23],"tags":[],"class_list":["post-501402","post","type-post","status-publish","format-standard","has-post-thumbnail","hentry","category-latinoamerica"],"_links":{"self":[{"href":"https:\/\/diarioelpopular.com\/index.php\/wp-json\/wp\/v2\/posts\/501402","targetHints":{"allow":["GET"]}}],"collection":[{"href":"https:\/\/diarioelpopular.com\/index.php\/wp-json\/wp\/v2\/posts"}],"about":[{"href":"https:\/\/diarioelpopular.com\/index.php\/wp-json\/wp\/v2\/types\/post"}],"author":[{"embeddable":true,"href":"https:\/\/diarioelpopular.com\/index.php\/wp-json\/wp\/v2\/users\/99"}],"replies":[{"embeddable":true,"href":"https:\/\/diarioelpopular.com\/index.php\/wp-json\/wp\/v2\/comments?post=501402"}],"version-history":[{"count":1,"href":"https:\/\/diarioelpopular.com\/index.php\/wp-json\/wp\/v2\/posts\/501402\/revisions"}],"predecessor-version":[{"id":501404,"href":"https:\/\/diarioelpopular.com\/index.php\/wp-json\/wp\/v2\/posts\/501402\/revisions\/501404"}],"wp:featuredmedia":[{"embeddable":true,"href":"https:\/\/diarioelpopular.com\/index.php\/wp-json\/wp\/v2\/media\/501403"}],"wp:attachment":[{"href":"https:\/\/diarioelpopular.com\/index.php\/wp-json\/wp\/v2\/media?parent=501402"}],"wp:term":[{"taxonomy":"category","embeddable":true,"href":"https:\/\/diarioelpopular.com\/index.php\/wp-json\/wp\/v2\/categories?post=501402"},{"taxonomy":"post_tag","embeddable":true,"href":"https:\/\/diarioelpopular.com\/index.php\/wp-json\/wp\/v2\/tags?post=501402"}],"curies":[{"name":"wp","href":"https:\/\/api.w.org\/{rel}","templated":true}]}}