{"id":501428,"date":"2022-02-04T10:31:16","date_gmt":"2022-02-04T14:31:16","guid":{"rendered":"https:\/\/diarioelpopular.com\/?p=501428"},"modified":"2022-02-04T10:31:16","modified_gmt":"2022-02-04T14:31:16","slug":"latinoamerica-region-demasiado-peligrosa","status":"publish","type":"post","link":"https:\/\/diarioelpopular.com\/index.php\/2022\/02\/04\/latinoamerica-region-demasiado-peligrosa\/","title":{"rendered":"Latinoam\u00e9rica, regi\u00f3n demasiado peligrosa"},"content":{"rendered":"<div id=\"attachment_501429\" style=\"width: 646px\" class=\"wp-caption alignnone\"><img loading=\"lazy\" decoding=\"async\" aria-describedby=\"caption-attachment-501429\" class=\"size-custom-full-size wp-image-501429\" src=\"https:\/\/diarioelpopular.com\/wp-content\/uploads\/2022\/02\/1.5056ff-636x425.jpg\" alt=\"\" width=\"636\" height=\"425\" srcset=\"https:\/\/diarioelpopular.com\/wp-content\/uploads\/2022\/02\/1.5056ff-636x425.jpg 636w, https:\/\/diarioelpopular.com\/wp-content\/uploads\/2022\/02\/1.5056ff-300x200.jpg 300w, https:\/\/diarioelpopular.com\/wp-content\/uploads\/2022\/02\/1.5056ff-768x513.jpg 768w, https:\/\/diarioelpopular.com\/wp-content\/uploads\/2022\/02\/1.5056ff-109x73.jpg 109w, https:\/\/diarioelpopular.com\/wp-content\/uploads\/2022\/02\/1.5056ff.jpg 800w\" sizes=\"auto, (max-width: 636px) 100vw, 636px\" \/><p id=\"caption-attachment-501429\" class=\"wp-caption-text\"><em>Reclamo por v\u00edctimas de la violencia en M\u00e9xico<\/em><\/p><\/div>\n<h4>\u00a0&#8211;\u00a0<em><strong>Latinoam\u00e9rica es una de las regiones m\u00e1s peligrosas del mundo para los defensores de los derechos humanos, seg\u00fan lo revel\u00f3 un informe publicado por Freedom House, organizaci\u00f3n sin fines de lucro con sede en Washington DC.<\/strong><\/em><\/h4>\n<p><em><strong>NUEVA YORK 4 FEB &#8211;<\/strong><\/em> \u00a0De acuerdo al informe, Am\u00e9rica Latina represent\u00f3 m\u00e1s de las tres cuartas partes de todos los asesinatos de defensores de derechos humanos en todo el mundo en 2020.<br \/>\n&#8220;Ser periodista, ser defensor de los derechos de las mujeres o ser defensor de los derechos humanos en Am\u00e9rica Latina es muy peligroso&#8221;, asegur\u00f3 Gerardo Berthin, vicepresidente de programas internacionales de Freedom House.<br \/>\nSe trata del primer informe de Freedom House que se centra exclusivamente en los defensores de los derechos humanos y las organizaciones de la sociedad civil que promueven los derechos y las libertades.<br \/>\nLos defensores de los derechos humanos incluyen l\u00edderes comunitarios y artistas, algunos de ellos pertenecientes a grupos ind\u00edgenas, que buscan promover la justicia social y los derechos humanos.<br \/>\nEl trabajo del organismo estadounidenses encontr\u00f3 que estos defensores est\u00e1n trabajando en entornos cada vez m\u00e1s hostiles, enfrentando intimidaci\u00f3n, acoso y ataques f\u00edsicos.<br \/>\nLos gobiernos han usado la pandemia como una excusa para usar medidas autoritarias, incluida la limitaci\u00f3n de movimientos, as\u00ed como las libertades de reuni\u00f3n y expresi\u00f3n, seg\u00fan el informe.<br \/>\nEn los \u00faltimos a\u00f1os se han producido niveles de migraci\u00f3n sin precedentes debido a la agitaci\u00f3n pol\u00edtica y al empeoramiento de la situaci\u00f3n de los derechos humanos.<br \/>\nEl informe analiz\u00f3 los casos de activistas venezolanos que huyeron a Colombia, as\u00ed como los activistas nicarag\u00fcenses que fueron a Costa Rica para continuar con sus vidas.<br \/>\nSe estima que 5,6 millones de personas han salido de Venezuela en los \u00faltimos a\u00f1os, la mayor migraci\u00f3n en la historia reciente de Am\u00e9rica Latina.<br \/>\nCasi 2 millones se han radicado en Colombia.<br \/>\nEn el caso de los nicarag\u00fcenses, decenas de miles huyeron a la vecina Costa Rica tras la represi\u00f3n de manifestantes en 2018, as\u00ed como las detenciones de l\u00edderes opositores antes de las elecciones de 2021.<br \/>\n&#8220;Ha surgido un nuevo fen\u00f3meno, que son los defensores de los derechos humanos en el exilio&#8221;, dijo Berthin. &#8220;Y esto es lo que se ve en los dos estudios de caso de los defensores de los derechos humanos de Venezuela que se mudan a Colombia y los defensores de los derechos humanos de Nicaragua que se mudan a Costa Rica&#8221;.<br \/>\n&#8220;Aunque algunos de estos exiliados cruzan la frontera hacia Colombia y Costa Rica \u2014lugares que consideran m\u00e1s seguros\u2014 a\u00fan existe la posibilidad de una posible represi\u00f3n transnacional proveniente de los reg\u00edmenes autoritarios de sus pa\u00edses de origen&#8221;, dijo Berthin.<br \/>\nEl informe encontr\u00f3 que si bien hay esfuerzos crecientes para proteger a los defensores de los derechos humanos en Am\u00e9rica Latina, por lo general no reciben apoyo como fondos de emergencia, asistencia m\u00e9dica o asesoramiento legal.<br \/>\nActualmente existen algunos albergues como la Iniciativa Ciudad Refugio en Costa Rica para ayudar a los inmigrantes.<br \/>\n&#8220;Una de nuestras propuestas clave en este informe es asegurarnos, no solo de ampliar estos albergues sino tambi\u00e9n de que los defensores de los derechos humanos reciban los servicios necesarios y la ayuda que necesitan cuando lleguen&#8221;, dijo Berthin.<\/p>\n","protected":false},"excerpt":{"rendered":"<p>\u00a0&#8211;\u00a0Latinoam\u00e9rica es una de las regiones m\u00e1s peligrosas del mundo para los defensores de los derechos humanos, seg\u00fan lo revel\u00f3 un informe publicado por Freedom&hellip;<\/p>\n","protected":false},"author":99,"featured_media":501429,"comment_status":"open","ping_status":"open","sticky":false,"template":"","format":"standard","meta":{"footnotes":""},"categories":[23,11354],"tags":[],"class_list":["post-501428","post","type-post","status-publish","format-standard","has-post-thumbnail","hentry","category-latinoamerica","category-sucesos"],"_links":{"self":[{"href":"https:\/\/diarioelpopular.com\/index.php\/wp-json\/wp\/v2\/posts\/501428","targetHints":{"allow":["GET"]}}],"collection":[{"href":"https:\/\/diarioelpopular.com\/index.php\/wp-json\/wp\/v2\/posts"}],"about":[{"href":"https:\/\/diarioelpopular.com\/index.php\/wp-json\/wp\/v2\/types\/post"}],"author":[{"embeddable":true,"href":"https:\/\/diarioelpopular.com\/index.php\/wp-json\/wp\/v2\/users\/99"}],"replies":[{"embeddable":true,"href":"https:\/\/diarioelpopular.com\/index.php\/wp-json\/wp\/v2\/comments?post=501428"}],"version-history":[{"count":1,"href":"https:\/\/diarioelpopular.com\/index.php\/wp-json\/wp\/v2\/posts\/501428\/revisions"}],"predecessor-version":[{"id":501430,"href":"https:\/\/diarioelpopular.com\/index.php\/wp-json\/wp\/v2\/posts\/501428\/revisions\/501430"}],"wp:featuredmedia":[{"embeddable":true,"href":"https:\/\/diarioelpopular.com\/index.php\/wp-json\/wp\/v2\/media\/501429"}],"wp:attachment":[{"href":"https:\/\/diarioelpopular.com\/index.php\/wp-json\/wp\/v2\/media?parent=501428"}],"wp:term":[{"taxonomy":"category","embeddable":true,"href":"https:\/\/diarioelpopular.com\/index.php\/wp-json\/wp\/v2\/categories?post=501428"},{"taxonomy":"post_tag","embeddable":true,"href":"https:\/\/diarioelpopular.com\/index.php\/wp-json\/wp\/v2\/tags?post=501428"}],"curies":[{"name":"wp","href":"https:\/\/api.w.org\/{rel}","templated":true}]}}