{"id":501432,"date":"2022-02-05T10:21:47","date_gmt":"2022-02-05T14:21:47","guid":{"rendered":"https:\/\/diarioelpopular.com\/?p=501432"},"modified":"2022-02-05T10:21:47","modified_gmt":"2022-02-05T14:21:47","slug":"convoy-de-camioneros-que-opciones-tiene-la-policia-en-medio-de-una-conducta-ilegal-e-ilegal","status":"publish","type":"post","link":"https:\/\/diarioelpopular.com\/index.php\/2022\/02\/05\/convoy-de-camioneros-que-opciones-tiene-la-policia-en-medio-de-una-conducta-ilegal-e-ilegal\/","title":{"rendered":"Convoy de camioneros: \u00bfQu\u00e9 opciones tiene la polic\u00eda en medio de una conducta &#8220;ilegal&#8221; e &#8220;ilegal&#8221;?"},"content":{"rendered":"<p><img loading=\"lazy\" decoding=\"async\" class=\"alignnone size-custom-full-size wp-image-501433\" src=\"https:\/\/diarioelpopular.com\/wp-content\/uploads\/2022\/02\/1.2-636x452.jpg\" alt=\"\" width=\"636\" height=\"452\" srcset=\"https:\/\/diarioelpopular.com\/wp-content\/uploads\/2022\/02\/1.2-636x452.jpg 636w, https:\/\/diarioelpopular.com\/wp-content\/uploads\/2022\/02\/1.2-300x213.jpg 300w, https:\/\/diarioelpopular.com\/wp-content\/uploads\/2022\/02\/1.2-768x546.jpg 768w, https:\/\/diarioelpopular.com\/wp-content\/uploads\/2022\/02\/1.2-103x73.jpg 103w, https:\/\/diarioelpopular.com\/wp-content\/uploads\/2022\/02\/1.2.jpg 800w\" sizes=\"auto, (max-width: 636px) 100vw, 636px\" \/><\/p>\n<h4><em><strong>&#8211; Escuche atentamente, y debajo de las bocinas a todo volumen del llamado &#8220;Convoy de la Libertad&#8221; en el centro de Ottawa, lo escucha: un lenguaje cambiante de que la protesta se est\u00e1 volviendo &#8220;ilegal&#8221;.<\/strong><\/em><\/h4>\n<p><em><strong>OTTAWA.-<\/strong> <\/em>El primer ministro Justin Trudeau fue uno de los primeros funcionarios en adaptarse al turno y les dijo a los canadienses que vieron el per\u00edodo de preguntas el mi\u00e9rcoles por la tarde que la manifestaci\u00f3n se est\u00e1 \u201cvolviendo ilegal\u201d.<\/p>\n<p>Diane Deans, actualmente candidata a la alcald\u00eda de Ottawa y presidenta de la junta de servicios policiales de la ciudad, describi\u00f3 a las personas que a\u00fan bloquean y deambulan por las calles como \u201cmercenarios que protestan y ocupan ilegalmente nuestras comunidades\u201d.<\/p>\n<p>El jefe Peter Sloly del Servicio de Polic\u00eda de Ottawa tambi\u00e9n se refiri\u00f3 a las actividades \u201cilegales\u201d de algunos. Los concejales municipales han descrito repetidamente la protesta como una \u201cocupaci\u00f3n\u201d y un \u201casedio\u201d a la ciudad.<\/p>\n<p><em><strong>\u00bfQu\u00e9 significa una &#8216;reuni\u00f3n ilegal&#8217;?<\/strong><\/em><br \/>\nProtestar en Canad\u00e1 es un derecho constitucional. Pero hay una advertencia: la protesta en cuesti\u00f3n debe ser una \u201casamblea pac\u00edfica\u201d para ser legal.<\/p>\n<p>Esa protecci\u00f3n legal, seg\u00fan el sitio web del Departamento de Justicia, \u201cno protege disturbios y reuniones que perturben gravemente la paz\u201d.<\/p>\n<p>El C\u00f3digo Penal define espec\u00edficamente una reuni\u00f3n ilegal como:<\/p>\n<p>Una reuni\u00f3n il\u00edcita es una reuni\u00f3n de tres o m\u00e1s personas que, con la intenci\u00f3n de llevar a cabo un prop\u00f3sito com\u00fan, se re\u00fanen de tal manera o se comportan de tal manera cuando se re\u00fanen que hacen temer a las personas en la vecindad de la reuni\u00f3n, en una raz\u00f3n razonable. motivos, que ellos<\/p>\n<p>(a) perturbar\u00e1 la paz tumultuosamente; o<br \/>\n(b) por esa asamblea innecesariamente y sin causa razonable provocar\u00e1 a otras personas para perturbar la paz tumultuosamente.<br \/>\nLas reuniones que comenzaron como legales pueden volverse ilegales si cumplen con esas condiciones.<\/p>\n<p>Una reuni\u00f3n ilegal puede convertirse oficialmente en un mot\u00edn cuando las personas reunidas han \u201ccomenzado a perturbar la paz tumultuosamente\u201d.<\/p>\n<p>Efectivamente, una reuni\u00f3n ilegal es cuando las personas se re\u00fanen con la intenci\u00f3n de perturbar la paz; un mot\u00edn es cuando realmente cumplen y lo hacen.<\/p>\n<p>Cualquier persona que participe en un mot\u00edn puede enfrentar hasta dos a\u00f1os de prisi\u00f3n.<\/p>\n<p>Un \u201cjuez, alcalde o alguacil, o el diputado legal de un alcalde o alguacil\u201d tiene el poder de declarar un mot\u00edn.<\/p>\n<p>Paul Champ, un abogado de Ottawa que se especializa en los derechos de la Carta y el derecho constitucional, dijo que la ley canadiense rara vez ejerce el poder de declarar un mot\u00edn y se muestra esc\u00e9ptico de que esa ser\u00eda la ruta para la ciudad. Dijo que otra opci\u00f3n que algunos est\u00e1n discutiendo es obtener una orden judicial para mover el convoy.<\/p>\n<p>Sin embargo, incluso con eso, Champ se\u00f1al\u00f3 que no hay poder para hacer que la polic\u00eda haga cumplir una orden judicial.<\/p>\n<p>\u201cNo tienen que seguirla\u201d, dijo, y agreg\u00f3 que la polic\u00eda tiene la autoridad para evaluar si hacer cumplir la ley podr\u00eda ser demasiado arriesgado.<\/p>\n<p>Sin embargo, cuestion\u00f3 la afirmaci\u00f3n de Sloly de que la polic\u00eda no podr\u00eda evitar que nadie m\u00e1s ingrese a la ciudad el fin de semana, cuando se espera que las multitudes aumenten una vez m\u00e1s.<\/p>\n<p>Errol Mendes, profesor de derecho constitucional en la Universidad de Ottawa, dijo que las actividades anteriores de la polic\u00eda en protestas a gran escala muestran que hay medidas adicionales a la mano.<\/p>\n<p>Por ejemplo, la polic\u00eda erigi\u00f3 barreras f\u00edsicas y zonas seguras en la Cumbre del G7 en la ciudad de Quebec y la Cumbre del G20\/G8 en Toronto.<\/p>\n<p>Mendes dijo que no quer\u00eda cuestionar las decisiones tomadas por la polic\u00eda con base en la informaci\u00f3n con la que est\u00e1n trabajando. Pero dijo que espera que los funcionarios est\u00e9n analizando la gama de posibilidades disponibles.<\/p>\n<p>\u201cLo que estoy instando a la gente a hacer es ver lo que sucedi\u00f3 en otras ciudades\u201d, dijo. \u201cLas respuestas est\u00e1n ah\u00ed\u201d.<\/p>\n<p><em><strong>\u00bfQu\u00e9 otras opciones podr\u00eda haber para la polic\u00eda?<\/strong><\/em><br \/>\nSin embargo, la pregunta m\u00e1s importante que persigui\u00f3 a los funcionarios durante la \u00faltima semana ha sido: \u00bfqu\u00e9 m\u00e1s se puede hacer?<\/p>\n<p>Sloly dijo inicialmente que hacer cumplir la ley podr\u00eda acarrear riesgos para sus oficiales.<\/p>\n<p>Desde entonces, ha dicho que la polic\u00eda est\u00e1 adoptando una estrategia de &#8220;aumentar y contener&#8221; y que la conducta &#8220;ilegal&#8221; ser\u00e1 investigada y procesada.<\/p>\n<p>Sloly dijo el jueves que podr\u00edan necesitarse otras opciones, como el apoyo adicional de los pol\u00edticos, o incluso de las Fuerzas Armadas canadienses. La RCMP tambi\u00e9n ha estado intensificando su asistencia a pedido de la ciudad durante las \u00faltimas 24 horas, agreg\u00f3.<\/p>\n<p>El apoyo adicional podr\u00eda venir en una variedad de formas.<\/p>\n<p>La polic\u00eda de Ottawa estima actualmente que el costo de vigilar las protestas es de $ 800,000 por d\u00eda.<\/p>\n<p>Un programa federal llamado Programa de costos policiales extraordinarios de la capital de la naci\u00f3n reserva aproximadamente $ 3 millones cada a\u00f1o durante cinco a\u00f1os para la polic\u00eda de la Regi\u00f3n de la capital nacional que enfrenta circunstancias extraordinarias.<\/p>\n<p>Una fuente del gobierno le dijo a Global News que los funcionarios est\u00e1n abiertos a aumentar la cantidad de dinero disponible para la ciudad una vez que est\u00e9n claros los costos totales de lidiar con la manifestaci\u00f3n.<\/p>\n<p>La concejala de la ciudad de Ottawa, Catherine McKenney, que representa al distrito del centro de Somerset, escribi\u00f3 una carta al primer ministro Trudeau y a la comisionada de la RCMP Brenda Lucki el jueves, inst\u00e1ndolas a que la RCMP se hiciera cargo de la vigilancia policial de la fuerza de Ottawa.<\/p>\n<p>\u201cLos residentes que viven en el centro de Ottawa han sido abandonados. Ahora nos dicen que se espera que lleguen m\u00e1s camiones este fin de semana para reforzar los n\u00fameros del convoy\u201d, escribi\u00f3 McKenney en su carta.<\/p>\n<p>Un portavoz del ministro de Seguridad P\u00fablica, Marco Mendicino, dijo que sigue habiendo discusiones sobre si la polic\u00eda local requerir\u00e1 una participaci\u00f3n adicional de la RCMP.<\/p>\n<p>Se proporcionaron oficiales adicionales a la ciudad el jueves por la noche, y la RCMP ha dicho que tambi\u00e9n se est\u00e1n desplegando oficiales de sus divisiones de Ontario y Quebec.<\/p>\n<p>\u201cEl n\u00famero exacto fluctuar\u00e1 seg\u00fan la necesidad identificada y cualquier desarrollo operativo\u201d, dijo un portavoz de la fuerza.<\/p>\n<p>La RCMP no proporciona vigilancia policial de primera l\u00ednea en Ontario, como lo hace en otras provincias.<\/p>\n<p>En cambio, el rol de la fuerza en la provincia se enfoca en asuntos federales: crimen organizado, contraterrorismo, servicios de protecci\u00f3n y asuntos de seguridad nacional, t\u00edpicamente a trav\u00e9s del Equipo de Respuesta a Emergencias.<\/p>\n<p>El Equipo de Respuesta a Emergencias es una fuerza t\u00e1ctica especializada llamada para operaciones de &#8220;alto riesgo&#8221;, incluida la &#8220;resoluci\u00f3n de incidentes de personas armadas y barricadas&#8221;.<\/p>\n<p>Algunos de esos miembros ya est\u00e1n desplegados, confirm\u00f3 Global News.<\/p>\n<p><em><strong>\u00bfSe involucrar\u00e1n los militares?<\/strong><\/em><br \/>\nLa ministra de Defensa, Anita Anand, fue tajante: \u201cLas Fuerzas Canadienses no son una fuerza policial\u201d.<\/p>\n<p>\u201cComo tal, no hay planes para que las Fuerzas Armadas de Canad\u00e1 se involucren en la situaci\u00f3n actual en Ottawa en calidad de fuerzas del orden\u201d, dijo en un tuit.<\/p>\n<p>Llamar a los militares ser\u00eda una decisi\u00f3n rara y extraordinaria.<\/p>\n<p>Un oficial legal militar le dijo a Global News que esto normalmente suceder\u00eda a trav\u00e9s de la Ley de Defensa Nacional: espec\u00edficamente, dos secciones de la ley, una de las cuales se us\u00f3 durante la crisis de Oka de 1990.<\/p>\n<p>Ese despliegue del ej\u00e9rcito se produjo a pedido del primer ministro de Quebec en ese momento en virtud de la Parte VI de la Ley de Defensa Nacional, que establece que se puede llamar al ej\u00e9rcito para apoyar a la polic\u00eda como una &#8220;ayuda al poder civil&#8221;.<\/p>\n<p>Bajo esa secci\u00f3n, el fiscal general de cualquier provincia puede llamar a las Fuerzas Canadienses \u201cpara el servicio en ayuda del poder civil en cualquier caso en que un mot\u00edn o perturbaci\u00f3n de la paz, m\u00e1s all\u00e1 de los poderes de las autoridades civiles para reprimir, prevenir o tratar y requerir ese servicio\u201d est\u00e1 ocurriendo o es probable que suceda.<\/p>\n<p>Tambi\u00e9n est\u00e1 la Secci\u00f3n 273.6, que describe los poderes de la rama ejecutiva del gobierno para desplegar las fuerzas armadas. Seg\u00fan esa secci\u00f3n, solo el gabinete federal o el ministro de defensa pueden \u201cautorizar a las Fuerzas Canadienses a realizar cualquier tarea que involucre el servicio p\u00fablico\u201d.<\/p>\n<p>En ese caso, el gabinete o el ministro pueden \u201cemitir instrucciones autorizando a las Fuerzas Armadas Canadienses a brindar asistencia con respecto a cualquier asunto relacionado con el cumplimiento de la ley\u201d en las siguientes dos circunstancias: \u201cla asistencia es de inter\u00e9s nacional\u201d y \u201cel asunto no puede ser tratado efectivamente excepto con la asistencia de las Fuerzas Canadienses\u201d.<\/p>\n<p>Sin embargo, tanto Trudeau como Anand han dicho que desplegar el ej\u00e9rcito no est\u00e1 &#8220;en las cartas&#8221; en este momento.<\/p>\n","protected":false},"excerpt":{"rendered":"<p>&#8211; Escuche atentamente, y debajo de las bocinas a todo volumen del llamado &#8220;Convoy de la Libertad&#8221; en el centro de Ottawa, lo escucha: un&hellip;<\/p>\n","protected":false},"author":99,"featured_media":501433,"comment_status":"open","ping_status":"open","sticky":false,"template":"","format":"standard","meta":{"footnotes":""},"categories":[21,11191],"tags":[],"class_list":["post-501432","post","type-post","status-publish","format-standard","has-post-thumbnail","hentry","category-canada","category-top-news"],"_links":{"self":[{"href":"https:\/\/diarioelpopular.com\/index.php\/wp-json\/wp\/v2\/posts\/501432","targetHints":{"allow":["GET"]}}],"collection":[{"href":"https:\/\/diarioelpopular.com\/index.php\/wp-json\/wp\/v2\/posts"}],"about":[{"href":"https:\/\/diarioelpopular.com\/index.php\/wp-json\/wp\/v2\/types\/post"}],"author":[{"embeddable":true,"href":"https:\/\/diarioelpopular.com\/index.php\/wp-json\/wp\/v2\/users\/99"}],"replies":[{"embeddable":true,"href":"https:\/\/diarioelpopular.com\/index.php\/wp-json\/wp\/v2\/comments?post=501432"}],"version-history":[{"count":1,"href":"https:\/\/diarioelpopular.com\/index.php\/wp-json\/wp\/v2\/posts\/501432\/revisions"}],"predecessor-version":[{"id":501434,"href":"https:\/\/diarioelpopular.com\/index.php\/wp-json\/wp\/v2\/posts\/501432\/revisions\/501434"}],"wp:featuredmedia":[{"embeddable":true,"href":"https:\/\/diarioelpopular.com\/index.php\/wp-json\/wp\/v2\/media\/501433"}],"wp:attachment":[{"href":"https:\/\/diarioelpopular.com\/index.php\/wp-json\/wp\/v2\/media?parent=501432"}],"wp:term":[{"taxonomy":"category","embeddable":true,"href":"https:\/\/diarioelpopular.com\/index.php\/wp-json\/wp\/v2\/categories?post=501432"},{"taxonomy":"post_tag","embeddable":true,"href":"https:\/\/diarioelpopular.com\/index.php\/wp-json\/wp\/v2\/tags?post=501432"}],"curies":[{"name":"wp","href":"https:\/\/api.w.org\/{rel}","templated":true}]}}