{"id":501436,"date":"2022-02-05T10:27:57","date_gmt":"2022-02-05T14:27:57","guid":{"rendered":"https:\/\/diarioelpopular.com\/?p=501436"},"modified":"2022-02-05T10:27:57","modified_gmt":"2022-02-05T14:27:57","slug":"mexico-se-derrumban-las-ventas-de-automoviles","status":"publish","type":"post","link":"https:\/\/diarioelpopular.com\/index.php\/2022\/02\/05\/mexico-se-derrumban-las-ventas-de-automoviles\/","title":{"rendered":"M\u00e9xico: Se derrumban las ventas de autom\u00f3viles"},"content":{"rendered":"<div id=\"attachment_501437\" style=\"width: 646px\" class=\"wp-caption alignnone\"><img loading=\"lazy\" decoding=\"async\" aria-describedby=\"caption-attachment-501437\" class=\"size-custom-full-size wp-image-501437\" src=\"https:\/\/diarioelpopular.com\/wp-content\/uploads\/2022\/02\/1.22cc73-636x358.jpg\" alt=\"\" width=\"636\" height=\"358\" srcset=\"https:\/\/diarioelpopular.com\/wp-content\/uploads\/2022\/02\/1.22cc73-636x358.jpg 636w, https:\/\/diarioelpopular.com\/wp-content\/uploads\/2022\/02\/1.22cc73-300x169.jpg 300w, https:\/\/diarioelpopular.com\/wp-content\/uploads\/2022\/02\/1.22cc73-768x432.jpg 768w, https:\/\/diarioelpopular.com\/wp-content\/uploads\/2022\/02\/1.22cc73-130x73.jpg 130w, https:\/\/diarioelpopular.com\/wp-content\/uploads\/2022\/02\/1.22cc73.jpg 800w\" sizes=\"auto, (max-width: 636px) 100vw, 636px\" \/><p id=\"caption-attachment-501437\" class=\"wp-caption-text\"><em>Una l\u00ednea de ensambre automotriz mexicana<\/em><\/p><\/div>\n<h4><em><strong>&#8211; Enero fue tr\u00e1gico para el sector. Cifras m\u00e1s bajas en una d\u00e9cada<\/strong><\/em><\/h4>\n<p><em><strong>CIUDAD DE MEXICO, 5 FEB &#8211;<\/strong><\/em>La venta de autos en\u00a0enero pasado cay\u00f3 en M\u00e9xico a niveles de hace una d\u00e9cada con la comercializaci\u00f3n de 78.585 veh\u00edculos, una baja de 3,8% frente a\u00a0las unidades que se adquirieron en enero del 2021, de acuerdo con un informe del Instituto Nacional de Estad\u00edstica y Geografia (INEGI).<br \/>\nFue tambi\u00e9n el tercer enero consecutivo en el que se registran retrocesos anuales en la venta de veh\u00edculos, se\u00f1al\u00f3 el reporte del organismo.<br \/>\nDe acuerdo con los expertos, la pandemia de Covid-19 y su consecuente golpe en las cadenas de suministro pero tambi\u00e9n la falta de microprocesadores o chips han puesto en jaque al sector de los autom\u00f3viles en M\u00e9xico, que representa el 3% del Producto Interno Bruto (PIB) y el 18,9% del PIB manufacturero.<br \/>\nGerardo G\u00f3mez, director general de J.D Power, se\u00f1al\u00f3 al diario mexicano El Financiero, afirm\u00f3 que al inicio del a\u00f1o el mercado automovil\u00edstico contin\u00faa por debajo de los niveles de ventas de 2019, que se desplomaron 29,5% en t\u00e9rminos anualizados.<br \/>\nEl sector automotriz es responsable de la generaci\u00f3n de 1,9 millones de empleos en el pa\u00eds, seg\u00fan cifras oficiales.<br \/>\nEl principal factor que provoca este panorama dif\u00edcil en este segmento econ\u00f3mico &#8220;contin\u00faa siendo la falta de inventario, as\u00ed como el nivel elevado&#8221; de la inflaci\u00f3n anual tanto general (7,13 por ciento) como automotriz (8,76%), dijo Guillermo Rosales, presidente de la Asociaci\u00f3n Mexicana de Distribuidores de Automotores (AMDA).<br \/>\nEl resultado de enero muestra &#8220;la persistencia del deterioro en el mercado&#8221;, marcando la primera tasa negativa de 2022 y la quinta disminuci\u00f3n consecutiva iniciada a partir de septiembre de 2021&#8243;, agreg\u00f3.<br \/>\nRosales lament\u00f3 la &#8220;limitada disponibilidad de inventario que enfrenta el sector&#8221; y dijo que para los meses venideros, se mantendr\u00e1 la &#8220;alta incertidumbre&#8221; sobre el suministro de los microprocesadores, adem\u00e1s del &#8220;deterioro del entorno econ\u00f3mico&#8221;.<br \/>\nLa japonesa Nissan fue la marca con mayor participaci\u00f3n de mercado en enero con 17,8%, seguida de la estadounidense General Motors con 14,8% y de la tambi\u00e9n japonesa Toyota en tercer lugar con el 10,9%.<br \/>\nSin embargo, Nissan y General Motors registraron ca\u00eddas del 20,9 y 1,1% por respectivamente en comparaci\u00f3n con el mismo mes del a\u00f1o pasado, mientras Toyota tuvo un incremento de 8,9% frente a enero del 2021.<br \/>\nRosales, presidente de la AMDA estim\u00f3 que para el cierre del a\u00f1o las cosas podr\u00edan no ser tan negativas por cuanto se prev\u00e9 la venta de 1.034.448 veh\u00edculos, lo que significar\u00eda un repunte del 2% en comparaci\u00f3n al 2021.<br \/>\nEn 2020, en coincidencia con el inicio de la pandemia, las ventas de autos en M\u00e9xico cayeron 28%, seg\u00fan fuentes oficiales, al comercializarse 949.353 veh\u00edculos ligeros nuevos, se acuerdo con INEGI.<br \/>\nEsta situaci\u00f3n dram\u00e1tica solo fue superada por el derrumbe de 61,8% observad en 1995, tras la devaluaci\u00f3n del 100% de la moneda nacional y la quiebra de los bancos.<br \/>\nLas cifras negativas del 2020 mostraron el impacto del cierre de negocios por el largo confinamiento decretado por las autoridades, y el impacto a la baja de econom\u00eda mexicana, que cay\u00f3 8,5%, el peor descenso en 90 a\u00f1os, tras la Gran Depresi\u00f3n.<br \/>\nLa crisis en el sector amenaza con agravarse ante la amenaza del gobierno de tomar revancha contra Estados Unidos si aprueba un plan del presidente Joe Biden de otorgar incentivos a los autos el\u00e9ctricos.<br \/>\nSeg\u00fan el proyecto, el gobierno estadounidense podr\u00eda otorgar al menos 12.500 d\u00f3lares a un consumidor estadounidense, de los cuales 4.500 se pagar\u00e1n solo si los veh\u00edculos est\u00e1n ensamblados en f\u00e1bricas de ese pa\u00eds con contratos colectivos de trabajo y otros 500 d\u00f3lares si utilizan bater\u00edas con al menos un 50% de componentes nacionales.<br \/>\nLa medida representa un fuerte rev\u00e9s para M\u00e9xico, que exporta al poderoso pa\u00eds vecino 68% de su producci\u00f3n automovil\u00edstica. Si se aprueba el subsidio, las exportaciones mexicanas de autos de combusti\u00f3n interna en su inmensa mayor\u00eda, se colocar\u00edan en &#8220;situaci\u00f3n tambaleante y podr\u00edan ahuyentar la inversi\u00f3n en autos el\u00e9ctricos en M\u00e9xico&#8221;, pronostic\u00f3 la Asociaci\u00f3n Mexicana de la Industria Automotriz.<\/p>\n","protected":false},"excerpt":{"rendered":"<p>&#8211; Enero fue tr\u00e1gico para el sector. Cifras m\u00e1s bajas en una d\u00e9cada CIUDAD DE MEXICO, 5 FEB &#8211;La venta de autos en\u00a0enero pasado cay\u00f3&hellip;<\/p>\n","protected":false},"author":99,"featured_media":501437,"comment_status":"open","ping_status":"open","sticky":false,"template":"","format":"standard","meta":{"footnotes":""},"categories":[23,11354],"tags":[],"class_list":["post-501436","post","type-post","status-publish","format-standard","has-post-thumbnail","hentry","category-latinoamerica","category-sucesos"],"_links":{"self":[{"href":"https:\/\/diarioelpopular.com\/index.php\/wp-json\/wp\/v2\/posts\/501436","targetHints":{"allow":["GET"]}}],"collection":[{"href":"https:\/\/diarioelpopular.com\/index.php\/wp-json\/wp\/v2\/posts"}],"about":[{"href":"https:\/\/diarioelpopular.com\/index.php\/wp-json\/wp\/v2\/types\/post"}],"author":[{"embeddable":true,"href":"https:\/\/diarioelpopular.com\/index.php\/wp-json\/wp\/v2\/users\/99"}],"replies":[{"embeddable":true,"href":"https:\/\/diarioelpopular.com\/index.php\/wp-json\/wp\/v2\/comments?post=501436"}],"version-history":[{"count":1,"href":"https:\/\/diarioelpopular.com\/index.php\/wp-json\/wp\/v2\/posts\/501436\/revisions"}],"predecessor-version":[{"id":501438,"href":"https:\/\/diarioelpopular.com\/index.php\/wp-json\/wp\/v2\/posts\/501436\/revisions\/501438"}],"wp:featuredmedia":[{"embeddable":true,"href":"https:\/\/diarioelpopular.com\/index.php\/wp-json\/wp\/v2\/media\/501437"}],"wp:attachment":[{"href":"https:\/\/diarioelpopular.com\/index.php\/wp-json\/wp\/v2\/media?parent=501436"}],"wp:term":[{"taxonomy":"category","embeddable":true,"href":"https:\/\/diarioelpopular.com\/index.php\/wp-json\/wp\/v2\/categories?post=501436"},{"taxonomy":"post_tag","embeddable":true,"href":"https:\/\/diarioelpopular.com\/index.php\/wp-json\/wp\/v2\/tags?post=501436"}],"curies":[{"name":"wp","href":"https:\/\/api.w.org\/{rel}","templated":true}]}}