{"id":501444,"date":"2022-02-06T12:37:43","date_gmt":"2022-02-06T16:37:43","guid":{"rendered":"https:\/\/diarioelpopular.com\/?p=501444"},"modified":"2022-02-06T12:37:58","modified_gmt":"2022-02-06T16:37:58","slug":"el-convoy-de-camioneros-de-ottawa-no-esta-por-encima-de-la-ley-dice-el-ministro-de-seguridad-publica","status":"publish","type":"post","link":"https:\/\/diarioelpopular.com\/index.php\/2022\/02\/06\/el-convoy-de-camioneros-de-ottawa-no-esta-por-encima-de-la-ley-dice-el-ministro-de-seguridad-publica\/","title":{"rendered":"El convoy de camioneros de Ottawa &#8220;no est\u00e1 por encima de la ley&#8221;, dice el ministro de seguridad p\u00fablica"},"content":{"rendered":"<p><img loading=\"lazy\" decoding=\"async\" class=\"alignnone size-custom-full-size wp-image-501445\" src=\"https:\/\/diarioelpopular.com\/wp-content\/uploads\/2022\/02\/1.RZOU_-636x405.jpg\" alt=\"\" width=\"636\" height=\"405\" srcset=\"https:\/\/diarioelpopular.com\/wp-content\/uploads\/2022\/02\/1.RZOU_-636x405.jpg 636w, https:\/\/diarioelpopular.com\/wp-content\/uploads\/2022\/02\/1.RZOU_-300x191.jpg 300w, https:\/\/diarioelpopular.com\/wp-content\/uploads\/2022\/02\/1.RZOU_-768x490.jpg 768w, https:\/\/diarioelpopular.com\/wp-content\/uploads\/2022\/02\/1.RZOU_-85x55.jpg 85w, https:\/\/diarioelpopular.com\/wp-content\/uploads\/2022\/02\/1.RZOU_-115x73.jpg 115w, https:\/\/diarioelpopular.com\/wp-content\/uploads\/2022\/02\/1.RZOU_.jpg 800w\" sizes=\"auto, (max-width: 636px) 100vw, 636px\" \/><\/p>\n<h4><em><strong>&#8211; Las personas que participaron en el convoy de camioneros que invadi\u00f3 el centro de Ottawa durante la semana pasada, en lo que algunos l\u00edderes municipales llaman un \u201casedio\u201d, no est\u00e1n por encima de la ley, dijo el ministro de seguridad p\u00fablica del pa\u00eds.<\/strong><\/em><\/h4>\n<h4><em><strong>&#8211; Expertos opinan sobre el cambio de mensajes de salud p\u00fablica sobre &#8220;aprender a vivir con COVID&#8221;<\/strong><\/em><\/h4>\n<p><em><strong>OTTAWA.-<\/strong> <\/em>En una entrevista con Mercedes Stephenson de The West Block, el ministro de Seguridad P\u00fablica, Marco Mendicino, no dijo si cree que las actividades han cruzado la l\u00ednea y se han convertido en una ocupaci\u00f3n.<\/p>\n<p>\u201cEste es un convoy sobre vacunas. El noventa por ciento de los canadienses se han vacunado, incluyendo camioneros. El convoy puede estar en desacuerdo, pero no est\u00e1n por encima de la ley y deber\u00eda haber una resoluci\u00f3n pac\u00edfica de esto lo antes posible\u201d, dijo.<\/p>\n<p>Stephenson pregunt\u00f3: &#8220;\u00bfCrees que esto es una ocupaci\u00f3n o crees que sigue siendo una protesta en Ottawa?&#8221;<\/p>\n<p>\u201cCreo que hay elementos que son preocupantes\u201d, dijo Mendicino. \u201cDonde ves personas que traen bidones de propano, cuando escuchas sobre personas que han sido amenazadas, acosadas y agredidas, y donde no hay fuerzas del orden, entonces no se sienten seguros\u201d.<\/p>\n<p>\u201cEs por eso que es realmente importante que veamos al Servicio de Polic\u00eda de Ottawa intensificar la aplicaci\u00f3n\u201d.<\/p>\n<p>Los concejales de la ciudad de Ottawa en la junta de servicios policiales celebraron una reuni\u00f3n especial el s\u00e1bado por la noche, cuando criticaron al jefe Peter Sloly por su manejo de la situaci\u00f3n durante los \u00faltimos nueve d\u00edas.<\/p>\n<p>A los camioneros se les ha permitido adentrarse en el centro de la ciudad, instalando infraestructura en Confederation Park, as\u00ed como a lo largo de Wellington Street frente a Parliament Hill. Los residentes locales han compartido innumerables relatos en las redes sociales sobre lo que describen como agresi\u00f3n, acoso, intimidaci\u00f3n y amenazas de muerte o violaci\u00f3n por parte de personas asociadas con el convoy.<\/p>\n<p><strong><em>Y el ruido, durante el d\u00eda y la noche, es ensordecedor.<\/em><\/strong><\/p>\n<p>Estamos en el d\u00eda ocho de esta ocupaci\u00f3n. Nuestra ciudad est\u00e1 sitiada. Este grupo est\u00e1 envalentonado por la falta de cumplimiento por parte de todos los niveles del gobierno\u201d, dijo Diane Deans, presidenta de la junta de polic\u00eda.<\/p>\n<p>\u201cEste grupo es una amenaza para nuestra democracia. Lo que estamos viendo es m\u00e1s grande que solo un problema de la ciudad de Ottawa. Esta es una insurrecci\u00f3n a nivel nacional. Esto es una locura. Necesitamos un plan concreto para poner fin a esto\u201d.<\/p>\n<p>Deans llam\u00f3 a las actividades del convoy \u201cterrorismo\u201d. Los concejales de la junta estuvieron de acuerdo. Luego, la reuni\u00f3n fue en c\u00e1mara para discutir la mejor manera de buscar recursos federales y provinciales adicionales, incluido el recurso a la Ley de Emergencias o la Ley de Defensa Nacional, y un toque de queda.<\/p>\n<p>Sloly, quien anunci\u00f3 el viernes que la polic\u00eda estaba lanzando una estrategia de &#8220;aumento y contenci\u00f3n&#8221; con el objetivo de poner fin a la manifestaci\u00f3n, dijo que no pod\u00eda proporcionar un cronograma para poner fin a la misma. Dijo que el servicio de polic\u00eda no tiene los recursos adecuados para hacer el trabajo.<\/p>\n<p>\u201cNo tenemos los recursos suficientes para abordar de manera adecuada y efectiva esta situaci\u00f3n\u201d, dijo.<\/p>\n<p>El primer ministro Justin Trudeau y la ministra de Defensa Anita Anand han dicho que recurrir al ej\u00e9rcito &#8220;no est\u00e1 en las cartas&#8221; ya que &#8220;no es una fuerza policial&#8221;.<\/p>\n<p>Mendicino dijo que existen procesos espec\u00edficos que la polic\u00eda deber\u00eda usar si siente que no puede hacer cumplir la ley por s\u00ed solo.<\/p>\n<p>\u201cSeg\u00fan la ley, el primer paso ser\u00eda que el jefe de polic\u00eda y el alcalde soliciten al Procurador General de Ontario que brinde apoyo adicional a trav\u00e9s de la OPP [Polic\u00eda Provincial de Ontario]. Eso no ha ocurrido hasta este momento\u201d, dijo Mendicino.<br \/>\n\u201cLas fuerzas armadas y su prop\u00f3sito no est\u00e1n dise\u00f1ados para mantener la paz localmente en nuestras comunidades. As\u00ed que obviamente es un \u00faltimo recurso. Mientras tanto, es importante que la polic\u00eda de Ottawa haga su trabajo sobre el terreno\u201d.<\/p>\n<p>&nbsp;<\/p>\n<h4><em><strong>Expertos opinan sobre el cambio de mensajes de salud p\u00fablica sobre &#8220;aprender a vivir con COVID&#8221;<\/strong><\/em><\/h4>\n<p><img loading=\"lazy\" decoding=\"async\" class=\"alignnone size-custom-full-size wp-image-501446\" src=\"https:\/\/diarioelpopular.com\/wp-content\/uploads\/2022\/02\/1.59666-636x477.jpg\" alt=\"\" width=\"636\" height=\"477\" srcset=\"https:\/\/diarioelpopular.com\/wp-content\/uploads\/2022\/02\/1.59666-636x477.jpg 636w, https:\/\/diarioelpopular.com\/wp-content\/uploads\/2022\/02\/1.59666-300x225.jpg 300w, https:\/\/diarioelpopular.com\/wp-content\/uploads\/2022\/02\/1.59666-768x576.jpg 768w, https:\/\/diarioelpopular.com\/wp-content\/uploads\/2022\/02\/1.59666-97x73.jpg 97w, https:\/\/diarioelpopular.com\/wp-content\/uploads\/2022\/02\/1.59666.jpg 800w\" sizes=\"auto, (max-width: 636px) 100vw, 636px\" \/><\/p>\n<p>Los habitantes de Ontario recientemente comenzaron a escuchar a sus principales funcionarios gubernamentales y de salud hablar de &#8220;aprender a vivir con COVID-19&#8221;, pero eso no significa volver inmediatamente a la vida como era en 2019 y las autoridades deber\u00edan refinar su mensaje, dicen los expertos.<\/p>\n<p>El Dr. Kieran Moore, director m\u00e9dico de salud de Ontario, ahora usa la frase, al igual que el principal m\u00e9dico de Toronto, el ministro de salud de Ontario y el primer ministro Doug Ford.<\/p>\n<p>Pasar del mensaje predominante de &#8220;quedarse en casa&#8221; a &#8220;aprender a vivir con eso&#8221; ser\u00e1 dif\u00edcil para muchas personas, dijo la Dra. Anna Banerji, profesora de la Escuela de Salud P\u00fablica de Dalla Lana.<\/p>\n<p>\u201cTodos tenemos un trauma colectivo, todo el mundo tiene, hasta cierto punto, un trauma colectivo, durante los \u00faltimos a\u00f1os\u201d, dijo.<\/p>\n<p>\u201cCreo que ser\u00e1 una dificultad para la gente. La gente est\u00e1 aterrorizada de conseguirlo. Y mucha gente est\u00e1 haciendo todo lo correcto\u201d.<\/p>\n<p>Para algunos, el mensaje representa una transici\u00f3n bienvenida, pero debe hacerse de manera gradual porque el sistema de atenci\u00f3n de la salud todav\u00eda est\u00e1 en apuros, dijo.<\/p>\n<p>\u201cPuede que no sea tanto que el gobierno diga: &#8216;Tienes que tomar estas medidas para mantener segura a la sociedad&#8217;. Creo que probablemente pasar\u00e1 a &#8216;\u00bfCu\u00e1les son sus riesgos? \u00bfQui\u00e9n est\u00e1 a tu alrededor?<\/p>\n<p>Justin Presseau, copresidente del grupo de trabajo de ciencias del comportamiento de la mesa cient\u00edfica de Ontario, dijo que personalmente no es un fan\u00e1tico de la narrativa de &#8220;aprender a vivir con el virus&#8221;.<\/p>\n<p>\u201cTodos nosotros ya hemos estado \u2018viviendo con este virus\u2019 durante m\u00e1s de dos a\u00f1os y muchas personas ya han hecho muchos sacrificios y\/o experimentado p\u00e9rdidas como parte de vivir con el virus\u201d, dijo.<\/p>\n<p>\u201cDados los mensajes anteriores sobre c\u00f3mo mantenerse a salvo, me gustar\u00eda ver una transici\u00f3n m\u00e1s matizada de apoyo y comunicaci\u00f3n sobre c\u00f3mo continuamos trabajando juntos como comunidad para mantenernos seguros a nosotros mismos y a nuestros m\u00e1s vulnerables hasta el final del Omicron actual. fase hacia lo que esperamos se est\u00e9 moviendo hacia un regreso a la normalidad\u201d.<\/p>\n<p>Raywat Deonandan, epidemi\u00f3logo y profesor asociado de la Universidad de Ottawa, dijo que usar el t\u00e9rmino &#8220;aprender a vivir con COVID&#8221; es problem\u00e1tico porque ha sido el &#8220;grito de guerra&#8221; de los minimizadores de COVID durante los \u00faltimos dos a\u00f1os.<\/p>\n<p>\u201cCreo que lo que la gente escucha es rendirse, y eso no es lo que deber\u00edan escuchar\u201d, dijo.<\/p>\n<p>M\u00e1s bien, es una aceptaci\u00f3n de que COVID-19 continuar\u00e1 circulando hasta cierto punto en el futuro previsible, pero la gente no necesariamente deber\u00eda estar aterrorizada, dijo Deonandan.<\/p>\n<p>\u201cNo significa que abramos las puertas y desechemos todas las herramientas de mitigaci\u00f3n\u201d, dijo.<\/p>\n<p>Significa levantar gradualmente las medidas, en capas con &#8220;la magia de la vacunaci\u00f3n&#8221;, aunque se reconoce que algunas personas seguir\u00e1n contrayendo COVID-19, y otras se enfermar\u00e1n y morir\u00e1n, pero con suerte en cantidades tan peque\u00f1as que ya no ser\u00e1 de inter\u00e9s period\u00edstico, dijo Deonandan. .<\/p>\n<p>\u201cCreo que parte del mensaje deber\u00eda ser que no debemos tener miedo\u201d, dijo.<\/p>\n<p>\u201cDe hecho, nunca deber\u00edamos haber tenido miedo por nosotros mismos individualmente. Siempre debemos tener miedo por aquellas personas que no pueden protegerse a s\u00ed mismas y por el sistema de atenci\u00f3n m\u00e9dica\u201d.<\/p>\n<p>El riesgo individual se ha reducido a extremadamente bajo para las personas que est\u00e1n completamente vacunadas y reforzadas, pero no ser\u00e1 cero, dijo Deonandan.<\/p>\n<p>\u201cLo reducimos tanto como podemos, y superponemos ese riesgo con comparadores apropiados, como \u00bfel riesgo est\u00e1 a la par con cruzar la calle? \u00bfEst\u00e1 a la par con comer alimentos crudos? \u00bfEst\u00e1 a la par con invitar a cenar a alguien que sabes que tiene gripe?<\/p>\n<p>Tambi\u00e9n hay diferentes consideraciones para las personas que tienen ni\u00f1os peque\u00f1os que a\u00fan no pueden vacunarse y las que tienen un mayor riesgo o viven con alguien en esa categor\u00eda, anot\u00f3 Deonandan.<\/p>\n<p>Moore, cuando se le pidi\u00f3 la semana pasada que ampliara sus comentarios sobre \u201caprender a vivir con COVID\u201d, dijo que Omicron es tan contagioso que es dif\u00edcil de controlar, y que la provincia ahora tiene una poblaci\u00f3n bien vacunada con acceso a tratamientos efectivos de COVID-19.<\/p>\n<p>Es hora de que la sociedad tenga una discusi\u00f3n sobre cu\u00e1ntas medidas de salud p\u00fablica mantener legalmente o simplemente recomendar, mientras se equilibran las necesidades mentales, f\u00edsicas, sociales, econ\u00f3micas y educativas de las personas, dijo Moore.<\/p>\n<p>\u201cHemos tenido dos a\u00f1os en los que hemos tenido mucho miedo de este virus y las cepas han cambiado con el tiempo\u201d, dijo.<\/p>\n<p>\u201cEntonces, como sociedad, para disminuir ese miedo nos llevar\u00e1 tiempo normalizar la vida con este virus\u201d.<\/p>\n<p>Se espera que muchos de los principios b\u00e1sicos de salud p\u00fablica enfatizados durante la pandemia contin\u00faen, dijo Moore, incluida la higiene de las manos, el distanciamiento f\u00edsico, quedarse en casa cuando se est\u00e1 enfermo e incluso usar m\u00e1scaras, si las personas as\u00ed lo deciden.<\/p>\n<p>\u201cSer\u00e1 un viaje como sociedad salir de esto y normalizar Omicron y COVID como hemos normalizado todos los dem\u00e1s virus\u201d, dijo, prediciendo que probablemente habr\u00e1 una vacuna anual COVID-19, similar a una vacuna contra la gripe.<\/p>\n","protected":false},"excerpt":{"rendered":"<p>&#8211; Las personas que participaron en el convoy de camioneros que invadi\u00f3 el centro de Ottawa durante la semana pasada, en lo que algunos l\u00edderes&hellip;<\/p>\n","protected":false},"author":99,"featured_media":501445,"comment_status":"open","ping_status":"open","sticky":false,"template":"","format":"standard","meta":{"footnotes":""},"categories":[21,11191],"tags":[],"class_list":["post-501444","post","type-post","status-publish","format-standard","has-post-thumbnail","hentry","category-canada","category-top-news"],"_links":{"self":[{"href":"https:\/\/diarioelpopular.com\/index.php\/wp-json\/wp\/v2\/posts\/501444","targetHints":{"allow":["GET"]}}],"collection":[{"href":"https:\/\/diarioelpopular.com\/index.php\/wp-json\/wp\/v2\/posts"}],"about":[{"href":"https:\/\/diarioelpopular.com\/index.php\/wp-json\/wp\/v2\/types\/post"}],"author":[{"embeddable":true,"href":"https:\/\/diarioelpopular.com\/index.php\/wp-json\/wp\/v2\/users\/99"}],"replies":[{"embeddable":true,"href":"https:\/\/diarioelpopular.com\/index.php\/wp-json\/wp\/v2\/comments?post=501444"}],"version-history":[{"count":1,"href":"https:\/\/diarioelpopular.com\/index.php\/wp-json\/wp\/v2\/posts\/501444\/revisions"}],"predecessor-version":[{"id":501447,"href":"https:\/\/diarioelpopular.com\/index.php\/wp-json\/wp\/v2\/posts\/501444\/revisions\/501447"}],"wp:featuredmedia":[{"embeddable":true,"href":"https:\/\/diarioelpopular.com\/index.php\/wp-json\/wp\/v2\/media\/501445"}],"wp:attachment":[{"href":"https:\/\/diarioelpopular.com\/index.php\/wp-json\/wp\/v2\/media?parent=501444"}],"wp:term":[{"taxonomy":"category","embeddable":true,"href":"https:\/\/diarioelpopular.com\/index.php\/wp-json\/wp\/v2\/categories?post=501444"},{"taxonomy":"post_tag","embeddable":true,"href":"https:\/\/diarioelpopular.com\/index.php\/wp-json\/wp\/v2\/tags?post=501444"}],"curies":[{"name":"wp","href":"https:\/\/api.w.org\/{rel}","templated":true}]}}