{"id":501456,"date":"2022-02-07T10:39:53","date_gmt":"2022-02-07T14:39:53","guid":{"rendered":"https:\/\/diarioelpopular.com\/?p=501456"},"modified":"2022-02-07T10:56:37","modified_gmt":"2022-02-07T14:56:37","slug":"ontario-comienza-a-aliviar-las-restricciones-de-ltc-los-residentes-impulsados-pueden-reanudar-los-viajes-de-un-dia","status":"publish","type":"post","link":"https:\/\/diarioelpopular.com\/index.php\/2022\/02\/07\/ontario-comienza-a-aliviar-las-restricciones-de-ltc-los-residentes-impulsados-pueden-reanudar-los-viajes-de-un-dia\/","title":{"rendered":"Ontario comienza a aliviar las restricciones de LTC, los residentes impulsados \u200b\u200b\u200b\u200bpueden reanudar los viajes de un d\u00eda"},"content":{"rendered":"<p>&nbsp;<\/p>\n<p><img loading=\"lazy\" decoding=\"async\" class=\"alignnone size-custom-full-size wp-image-501459\" src=\"https:\/\/diarioelpopular.com\/wp-content\/uploads\/2022\/02\/1.67-636x358.jpg\" alt=\"\" width=\"636\" height=\"358\" srcset=\"https:\/\/diarioelpopular.com\/wp-content\/uploads\/2022\/02\/1.67-636x358.jpg 636w, https:\/\/diarioelpopular.com\/wp-content\/uploads\/2022\/02\/1.67-300x169.jpg 300w, https:\/\/diarioelpopular.com\/wp-content\/uploads\/2022\/02\/1.67-768x432.jpg 768w, https:\/\/diarioelpopular.com\/wp-content\/uploads\/2022\/02\/1.67-130x73.jpg 130w, https:\/\/diarioelpopular.com\/wp-content\/uploads\/2022\/02\/1.67.jpg 800w\" sizes=\"auto, (max-width: 636px) 100vw, 636px\" \/><\/p>\n<h4><em><strong>&#8211; Los residentes \u200b\u200b\u200b\u200bpueden realizar excursiones de un d\u00eda una vez m\u00e1s a medida que Ontario comienza a relajar las restricciones en los entornos de atenci\u00f3n a largo plazo.<\/strong><\/em><\/h4>\n<h4><em><strong>&#8211; La polic\u00eda de Ottawa emite m\u00e1s de 450 multas en relaci\u00f3n con las protestas contra el mandato<\/strong><\/em><\/h4>\n<p>&nbsp;<\/p>\n<p><em><strong>TORONTO.-<\/strong><\/em> La provincia anunci\u00f3 la relajaci\u00f3n gradual de las medidas el viernes, con algunas reglas revertidas esta semana y m\u00e1s cambios el 21 de febrero y el 14 de marzo.<\/p>\n<p>\u201cNuestro gobierno respondi\u00f3 r\u00e1pidamente a la variante Omicron para proteger la salud y la seguridad de los residentes y el personal de los hogares de atenci\u00f3n a largo plazo\u201d, dijo el ministro de atenci\u00f3n a largo plazo, Paul Calandra, en un comunicado.<\/p>\n<p>\u201cCon la mejora de los indicadores de salud p\u00fablica y atenci\u00f3n m\u00e9dica, estamos levantando con cautela estas medidas para que nuestros residentes puedan pasar tiempo con m\u00e1s amigos y familiares que juegan un papel tan importante en su salud y bienestar\u201d.<\/p>\n<p>A partir de este lunes, los residentes que tengan al menos tres dosis de una vacuna contra el COVID-19 podr\u00e1n reanudar los viajes de un d\u00eda y la cantidad de cuidadores por residente aument\u00f3 de dos a cuatro, pero a\u00fan se limitar\u00e1 a dos cuidadores a la vez.<\/p>\n<p>Se prev\u00e9 que se levanten m\u00e1s restricciones dos semanas despu\u00e9s, el 21 de febrero, cuando las personas de cinco a\u00f1os en adelante que est\u00e9n completamente vacunadas podr\u00e1n visitar a sus seres queridos. El n\u00famero de visitantes permitidos a la vez tambi\u00e9n aumentar\u00e1 de dos a tres.<\/p>\n<p>En ese momento, todos los residentes podr\u00e1n reanudar los viajes sociales de un d\u00eda independientemente de su estado de vacunaci\u00f3n y aquellos que tengan tres dosis podr\u00e1n realizar viajes nocturnos.<\/p>\n<p>El 14 de marzo, todos los residentes podr\u00e1n hacer viajes nocturnos independientemente de su estado de vacunaci\u00f3n y los ni\u00f1os menores de cinco a\u00f1os podr\u00e1n visitar nuevamente a sus seres queridos. El n\u00famero de visitantes por residente aumentar\u00e1 de tres a cuatro.<\/p>\n<p>Las restricciones actuales, incluida una pausa en el acceso a los centros de atenci\u00f3n a largo plazo para visitantes generales, entraron en vigencia a fines de diciembre como respuesta a un aumento de COVID-19 causado por la variante Omicron.<\/p>\n<p>La provincia extendi\u00f3 recientemente la fecha l\u00edmite para que los trabajadores reciban la tercera vacuna obligatoria contra el COVID-19 hasta el 14 de marzo. Inicialmente, al personal del sector se le hab\u00eda dado hasta el viernes pasado para recibir vacunas de refuerzo a fin de permanecer en el trabajo.<\/p>\n<p>Hasta el jueves pasado, hay m\u00e1s de 2000 casos activos de COVID-19 entre los residentes de cuidados a largo plazo y casi 1800 entre el personal. La provincia ha informado de al menos 300 muertes relacionadas con el virus entre los residentes desde principios de a\u00f1o.<\/p>\n<p>Los casos de residentes durante la ola de Omicron en enero se acercaron a los n\u00fameros vistos a principios de 2020 cuando los brotes y las infecciones asolaron los hogares de cuidado a largo plazo de la provincia, lo que llev\u00f3 a la provincia a solicitar asistencia militar.<\/p>\n<p>&nbsp;<\/p>\n<h4><em><strong>La polic\u00eda de Ottawa emite m\u00e1s de 450 multas en relaci\u00f3n con las protestas contra el mandato<\/strong><\/em><\/h4>\n<p>&nbsp;<\/p>\n<p><img loading=\"lazy\" decoding=\"async\" class=\"alignnone size-custom-full-size wp-image-501457\" src=\"https:\/\/diarioelpopular.com\/wp-content\/uploads\/2022\/02\/1.jpeg-3-636x415.jpg\" alt=\"\" width=\"636\" height=\"415\" srcset=\"https:\/\/diarioelpopular.com\/wp-content\/uploads\/2022\/02\/1.jpeg-3-636x415.jpg 636w, https:\/\/diarioelpopular.com\/wp-content\/uploads\/2022\/02\/1.jpeg-3-300x196.jpg 300w, https:\/\/diarioelpopular.com\/wp-content\/uploads\/2022\/02\/1.jpeg-3-768x501.jpg 768w, https:\/\/diarioelpopular.com\/wp-content\/uploads\/2022\/02\/1.jpeg-3-85x55.jpg 85w, https:\/\/diarioelpopular.com\/wp-content\/uploads\/2022\/02\/1.jpeg-3-112x73.jpg 112w, https:\/\/diarioelpopular.com\/wp-content\/uploads\/2022\/02\/1.jpeg-3.jpg 800w\" sizes=\"auto, (max-width: 636px) 100vw, 636px\" \/><\/p>\n<p>La polic\u00eda de la capital dijo que se emitieron m\u00e1s de 450 multas en relaci\u00f3n con las protestas contra el mandato en la ciudad desde el s\u00e1bado por la ma\u00f1ana.<\/p>\n<p>En un comunicado de prensa emitido este domingo, la fuerza dijo que durante la noche \u201clos manifestantes exhibieron un comportamiento extremadamente disruptivo e ilegal, lo que present\u00f3 riesgos para la seguridad p\u00fablica y una angustia inaceptable para los residentes de Ottawa\u201d.<\/p>\n<p>Durante m\u00e1s de una semana, cientos de manifestantes se han reunido en la ciudad, interrumpiendo el tr\u00e1fico y estableciendo infraestructura en Confederation Park, as\u00ed como a lo largo de Wellington Street frente a Parliament Hill.<\/p>\n<p>La manifestaci\u00f3n comenz\u00f3 como una muestra de oposici\u00f3n al mandato de vacunaci\u00f3n contra el COVID-19 para los camioneros transfronterizos, pero desde entonces se ha expandido a una protesta m\u00e1s amplia contra el gobierno de Justin Trudeau.<\/p>\n<p>La fuerza dijo que desde que comenzaron las protestas, los oficiales han respondido a m\u00e1s de 650 llamadas de servicio y han emitido m\u00e1s de 450 multas desde el s\u00e1bado por la ma\u00f1ana.<\/p>\n<p>Las multas se han emitido por m\u00faltiples razones, que incluyen, entre otras:<\/p>\n<p>Ruido excesivo<br \/>\nuso de fuegos artificiales<br \/>\nNo conducir en carriles marcados<br \/>\ninfracciones de luz roja<br \/>\nConducir a trav\u00e9s de una ruta no para camiones<br \/>\nViolaciones del cintur\u00f3n de seguridad<br \/>\nConducir un veh\u00edculo en una acera<br \/>\nSe\u00f1ales de desobediencia, silenciador inadecuado<br \/>\nNo producir documentos<br \/>\nConducci\u00f3n acrob\u00e1tica<br \/>\nConducir con una licencia suspendida<br \/>\nConducir sin seguro<br \/>\nSeg\u00fan la polic\u00eda, varios veh\u00edculos tambi\u00e9n fueron incautados y remolcados, incluido un cami\u00f3n robado y un veh\u00edculo abandonado encontrado en una carretera.<\/p>\n<p>La polic\u00eda dijo que los negociadores de la fuerza tambi\u00e9n &#8220;apoyaron los esfuerzos para limitar el ruido y el toque de bocinas&#8221; de 9 a.m. a 1 p.m. el domingo.<\/p>\n<p>La polic\u00eda de Ottawa dijo que se han abierto 97 investigaciones sobre delitos penales en relaci\u00f3n con la manifestaci\u00f3n.<\/p>\n<p>\u201cLos equipos de recopilaci\u00f3n de inteligencia y evidencia contin\u00faan recopilando evidencia financiera, digital, registro de veh\u00edculos, identificaci\u00f3n del conductor, estado del seguro y otra evidencia relacionada que se utilizar\u00e1 en los procesos penales\u201d, se lee en el comunicado.<\/p>\n<p>La fuerza dijo que tambi\u00e9n est\u00e1 \u201ctrabajando activamente con las autoridades de las agencias de seguridad canadienses, estadounidenses e internacionales\u201d para \u201cinvestigar las amenazas basadas en correos electr\u00f3nicos a los funcionarios p\u00fablicos\u201d.<\/p>\n<p>La polic\u00eda de Ottawa dijo que &#8220;todos los oficiales disponibles&#8221; permanecen en servicio activo y se est\u00e1n &#8220;enfocando en patrullar y abordar conductas ilegales y amenazantes en Centretown, Sandy Hill, Lowertown y Byward Market&#8221;.<\/p>\n<p>En un tuit m\u00e1s tarde el domingo, los oficiales dijeron que cualquiera que intente llevar &#8220;apoyos materiales&#8221; como gasolina a los manifestantes &#8220;podr\u00eda ser arrestado&#8221;.<\/p>\n<p>\u201cLa aplicaci\u00f3n est\u00e1 en marcha\u201d, dice el tweet.<\/p>\n<p>M\u00e1s tarde el domingo por la tarde, el alcalde de Ottawa, Jim Watson, declar\u00f3 el estado de emergencia.<\/p>\n<p>En un breve comunicado, la ciudad dice que la decisi\u00f3n refleja el \u201cgrave peligro y amenaza para la seguridad de los residentes\u201d de los manifestantes acampados en gran parte del centro de la ciudad.<\/p>\n<p>En un comunicado el domingo, la procuradora general de Ontario, Sylvia Jones, dijo que vigilar las protestas es una \u201cresponsabilidad de los servicios de polic\u00eda locales en todo Ontario, que tienen los recursos y la autoridad para garantizar que sus comunidades permanezcan seguras\u201d.<\/p>\n<p>\u201cLos pol\u00edticos de todos los niveles no pueden dirigir a la polic\u00eda\u201d, dice el comunicado. \u201cPara ser claros: los servicios policiales, incluido el servicio de polic\u00eda de Ottawa, tienen total discreci\u00f3n y manifestaciones extensas y toman medidas coercitivas, seg\u00fan corresponda, contra las personas que cometen delitos en su jurisdicci\u00f3n\u201d.<\/p>\n<p>Ella dijo que el gobierno de Ontario, incluida la OPP, ha proporcionado \u201crecursos operativos significativos a Ottawa\u201d.<\/p>\n<p>\u201cDesde el comienzo de esta protesta, m\u00e1s de 1500 oficiales de la Polic\u00eda Provincial de Ontario, as\u00ed como oficiales de otros servicios policiales municipales en toda la provincia y la Real Polic\u00eda Montada de Canad\u00e1 han estado en el terreno\u201d.<\/p>\n<p>Jones dijo que funcionarios del ministerio han estado en contacto con funcionarios en Ottawa durante las protestas.<\/p>\n<p>\u201cY tanto el primer ministro como yo hemos reiterado regularmente el compromiso de la provincia de apoyarlos con cualquier recurso operativo adicional que puedan necesitar\u201d, se lee en el comunicado.<\/p>\n<p>En un tuit el domingo, el premier de Ontario, Doug Ford, dijo que si bien la provincia no puede &#8220;dirigir a la polic\u00eda&#8221;, dijo que &#8220;le han brindado a la ciudad de Ottawa todo lo que han pedido y continuar\u00e1n brindando el apoyo que soliciten&#8221;.<\/p>\n","protected":false},"excerpt":{"rendered":"<p>&nbsp; &#8211; Los residentes \u200b\u200b\u200b\u200bpueden realizar excursiones de un d\u00eda una vez m\u00e1s a medida que Ontario comienza a relajar las restricciones en los entornos&hellip;<\/p>\n","protected":false},"author":99,"featured_media":501459,"comment_status":"open","ping_status":"open","sticky":false,"template":"","format":"standard","meta":{"footnotes":""},"categories":[21,11191],"tags":[],"class_list":["post-501456","post","type-post","status-publish","format-standard","has-post-thumbnail","hentry","category-canada","category-top-news"],"_links":{"self":[{"href":"https:\/\/diarioelpopular.com\/index.php\/wp-json\/wp\/v2\/posts\/501456","targetHints":{"allow":["GET"]}}],"collection":[{"href":"https:\/\/diarioelpopular.com\/index.php\/wp-json\/wp\/v2\/posts"}],"about":[{"href":"https:\/\/diarioelpopular.com\/index.php\/wp-json\/wp\/v2\/types\/post"}],"author":[{"embeddable":true,"href":"https:\/\/diarioelpopular.com\/index.php\/wp-json\/wp\/v2\/users\/99"}],"replies":[{"embeddable":true,"href":"https:\/\/diarioelpopular.com\/index.php\/wp-json\/wp\/v2\/comments?post=501456"}],"version-history":[{"count":3,"href":"https:\/\/diarioelpopular.com\/index.php\/wp-json\/wp\/v2\/posts\/501456\/revisions"}],"predecessor-version":[{"id":501466,"href":"https:\/\/diarioelpopular.com\/index.php\/wp-json\/wp\/v2\/posts\/501456\/revisions\/501466"}],"wp:featuredmedia":[{"embeddable":true,"href":"https:\/\/diarioelpopular.com\/index.php\/wp-json\/wp\/v2\/media\/501459"}],"wp:attachment":[{"href":"https:\/\/diarioelpopular.com\/index.php\/wp-json\/wp\/v2\/media?parent=501456"}],"wp:term":[{"taxonomy":"category","embeddable":true,"href":"https:\/\/diarioelpopular.com\/index.php\/wp-json\/wp\/v2\/categories?post=501456"},{"taxonomy":"post_tag","embeddable":true,"href":"https:\/\/diarioelpopular.com\/index.php\/wp-json\/wp\/v2\/tags?post=501456"}],"curies":[{"name":"wp","href":"https:\/\/api.w.org\/{rel}","templated":true}]}}