{"id":501461,"date":"2022-02-07T10:41:05","date_gmt":"2022-02-07T14:41:05","guid":{"rendered":"https:\/\/diarioelpopular.com\/?p=501461"},"modified":"2022-02-07T10:41:05","modified_gmt":"2022-02-07T14:41:05","slug":"cronicas-desde-galapagos-para-el-mundo","status":"publish","type":"post","link":"https:\/\/diarioelpopular.com\/index.php\/2022\/02\/07\/cronicas-desde-galapagos-para-el-mundo\/","title":{"rendered":"CRONICAS. Desde Gal\u00e1pagos para el mundo"},"content":{"rendered":"<p class=\"p1\"><em>Por: Luc\u00eda P. de Garc\u00eda.<\/em><\/p>\n<p class=\"p1\"><em><strong>Toronto.-<\/strong><\/em> Mediante conversaciones realizadas por Rodrigo Borja y Luis Guillermo Sol\u00eds, Presidentes de Ecuador y Costa Rica respectivamente, entre 1988-1992 se abri\u00f3 la posibilidad de ampliar la zona mar\u00edtima de las Islas Gal\u00e1pagos y de la Isla Coco, para crear un Corredor protector de las especies migratorias que circulan esa zona estrat\u00e9gica.<span class=\"Apple-converted-space\">\u00a0<\/span><\/p>\n<p class=\"p1\">El gobierno de Gustavo Noboa (2000-2003) acord\u00f3 en la Cumbre de Johannesburgo lo que su sucesor Lucio Guti\u00e9rrez (2003-2005) firmara en 2004 a nombre de Ecuador, m\u00e1s Costa Rica, Colombia y Panam\u00e1 (orden de adhesi\u00f3n) la Declaraci\u00f3n de San Jos\u00e9 sobre el Corredor Marino de Conservaci\u00f3n del Pac\u00edfico Este Tropical (CMAR), que incluye las islas Coco, Malpelo, Coiba, Gorgona, Gal\u00e1pagos y tiene el fin de mantener la ecolog\u00eda, biodiversidad y conectividad de estos ecosistemas declarados patrimonio mundial por la UNESCO.<span class=\"Apple-converted-space\">\u00a0<\/span><\/p>\n<p class=\"p1\">En 2016 Ecuador asumi\u00f3 la Presidencia y Secretar\u00eda Pro Tempore del CMAR hasta abril 2019. El Presidente de la Rep\u00fablica Rafael Correa (2007-2017) lider\u00f3 el intercambio de proyectos y experiencias de conservaci\u00f3n del Corredor Marino en base a la Constituci\u00f3n ecuatoriana aprobada por la poblaci\u00f3n en 2008, la primera en el mundo en reconocer los derechos de la Naturaleza, e impuls\u00f3 la ampliaci\u00f3n de la Reserva Marina de Gal\u00e1pagos.<span class=\"Apple-converted-space\">\u00a0<\/span><\/p>\n<p class=\"p1\">Con Len\u00edn Moreno presidiendo el gobierno de Ecuador (2017-2021) se increment\u00f3 el n\u00famero de<span class=\"Apple-converted-space\">\u00a0 <\/span>embarcaciones chinas en aguas internacionales frente a Gal\u00e1pagos. En 2020 anclaron 342, para durante un mes de continua labor capturar con pesca de arrastre miles de toneladas de especies y la golosina de Asia: tiburones sedoso y martillo en peligro de extinci\u00f3n. China minimiz\u00f3 los reclamos ecuatorianos.<\/p>\n<p class=\"p1\">Tras llegar a la Presidencia de Ecuador en mayo 2021, Guillermo Lasso anunci\u00f3 durante la COP 26 en Glasgow, que ampliar\u00eda la zona protegida de Gal\u00e1pagos y en canje de deuda destinar\u00eda 300 millones de d\u00f3lares para una estructuraci\u00f3n financiera que producir\u00eda ad infinitum $14 millones anuales, los cuales destinar\u00eda al cuidado de la Reserva Marina, al Parque Nacional Gal\u00e1pagos, y para dotar de servicios b\u00e1sicos a las islas. El 14 de enero 2022 concret\u00f3 su ofrecimiento en ceremonia difundida desde Gal\u00e1pagos para el mundo.<\/p>\n<p class=\"p1\">Al momento el mandatario se encuentra en China. Viaj\u00f3 el 1 de febrero para, seg\u00fan sus propias palabras, acordar con su hom\u00f3logo Xi Jinping dos cosas: un acuerdo comercial y renegociar la deuda que Ecuador mantiene con China desvincul\u00e1ndola del petr\u00f3leo. Ojal\u00e1 recuerde tratar sobre el atentado a la biodiversidad que realizan flotas pesqueras chinas en aguas internacionales frente a Gal\u00e1pagos, eso es coherente con sus ofrecimientos, es urgente y es crucial para proteger el Corredor de Vida Marina que auspicia CMAR.<\/p>\n","protected":false},"excerpt":{"rendered":"<p>Por: Luc\u00eda P. de Garc\u00eda. Toronto.- Mediante conversaciones realizadas por Rodrigo Borja y Luis Guillermo Sol\u00eds, Presidentes de Ecuador y Costa Rica respectivamente, entre 1988-1992&hellip;<\/p>\n","protected":false},"author":99,"featured_media":0,"comment_status":"open","ping_status":"open","sticky":false,"template":"","format":"standard","meta":{"footnotes":""},"categories":[21],"tags":[],"class_list":["post-501461","post","type-post","status-publish","format-standard","hentry","category-canada"],"_links":{"self":[{"href":"https:\/\/diarioelpopular.com\/index.php\/wp-json\/wp\/v2\/posts\/501461","targetHints":{"allow":["GET"]}}],"collection":[{"href":"https:\/\/diarioelpopular.com\/index.php\/wp-json\/wp\/v2\/posts"}],"about":[{"href":"https:\/\/diarioelpopular.com\/index.php\/wp-json\/wp\/v2\/types\/post"}],"author":[{"embeddable":true,"href":"https:\/\/diarioelpopular.com\/index.php\/wp-json\/wp\/v2\/users\/99"}],"replies":[{"embeddable":true,"href":"https:\/\/diarioelpopular.com\/index.php\/wp-json\/wp\/v2\/comments?post=501461"}],"version-history":[{"count":1,"href":"https:\/\/diarioelpopular.com\/index.php\/wp-json\/wp\/v2\/posts\/501461\/revisions"}],"predecessor-version":[{"id":501462,"href":"https:\/\/diarioelpopular.com\/index.php\/wp-json\/wp\/v2\/posts\/501461\/revisions\/501462"}],"wp:attachment":[{"href":"https:\/\/diarioelpopular.com\/index.php\/wp-json\/wp\/v2\/media?parent=501461"}],"wp:term":[{"taxonomy":"category","embeddable":true,"href":"https:\/\/diarioelpopular.com\/index.php\/wp-json\/wp\/v2\/categories?post=501461"},{"taxonomy":"post_tag","embeddable":true,"href":"https:\/\/diarioelpopular.com\/index.php\/wp-json\/wp\/v2\/tags?post=501461"}],"curies":[{"name":"wp","href":"https:\/\/api.w.org\/{rel}","templated":true}]}}