{"id":501467,"date":"2022-02-07T11:07:33","date_gmt":"2022-02-07T15:07:33","guid":{"rendered":"https:\/\/diarioelpopular.com\/?p=501467"},"modified":"2022-02-07T11:07:44","modified_gmt":"2022-02-07T15:07:44","slug":"castillo-no-logra-gobernar-en-peru-y-el-congreso-alista-su-destitucion","status":"publish","type":"post","link":"https:\/\/diarioelpopular.com\/index.php\/2022\/02\/07\/castillo-no-logra-gobernar-en-peru-y-el-congreso-alista-su-destitucion\/","title":{"rendered":"Castillo no logra gobernar en Per\u00fa y el Congreso alista su destituci\u00f3n"},"content":{"rendered":"<p>&nbsp;<\/p>\n<div id=\"attachment_501469\" style=\"width: 646px\" class=\"wp-caption alignnone\"><img loading=\"lazy\" decoding=\"async\" aria-describedby=\"caption-attachment-501469\" class=\"size-custom-full-size wp-image-501469\" src=\"https:\/\/diarioelpopular.com\/wp-content\/uploads\/2022\/02\/1.164019-636x400.jpg\" alt=\"\" width=\"636\" height=\"400\" srcset=\"https:\/\/diarioelpopular.com\/wp-content\/uploads\/2022\/02\/1.164019-636x400.jpg 636w, https:\/\/diarioelpopular.com\/wp-content\/uploads\/2022\/02\/1.164019-300x189.jpg 300w, https:\/\/diarioelpopular.com\/wp-content\/uploads\/2022\/02\/1.164019-768x483.jpg 768w, https:\/\/diarioelpopular.com\/wp-content\/uploads\/2022\/02\/1.164019-116x73.jpg 116w, https:\/\/diarioelpopular.com\/wp-content\/uploads\/2022\/02\/1.164019.jpg 800w\" sizes=\"auto, (max-width: 636px) 100vw, 636px\" \/><p id=\"caption-attachment-501469\" class=\"wp-caption-text\"><em>El presidente de ese pa\u00eds solo lleva seis meses en el poder y ha hecho tres cambios en su gabinete. La oposici\u00f3n intentar\u00e1 una nueva moci\u00f3n de censura en su contra.<\/em><\/p><\/div>\n<p><strong><em>&#8211; Pedro Castillo suma este lunes 194 d\u00edas exactos desde su toma de posesi\u00f3n, el 27 de julio de 2021, y a\u00fan no logra la estabilidad pol\u00edtica que le permita manejar a Per\u00fa libre de pol\u00e9micas.<\/em><\/strong><\/p>\n<p><strong><em>LIMA, 7 FEB.-<\/em> <\/strong>Este izquierdista de origen sindical y campesino ha librado estos 6 meses de mandato sin mayor\u00edas en el Congreso \u2013solo 34 de los 130 congresistas son afines a su gobierno\u2013 y comienza esta semana en medio de una dura pol\u00e9mica que contradice una de las principales banderas de su campa\u00f1a: la equidad de g\u00e9nero y la lucha frontal para frenar la violencia contra la mujer.<\/p>\n<p>La cascada de acusaciones por presunta violencia intrafamiliar contra el tercer primer ministro que nombr\u00f3 en los escasos meses que lleva de Gobierno, H\u00e9ctor Valer, llevaron a que este renunciara en la tarde del s\u00e1bado, horas despu\u00e9s de que Castillo informara que modificar\u00eda, otra vez, a todo su equipo de ministros. Los nuevos nombres se conocer\u00edan en el transcurso de esta semana.<\/p>\n<div class=\"paragraph\">\n<p>\u201cUna vez m\u00e1s nos han puesto un gabinete no id\u00f3neo\u201d, le dijo Susana Ch\u00e1vez, directora del Centro de Promoci\u00f3n y Defensa de los Derechos Sexuales y Reproductivos. Ella advirti\u00f3 que este nuevo equipo del Ejecutivo, que asumi\u00f3 apenas el martes primero de febrero, genera \u201cmuch\u00edsima preocupaci\u00f3n\u201d por mostrar \u201cpoco acercamiento a los derechos humanos y la igualdad de g\u00e9nero\u201d.<\/p>\n<p>H\u00e9ctor Valer, quien estuvo durante cuatro d\u00edas en el cargo m\u00e1s importante del Consejo de Ministros del Per\u00fa, es se\u00f1alado por violencia familiar, contra los vecinos, agentes de seguridad y por agredir a una empleada de la empresa Agrobanco durante una evaluaci\u00f3n psicot\u00e9cnica. Valer dimiti\u00f3, pero su salida no logr\u00f3 aplacar el esc\u00e1ndalo.<\/p>\n<\/div>\n<div class=\"Entretitulo\"><em><strong>\u00bfCambio de gobierno?<\/strong><\/em><\/div>\n<div class=\"Entretitulo\">Pedro Castillo lleva seis meses intentando gobernador sin mayor\u00edas. El tercer cambio de gabinete de lo que va de su mandato es solo una se\u00f1al m\u00e1s de una crisis mucho m\u00e1s aguda que est\u00e1 pr\u00f3xima a suceder: sus contrincantes le piden la renuncia y, si no dimite, el Congreso amenaza con destituirlo.<\/div>\n<div class=\"paragraph\">\n<p>Keiko Fujimori, de Fuerza Popular, es la voz m\u00e1s sonada de la oposici\u00f3n en esa puja. La hija del exmandatario Alberto Fujimori y quien perdi\u00f3 la segunda vuelta frente a Castillo le reclam\u00f3 al izquierdista que se retire de la Presidencia.<\/p>\n<div class=\"paragraph\">\n<p>\u201cTener cuatro gabinetes en menos de siete meses es algo in\u00e9dito y es una situaci\u00f3n muy lamentable para nuestro pa\u00eds. Cuando analizamos los grupos de personas que han ido pasando, yo no creo que ellos sean la enfermedad, creo que son simplemente s\u00edntomas, y aqu\u00ed la enfermedad es Pedro Castillo porque es \u00e9l quien convoca\u201d, sentenci\u00f3 Fujimori.<\/p>\n<p>El Congreso, que domina la oposici\u00f3n pol\u00edtica, tambi\u00e9n puede plantear la vacancia (destituci\u00f3n) presidencial y una acusaci\u00f3n constitucional contra el actual mandatario.<\/p>\n<\/div>\n<div class=\"Entretitulo\"><strong><em>Sin defensa en el Congreso<\/em><\/strong><\/div>\n<div class=\"Entretitulo\">La tercera vicepresidenta del Congreso, Patricia Chirinos, anunci\u00f3 que presentar\u00e1 una acusaci\u00f3n constitucional contra Castillo \u201cpor sus permanentes infracciones constitucionales, su incapacidad flagrante y la evidente corrupci\u00f3n de su Gobierno\u201d.<\/div>\n<div class=\"paragraph\">\n<p>La legisladora, del partido opositor derechista Avanza Pa\u00eds, fue autora, en noviembre pasado, de una moci\u00f3n que ya plante\u00f3 destituir al mandatario y que fracas\u00f3 tras quedarse a 6 votos de conseguir los 52 necesarios para ser admitida a tr\u00e1mite en el pleno.<\/p>\n<p>La bancada del partido ultraderechista Renovaci\u00f3n Popular tambi\u00e9n indic\u00f3 que presentar\u00e1 una moci\u00f3n de destituci\u00f3n contra el presidente, por considerar que este se ha \u201cburlado del pa\u00eds\u201d y no tiene \u201ccompetencias\u201d para mantenerse en el cargo. Incluso. agrupaciones hasta hace poco cercanas al Gobierno, como el liberal Partido Morado, aseguraron que si Castillo \u201cno resuelve la crisis en este tercer Gabinete, tendr\u00e1 que entender que lo mejor para el pa\u00eds es presentar su renuncia\u201d.<\/p>\n<p>Pedro Castillo ya ha reconocido que Per\u00fa \u201cha vivido en un enorme enfrentamiento\u201d pol\u00edtico en los \u00faltimos a\u00f1os y su Gobierno no es la excepci\u00f3n: con una moci\u00f3n de censura a cuestas, su pa\u00eds ya plantea cambiar de presidente<\/p>\n<\/div>\n<\/div>\n","protected":false},"excerpt":{"rendered":"<p>&nbsp; &#8211; Pedro Castillo suma este lunes 194 d\u00edas exactos desde su toma de posesi\u00f3n, el 27 de julio de 2021, y a\u00fan no logra&hellip;<\/p>\n","protected":false},"author":99,"featured_media":501469,"comment_status":"open","ping_status":"open","sticky":false,"template":"","format":"standard","meta":{"footnotes":""},"categories":[23],"tags":[],"class_list":["post-501467","post","type-post","status-publish","format-standard","has-post-thumbnail","hentry","category-latinoamerica"],"_links":{"self":[{"href":"https:\/\/diarioelpopular.com\/index.php\/wp-json\/wp\/v2\/posts\/501467","targetHints":{"allow":["GET"]}}],"collection":[{"href":"https:\/\/diarioelpopular.com\/index.php\/wp-json\/wp\/v2\/posts"}],"about":[{"href":"https:\/\/diarioelpopular.com\/index.php\/wp-json\/wp\/v2\/types\/post"}],"author":[{"embeddable":true,"href":"https:\/\/diarioelpopular.com\/index.php\/wp-json\/wp\/v2\/users\/99"}],"replies":[{"embeddable":true,"href":"https:\/\/diarioelpopular.com\/index.php\/wp-json\/wp\/v2\/comments?post=501467"}],"version-history":[{"count":2,"href":"https:\/\/diarioelpopular.com\/index.php\/wp-json\/wp\/v2\/posts\/501467\/revisions"}],"predecessor-version":[{"id":501471,"href":"https:\/\/diarioelpopular.com\/index.php\/wp-json\/wp\/v2\/posts\/501467\/revisions\/501471"}],"wp:featuredmedia":[{"embeddable":true,"href":"https:\/\/diarioelpopular.com\/index.php\/wp-json\/wp\/v2\/media\/501469"}],"wp:attachment":[{"href":"https:\/\/diarioelpopular.com\/index.php\/wp-json\/wp\/v2\/media?parent=501467"}],"wp:term":[{"taxonomy":"category","embeddable":true,"href":"https:\/\/diarioelpopular.com\/index.php\/wp-json\/wp\/v2\/categories?post=501467"},{"taxonomy":"post_tag","embeddable":true,"href":"https:\/\/diarioelpopular.com\/index.php\/wp-json\/wp\/v2\/tags?post=501467"}],"curies":[{"name":"wp","href":"https:\/\/api.w.org\/{rel}","templated":true}]}}