{"id":501473,"date":"2022-02-08T10:30:56","date_gmt":"2022-02-08T14:30:56","guid":{"rendered":"https:\/\/diarioelpopular.com\/?p=501473"},"modified":"2022-02-08T10:30:56","modified_gmt":"2022-02-08T14:30:56","slug":"la-mayoria-de-los-canadienses-se-oponen-a-las-protestas-pero-muchos-simpatizan-con-la-frustracion-encuesta","status":"publish","type":"post","link":"https:\/\/diarioelpopular.com\/index.php\/2022\/02\/08\/la-mayoria-de-los-canadienses-se-oponen-a-las-protestas-pero-muchos-simpatizan-con-la-frustracion-encuesta\/","title":{"rendered":"La mayor\u00eda de los canadienses se oponen a las protestas, pero muchos simpatizan con la frustraci\u00f3n: Encuesta"},"content":{"rendered":"<p><img loading=\"lazy\" decoding=\"async\" class=\"alignnone size-custom-full-size wp-image-501474\" src=\"https:\/\/diarioelpopular.com\/wp-content\/uploads\/2022\/02\/1.x682-636x424.jpg\" alt=\"\" width=\"636\" height=\"424\" srcset=\"https:\/\/diarioelpopular.com\/wp-content\/uploads\/2022\/02\/1.x682-636x424.jpg 636w, https:\/\/diarioelpopular.com\/wp-content\/uploads\/2022\/02\/1.x682-300x200.jpg 300w, https:\/\/diarioelpopular.com\/wp-content\/uploads\/2022\/02\/1.x682-768x512.jpg 768w, https:\/\/diarioelpopular.com\/wp-content\/uploads\/2022\/02\/1.x682-110x73.jpg 110w, https:\/\/diarioelpopular.com\/wp-content\/uploads\/2022\/02\/1.x682.jpg 800w\" sizes=\"auto, (max-width: 636px) 100vw, 636px\" \/><\/p>\n<h4><em><strong>&#8211; Una nueva encuesta encuentra que casi dos tercios de los canadienses no est\u00e1n de acuerdo con las protestas contra las medidas de COVID-19, y casi la mitad dice que se opone firmemente a las manifestaciones en curso.<\/strong><\/em><\/h4>\n<h4><em><strong>La protesta del convoy de camioneros &#8216;tiene que parar&#8217;, dice Justin Trudeau<\/strong><\/em><\/h4>\n<p>&nbsp;<\/p>\n<p><em><strong>OTTAWA.-<\/strong> <\/em>Sin embargo, m\u00e1s del 30 por ciento de los encuestados en la reciente encuesta de Leger expresaron su apoyo a los manifestantes y casi la mitad de los encuestados (44 por ciento) dijeron que simpatizaban con las frustraciones expresadas por los manifestantes.<\/p>\n<p>El vicepresidente ejecutivo de Leger, Andrew Enns, dice que la encuesta destaca el alcance de las divisiones dentro de Canad\u00e1, lo que sugiere que los manifestantes podr\u00edan haber aprovechado preocupaciones m\u00e1s amplias que solo las quejas de una peque\u00f1a minor\u00eda.<\/p>\n<p>\u201cEl convoy ha capturado y cristalizado algunos de estos sentimientos\u201d, dijo Enns. \u201cEs un mensaje para el liderazgo de que esto podr\u00eda ser un problema mayor\u201d.<\/p>\n<p>Lo que inicialmente se desat\u00f3 como una protesta contra los mandatos de vacunas para los camioneros se transform\u00f3 en una manifestaci\u00f3n contra todos los mandatos de salud de COVID-19. La protesta que se ha apoderado del centro de Ottawa est\u00e1 entrando en su d\u00eda 12 el martes y las ramificaciones de la manifestaci\u00f3n en la capital de la naci\u00f3n han aparecido en ciudades de todo el pa\u00eds durante las \u00faltimas dos semanas.<\/p>\n<p>Los encuestados en Alberta fueron los m\u00e1s propensos a tener apoyo para la protesta del convoy (40 por ciento), mientras que los de B.C. ten\u00edan m\u00e1s probabilidades de oponerse (65 por ciento).<\/p>\n<p>Dos tercios de los encuestados estuvieron de acuerdo con la idea de que el convoy sea una peque\u00f1a minor\u00eda de canadienses que act\u00faan de manera ego\u00edsta. M\u00e1s de la mitad de los encuestados dijeron que creen que el convoy no se trata de mandatos de vacunaci\u00f3n en absoluto, sino \u201cuna oportunidad para que los grupos supremacistas de derecha se re\u00fanan y expresen sus frustraciones sobre la sociedad\u201d.<\/p>\n<p>Un poco m\u00e1s de la mitad de los canadienses dicen que encuentran el convoy &#8220;aterrador&#8221; porque les recuerda el asalto al edificio del capitolio de Estados Unidos en Washington el a\u00f1o pasado.<\/p>\n<p>Pero, el 44 por ciento dice que \u201csimpatizan con las preocupaciones y frustraciones\u201d de los manifestantes a pesar de estar vacunados contra el COVID-19.<\/p>\n<p>La encuesta en l\u00ednea incluy\u00f3 a m\u00e1s de 1500 canadienses de todo el pa\u00eds entre el 4 y el 6 de febrero.<\/p>\n<p>Las protestas contra los mandatos de la vacuna COVID-19 han inmovilizado severamente a Ottawa durante m\u00e1s de una semana. Ottawa declar\u00f3 el estado de emergencia el domingo y el alcalde de la ciudad, Jim Watson, pidi\u00f3 al primer ministro Justin Trudeau que proporcione 1.800 agentes de la ley \u201cpara sofocar la insurrecci\u00f3n que el Servicio de Polic\u00eda de Ottawa no puede contener\u201d.<\/p>\n<p>Trudeau una vez m\u00e1s conden\u00f3 las acciones de los manifestantes durante un debate de emergencia en la C\u00e1mara de los Comunes el lunes y dijo que las protestas no son la forma de superar la pandemia.<\/p>\n<p>Las protestas han dejado a muchos residentes del centro de Ottawa frustrados por el ruido y las constantes interrupciones del tr\u00e1fico. El Tribunal Superior de Justicia de Ontario otorg\u00f3 una orden judicial de 10 d\u00edas el lunes que evitar\u00eda que los camioneros estacionados en las calles de la ciudad toquen sus bocinas incesantemente.<\/p>\n<p>El consejo de la ciudad de Ottawa vot\u00f3 a favor de pedir al primer ministro Doug Ford que promulgue una legislaci\u00f3n que permita al gobierno cobrar a los manifestantes algunos de los altos costos en los que ha incurrido la ciudad durante las manifestaciones en curso.<\/p>\n<p><img loading=\"lazy\" decoding=\"async\" class=\"alignnone size-custom-full-size wp-image-501475\" src=\"https:\/\/diarioelpopular.com\/wp-content\/uploads\/2022\/02\/1.Screenshot-14-636x341.jpg\" alt=\"\" width=\"636\" height=\"341\" srcset=\"https:\/\/diarioelpopular.com\/wp-content\/uploads\/2022\/02\/1.Screenshot-14-636x341.jpg 636w, https:\/\/diarioelpopular.com\/wp-content\/uploads\/2022\/02\/1.Screenshot-14-300x161.jpg 300w, https:\/\/diarioelpopular.com\/wp-content\/uploads\/2022\/02\/1.Screenshot-14-768x412.jpg 768w, https:\/\/diarioelpopular.com\/wp-content\/uploads\/2022\/02\/1.Screenshot-14-136x73.jpg 136w, https:\/\/diarioelpopular.com\/wp-content\/uploads\/2022\/02\/1.Screenshot-14.jpg 800w\" sizes=\"auto, (max-width: 636px) 100vw, 636px\" \/><\/p>\n<p>&nbsp;<\/p>\n<h4><em><strong>La protesta del convoy de camioneros &#8216;tiene que parar&#8217;, dice Justin Trudeau<\/strong><\/em><\/h4>\n<p><em><strong>OTTAWA.-<\/strong> <\/em>El primer ministro Justin Trudeau dijo que la protesta en curso contra el mandato de vacunas en Ottawa est\u00e1 \u201ctratando de bloquear nuestra econom\u00eda, nuestra democracia y la vida cotidiana de nuestros conciudadanos\u201d.<\/p>\n<p>Trudeau: &#8220;Tiene que parar&#8221;.<\/p>\n<p>Trudeau apareci\u00f3 en la C\u00e1mara de los Comunes este lunes por la noche para participar en un debate de emergencia sobre la protesta en Ottawa, que ahora est\u00e1 en su segunda semana.<\/p>\n<p>El ministro de Seguridad P\u00fablica, Marco Mendicino, dijo en la C\u00e1mara que el gobierno hab\u00eda aprobado una solicitud de la RCMP de recursos adicionales para vigilar las protestas.<\/p>\n<p>El lunes temprano, el ayuntamiento de Ottawa vot\u00f3 para solicitar formalmente al gobierno federal que asumiera la responsabilidad de la seguridad p\u00fablica en el recinto parlamentario para liberar a los oficiales de Ottawa para que regresen a proteger los vecindarios residenciales.<\/p>\n<p>En una carta a Trudeau y al premier de Ontario, Doug Ford, el alcalde de Ottawa, Jim Watson, dijo que para \u201csofocar la insurrecci\u00f3n\u201d, la ciudad necesita otros 1.800 oficiales adem\u00e1s de su contingente actual de 2.100 polic\u00edas y miembros civiles.<\/p>\n<p>Se estima que las manifestaciones en el n\u00facleo central le est\u00e1n costando a la ciudad entre $1,8 millones y $2,2 millones por d\u00eda solo para la polic\u00eda, y Watson dijo que la ciudad lleva un registro de todos los costos extraordinarios asociados con la protesta y buscar\u00e1 una compensaci\u00f3n de los niveles m\u00e1s altos del gobierno cuando la protesta finalmente termina.<\/p>\n<p>La carta a los gobiernos federal y provincial llega cuando un juez de Ontario otorg\u00f3 una orden judicial de 10 d\u00edas para evitar que los camioneros que protestan hagan sonar sus bocinas sin cesar, lo que, seg\u00fan los residentes, est\u00e1 causando un da\u00f1o irreparable.<\/p>\n<p>El juez de la Corte Superior de Ontario, Hugh McLean, dijo que su orden era temporal porque necesita escuchar m\u00e1s evidencia, pero que escuch\u00f3 lo suficiente para tomar esta decisi\u00f3n mientras la protesta contra las medidas contra la pandemia de COVID-19 contin\u00faa paralizando los vecindarios alrededor de Parliament Hill.<\/p>\n","protected":false},"excerpt":{"rendered":"<p>&#8211; Una nueva encuesta encuentra que casi dos tercios de los canadienses no est\u00e1n de acuerdo con las protestas contra las medidas de COVID-19, y&hellip;<\/p>\n","protected":false},"author":99,"featured_media":501474,"comment_status":"open","ping_status":"open","sticky":false,"template":"","format":"standard","meta":{"footnotes":""},"categories":[21,11191],"tags":[],"class_list":["post-501473","post","type-post","status-publish","format-standard","has-post-thumbnail","hentry","category-canada","category-top-news"],"_links":{"self":[{"href":"https:\/\/diarioelpopular.com\/index.php\/wp-json\/wp\/v2\/posts\/501473","targetHints":{"allow":["GET"]}}],"collection":[{"href":"https:\/\/diarioelpopular.com\/index.php\/wp-json\/wp\/v2\/posts"}],"about":[{"href":"https:\/\/diarioelpopular.com\/index.php\/wp-json\/wp\/v2\/types\/post"}],"author":[{"embeddable":true,"href":"https:\/\/diarioelpopular.com\/index.php\/wp-json\/wp\/v2\/users\/99"}],"replies":[{"embeddable":true,"href":"https:\/\/diarioelpopular.com\/index.php\/wp-json\/wp\/v2\/comments?post=501473"}],"version-history":[{"count":1,"href":"https:\/\/diarioelpopular.com\/index.php\/wp-json\/wp\/v2\/posts\/501473\/revisions"}],"predecessor-version":[{"id":501476,"href":"https:\/\/diarioelpopular.com\/index.php\/wp-json\/wp\/v2\/posts\/501473\/revisions\/501476"}],"wp:featuredmedia":[{"embeddable":true,"href":"https:\/\/diarioelpopular.com\/index.php\/wp-json\/wp\/v2\/media\/501474"}],"wp:attachment":[{"href":"https:\/\/diarioelpopular.com\/index.php\/wp-json\/wp\/v2\/media?parent=501473"}],"wp:term":[{"taxonomy":"category","embeddable":true,"href":"https:\/\/diarioelpopular.com\/index.php\/wp-json\/wp\/v2\/categories?post=501473"},{"taxonomy":"post_tag","embeddable":true,"href":"https:\/\/diarioelpopular.com\/index.php\/wp-json\/wp\/v2\/tags?post=501473"}],"curies":[{"name":"wp","href":"https:\/\/api.w.org\/{rel}","templated":true}]}}