{"id":501481,"date":"2022-02-08T10:46:25","date_gmt":"2022-02-08T14:46:25","guid":{"rendered":"https:\/\/diarioelpopular.com\/?p=501481"},"modified":"2022-02-08T10:46:25","modified_gmt":"2022-02-08T14:46:25","slug":"la-corte-manda-un-duro-mensaje-al-gobierno","status":"publish","type":"post","link":"https:\/\/diarioelpopular.com\/index.php\/2022\/02\/08\/la-corte-manda-un-duro-mensaje-al-gobierno\/","title":{"rendered":"La Corte manda un duro mensaje al Gobierno"},"content":{"rendered":"<div id=\"attachment_501482\" style=\"width: 646px\" class=\"wp-caption alignnone\"><img loading=\"lazy\" decoding=\"async\" aria-describedby=\"caption-attachment-501482\" class=\"size-custom-full-size wp-image-501482\" src=\"https:\/\/diarioelpopular.com\/wp-content\/uploads\/2022\/02\/1.3014a5bf-636x467.jpg\" alt=\"\" width=\"636\" height=\"467\" srcset=\"https:\/\/diarioelpopular.com\/wp-content\/uploads\/2022\/02\/1.3014a5bf-636x467.jpg 636w, https:\/\/diarioelpopular.com\/wp-content\/uploads\/2022\/02\/1.3014a5bf-300x221.jpg 300w, https:\/\/diarioelpopular.com\/wp-content\/uploads\/2022\/02\/1.3014a5bf-768x564.jpg 768w, https:\/\/diarioelpopular.com\/wp-content\/uploads\/2022\/02\/1.3014a5bf-99x73.jpg 99w, https:\/\/diarioelpopular.com\/wp-content\/uploads\/2022\/02\/1.3014a5bf.jpg 800w\" sizes=\"auto, (max-width: 636px) 100vw, 636px\" \/><p id=\"caption-attachment-501482\" class=\"wp-caption-text\"><em>Alberto Fern\u00e1ndez, presidente de Argentina<\/em><\/p><\/div>\n<p><em><strong>&#8211; Ricardo Lorenzetti, ministro de la Corte Suprema de Justicia, de Argentina, asegur\u00f3 que los integrantes del tribunal de alzada no ceder\u00e1n ante las presiones, luego de que la semana pasada el oficialismo impulsara una movilizaci\u00f3n al Palacio de Tribunales exigiendo cambios en la desprestigiada justicia local.<\/strong><\/em><\/p>\n<p><em><strong>\u00a0BUENOS AIRES 8 FEB &#8211;<\/strong><\/em> &#8220;Quiero dejar en claro que la Corte no va a ceder a ninguna presi\u00f3n como nunca hemos cedido&#8221;, afirm\u00f3 Lorenzetti entrevistado en radio Mitre, en una inusual aparici\u00f3n p\u00fablica.<br \/>\nNo obstante, marc\u00f3 diferencias entre los dirigentes que participaron en la marcha, y dijo que hay algunos con intereses leg\u00edtimos para reformar el Poder Judicial y que eso &#8220;es algo entendible&#8221;.<br \/>\n&#8220;Lo que no se puede aceptar es que una persona que tiene una causa judicial o un procesamiento o que ha cometido un delito y es investigada, pida que el juez que lo investiga renuncie. Eso es una base en el estado de derecho y el juez tiene que tener la estabilidad necesaria&#8221;, explic\u00f3.<br \/>\nSeg\u00fan el presidente Alberto Fern\u00e1ndez, el problema dela Justicia en Argentina &#8220;es muy agudo&#8221;.<br \/>\n&#8220;Creo que en la Corte Suprema hay un problema de funcionamiento muy serio. Cuando en el a\u00f1o 2003 reconstruimos la Corte Suprema con (el presidente) N\u00e9stor Kirchner, no buscamos jueces que fueran afines a nosotros&#8221;, resalt\u00f3 semanas atr\u00e1s. &#8220;La Argentina sinti\u00f3 que aquella Corte Suprema pasaba a tener otra calidad. Desde el momento en que el gobierno de (Mauricio) Macri (su antecesor, NDR) propuso nombrar en comisi\u00f3n a dos jueces de la Corte, empez\u00f3 a degradarse la calidad. Y cuando uno mira el funcionamiento actual, el tema es muy preocupante. El Estado tiene el servicio de salud, de educaci\u00f3n, de seguridad y el servicio de Justicia. El servicio de justicia est\u00e1 funcionando muy mal, por lo menos en lo que concierne a los temas federales. Muy mal&#8221;, dispar\u00f3 el presidente.<br \/>\nD\u00edas atr\u00e1s, el dirigente social Luis D&#8217; El\u00eda -cercano al gobierno de Alberto Fern\u00e1ndez (peronista, centro izquierda)- y el juez Juan Ramos Padilla, con el apoyo de varios sindicalistas -algunos con causas judiciales abiertas en su contra- impulsaron una protesta con diversas consignas, que inclu\u00edan un pedido de renuncia a los integrantes de la Corte.<br \/>\nLuego la oposici\u00f3n arm\u00f3 una manifestaci\u00f3n en defensa dela Corte bajo la consigna de &#8220;democratizar&#8221; la justicia.<br \/>\n&#8220;La garant\u00eda que tenemos que dar a la poblaci\u00f3n es que la Corte es independiente y aplica la Constituci\u00f3n, la ley, con serenidad y con templanza; no reaccionamos frente a cualquier coyuntura&#8221;, insisti\u00f3 Lorenzetti.<br \/>\nLuego respondi\u00f3 a las afirmaciones de la vicepresidenta y ex mandataria, Cristina Kirchner, que asegur\u00f3 que los golpes de Estado moderno son perpetrados por los jueces a trav\u00e9s de la teor\u00eda del &#8220;lawfare&#8221;, como se llama el ataque contra rivales pol\u00edticos utilizando indebidamente los procedimientos legales y las acusaciones en causas.<br \/>\n&#8220;Respeto la opini\u00f3n de todos&#8221;, dijo Lorenzetti, pero aludi\u00f3 a la situaci\u00f3n de Lula Da Silva en Brasil para responder. &#8220;Yo tengo una relaci\u00f3n estrecha acad\u00e9mica con la Corte brasile\u00f1a. Y en el caso de Lula, el juez que resolvi\u00f3 tanto la acusaci\u00f3n inicial por el Lava Jato y luego una nulidad presentada por los abogados y en ning\u00fan momento hablaron de &#8216;lawfare&#8217;. Ni Lula ni el juez&#8221;, explic\u00f3.<br \/>\n&#8220;Y eso es lo que hacemos nosotros, nosotros que tenemos que trabajar en base al derecho; si hay pruebas o no hay pruebas, si hay defensas o no hay defensas, lo dem\u00e1s son opiniones&#8221;, remarc\u00f3 Lorenzetti.<br \/>\n&#8220;Para m\u00ed el &#8216;lawfare&#8217; no existe. Yo no tengo ninguna duda al respecto. Nosotros en la Corte hemos tenido siempre la misma conducta. Yo he dictado fallos con una l\u00ednea de principios que sigo sosteniendo ahora, no voy a cambiar mi opini\u00f3n por una coyuntura pol\u00edtica. Las mismas decisiones que tomamos ahora las hemos adoptado con los 4 presidentes que hemos tenido&#8221;, complet\u00f3.<br \/>\nLa Corte Suprema de Argentina vive una situaci\u00f3n ins\u00f3lita desde hace meses, tras la renuncia de uno de sus miembros, Highton de Nolasco, pues qued\u00f3 integrada por cuatro jueces, con lo que el desempate de opiniones a veces resulta imposible en votaci\u00f3n.<br \/>\nMientras el gobierno no designe al quinto integrante del tribunal, los ministros intentar\u00e1n buscar acuerdos, lo que requiere un fuerte trabajo interno en los casos que no haya consenso, dijo Lorenzetti.<\/p>\n","protected":false},"excerpt":{"rendered":"<p>&#8211; Ricardo Lorenzetti, ministro de la Corte Suprema de Justicia, de Argentina, asegur\u00f3 que los integrantes del tribunal de alzada no ceder\u00e1n ante las presiones,&hellip;<\/p>\n","protected":false},"author":99,"featured_media":501482,"comment_status":"open","ping_status":"open","sticky":false,"template":"","format":"standard","meta":{"footnotes":""},"categories":[23],"tags":[],"class_list":["post-501481","post","type-post","status-publish","format-standard","has-post-thumbnail","hentry","category-latinoamerica"],"_links":{"self":[{"href":"https:\/\/diarioelpopular.com\/index.php\/wp-json\/wp\/v2\/posts\/501481","targetHints":{"allow":["GET"]}}],"collection":[{"href":"https:\/\/diarioelpopular.com\/index.php\/wp-json\/wp\/v2\/posts"}],"about":[{"href":"https:\/\/diarioelpopular.com\/index.php\/wp-json\/wp\/v2\/types\/post"}],"author":[{"embeddable":true,"href":"https:\/\/diarioelpopular.com\/index.php\/wp-json\/wp\/v2\/users\/99"}],"replies":[{"embeddable":true,"href":"https:\/\/diarioelpopular.com\/index.php\/wp-json\/wp\/v2\/comments?post=501481"}],"version-history":[{"count":1,"href":"https:\/\/diarioelpopular.com\/index.php\/wp-json\/wp\/v2\/posts\/501481\/revisions"}],"predecessor-version":[{"id":501483,"href":"https:\/\/diarioelpopular.com\/index.php\/wp-json\/wp\/v2\/posts\/501481\/revisions\/501483"}],"wp:featuredmedia":[{"embeddable":true,"href":"https:\/\/diarioelpopular.com\/index.php\/wp-json\/wp\/v2\/media\/501482"}],"wp:attachment":[{"href":"https:\/\/diarioelpopular.com\/index.php\/wp-json\/wp\/v2\/media?parent=501481"}],"wp:term":[{"taxonomy":"category","embeddable":true,"href":"https:\/\/diarioelpopular.com\/index.php\/wp-json\/wp\/v2\/categories?post=501481"},{"taxonomy":"post_tag","embeddable":true,"href":"https:\/\/diarioelpopular.com\/index.php\/wp-json\/wp\/v2\/tags?post=501481"}],"curies":[{"name":"wp","href":"https:\/\/api.w.org\/{rel}","templated":true}]}}