{"id":501485,"date":"2022-02-09T09:51:46","date_gmt":"2022-02-09T13:51:46","guid":{"rendered":"https:\/\/diarioelpopular.com\/?p=501485"},"modified":"2022-02-09T09:51:46","modified_gmt":"2022-02-09T13:51:46","slug":"convoy-de-camioneros-ninos-en-el-25-de-los-vehiculos-podrian-complicar-la-respuesta-dice-la-policia","status":"publish","type":"post","link":"https:\/\/diarioelpopular.com\/index.php\/2022\/02\/09\/convoy-de-camioneros-ninos-en-el-25-de-los-vehiculos-podrian-complicar-la-respuesta-dice-la-policia\/","title":{"rendered":"Convoy de camioneros: ni\u00f1os en el 25% de los veh\u00edculos podr\u00edan &#8220;complicar&#8221; la respuesta, dice la polic\u00eda"},"content":{"rendered":"<p><img loading=\"lazy\" decoding=\"async\" class=\"alignnone size-custom-full-size wp-image-501487\" src=\"https:\/\/diarioelpopular.com\/wp-content\/uploads\/2022\/02\/1.-kids-636x408.jpg\" alt=\"\" width=\"636\" height=\"408\" srcset=\"https:\/\/diarioelpopular.com\/wp-content\/uploads\/2022\/02\/1.-kids-636x408.jpg 636w, https:\/\/diarioelpopular.com\/wp-content\/uploads\/2022\/02\/1.-kids-300x192.jpg 300w, https:\/\/diarioelpopular.com\/wp-content\/uploads\/2022\/02\/1.-kids-768x492.jpg 768w, https:\/\/diarioelpopular.com\/wp-content\/uploads\/2022\/02\/1.-kids-85x55.jpg 85w, https:\/\/diarioelpopular.com\/wp-content\/uploads\/2022\/02\/1.-kids-114x73.jpg 114w, https:\/\/diarioelpopular.com\/wp-content\/uploads\/2022\/02\/1.-kids.jpg 800w\" sizes=\"auto, (max-width: 636px) 100vw, 636px\" \/><\/p>\n<h4><em><strong>&#8211; La polic\u00eda de Ottawa est\u00e1 expresando su preocupaci\u00f3n por la seguridad de los ni\u00f1os que viven en los camiones &#8220;Freedom Convoy&#8221; y dijo que su presencia &#8220;complica&#8221; los esfuerzos para poner fin a la manifestaci\u00f3n.<\/strong><\/em><\/h4>\n<h4><em><strong>&#8211; Diputado liberal le dice a Trudeau que &#8220;deje de dividir a los canadienses&#8221; con el enfoque COVID-19<\/strong><\/em><\/h4>\n<p><em><strong>OTTAWA.-<\/strong> <\/em>Se estima que m\u00e1s de 100 de los camiones que quedaron como parte de la protesta de casi dos semanas en el centro de Ottawa tienen ni\u00f1os viviendo en ellos, dijo a los medios el jefe adjunto de la OPS, Steve Bell, en una sesi\u00f3n informativa el martes por la tarde.<\/p>\n<p>\u201cCasi el 25 por ciento de los 418 camiones tienen ni\u00f1os viviendo en ellos, ni\u00f1os que podr\u00edan estar en riesgo durante una operaci\u00f3n policial\u201d, dijo Bell.<\/p>\n<p>\u201cHay una multitud de preocupaciones\u201d, dijo, citando los efectos del mon\u00f3xido de carbono, los gases del di\u00e9sel, el fr\u00edo, el ruido y la falta de acceso a saneamiento en los ni\u00f1os.<\/p>\n<p>La polic\u00eda de Ottawa ha recurrido a la &#8220;Children&#8217;s Aid Society (CAS)&#8221; para obtener asesoramiento sobre c\u00f3mo proceder con las operaciones de cumplimiento en el centro de la ciudad.<\/p>\n<p>No buscan sacar a los ni\u00f1os de los camiones o alejarlos de sus padres en esta etapa, dijo Bell, pero seguir\u00e1n las recomendaciones de CAS.<\/p>\n<p>\u201cNo estamos en la etapa de buscar hacer ning\u00fan tipo de actividad de cumplimiento en torno a eso\u201d, dijo.<\/p>\n<p>\u201cCreemos que es un factor importante que complica y hace que esta operaci\u00f3n sea a\u00fan m\u00e1s desafiante\u201d.<\/p>\n<p><strong><em>La aplicaci\u00f3n se vuelve peligrosa y compleja para la polic\u00eda<\/em><\/strong><br \/>\nHasta la fecha, la polic\u00eda y los oficiales del orden p\u00fablico emitieron m\u00e1s de 1300 multas por infracciones de tr\u00e1nsito, realizaron 23 arrestos y tienen 85 investigaciones penales activas relacionadas con la protesta, que comenz\u00f3 como una respuesta a los mandatos de vacunaci\u00f3n pero se ha expandido para incluir una amplia gama de acciones anti- sentimiento del gobierno.<\/p>\n<p>La OPS tambi\u00e9n est\u00e1 en contacto con las agencias de inteligencia estadounidenses e internacionales para rastrear las amenazas enviadas por correo electr\u00f3nico a los funcionarios p\u00fablicos que se originan fuera de Canad\u00e1.<\/p>\n<p>Bell dijo que la OPS trabaj\u00f3 con la polic\u00eda de Ohio el lunes para arrestar a un hombre acusado de hacer amenazas \u201cfalsas\u201d por tel\u00e9fono para \u201cenga\u00f1ar y distraer\u201d a los recursos de emergencia.<\/p>\n<p>Los esfuerzos para hacer cumplir la prohibici\u00f3n de repostar y otras acciones para reducir la huella del convoy encuentran cada vez m\u00e1s resistencia por parte de los manifestantes, dijo Bell.<\/p>\n<p>La polic\u00eda que intentaba incautar combustible en el centro fue \u201crodeada\u201d por un grupo de manifestantes, dijo, lo que provoc\u00f3 heridas leves a algunos oficiales.<\/p>\n<p>\u201cLa agresividad reciente hacia nuestros oficiales es inaceptable\u201d, dijo Bell.<\/p>\n<p>Tambi\u00e9n dijo que es &#8220;muy preocupante&#8221; ver el &#8220;nivel de sofisticaci\u00f3n&#8221; de los manifestantes para contrarrestar las operaciones policiales.<\/p>\n<p>En los \u00faltimos d\u00edas, los manifestantes llenaron bidones con agua en un intento de confundir a la polic\u00eda que hace cumplir la prohibici\u00f3n de combustible y se cortaron los frenos o se quitaron las ruedas de los camiones para obstaculizar los esfuerzos por sacarlos del centro de la ciudad.<\/p>\n<p>\u201cHay muchas capas de complejidad para desmantelar esta ocupaci\u00f3n\u201d, dijo Bell.<\/p>\n<p>El subjefe dijo que \u201ctodas las opciones siguen sobre la mesa\u201d cuando se trata de posibles v\u00edas legales para derrotar la protesta, pero no dijo si la ciudad o la fuerza local acudir\u00edan a los tribunales o solicitar\u00edan a los gobiernos federal o provincial declaraciones adicionales para para terminar la protesta.<\/p>\n<p>Bell renov\u00f3 las llamadas del jefe Peter Sloly y el alcalde de Ottawa, Jim Watson, el lunes para que 1800 miembros juramentados y civiles adicionales se unan a la OPS de fuentes federales y provinciales.<\/p>\n<p>Reiter\u00f3 que la polic\u00eda tiene buenos canales de comunicaci\u00f3n con la RCMP, la OPP, la S\u00fbret\u00e9 du Quebec y otras fuerzas municipales, as\u00ed como con los niveles m\u00e1s altos del gobierno, pero no dijo el martes si se ha concedido alguna de las solicitudes de oficiales adicionales.<\/p>\n<p>Tener un mayor n\u00famero de oficiales disponibles ser\u00e1 clave para hacer cumplir la prohibici\u00f3n de reabastecimiento de combustible y otros esfuerzos para acabar con la huella del convoy en Ottawa, dijo Bell.<\/p>\n<p>\u201cEs por eso que hemos hecho la gran solicitud que tenemos, para que podamos tener la presencia que necesitamos para poner fin a esta ocupaci\u00f3n de manera exitosa, expedita y r\u00e1pida\u201d.<\/p>\n<p>&nbsp;<\/p>\n<h4><em><strong>Diputado liberal le dice a Trudeau que &#8220;deje de dividir a los canadienses&#8221; con el enfoque COVID-19<\/strong><\/em><\/h4>\n<p><img loading=\"lazy\" decoding=\"async\" class=\"alignnone size-custom-full-size wp-image-501486\" src=\"https:\/\/diarioelpopular.com\/wp-content\/uploads\/2022\/02\/1.avid_-636x358.jpg\" alt=\"\" width=\"636\" height=\"358\" srcset=\"https:\/\/diarioelpopular.com\/wp-content\/uploads\/2022\/02\/1.avid_-636x358.jpg 636w, https:\/\/diarioelpopular.com\/wp-content\/uploads\/2022\/02\/1.avid_-300x169.jpg 300w, https:\/\/diarioelpopular.com\/wp-content\/uploads\/2022\/02\/1.avid_-768x432.jpg 768w, https:\/\/diarioelpopular.com\/wp-content\/uploads\/2022\/02\/1.avid_-130x73.jpg 130w, https:\/\/diarioelpopular.com\/wp-content\/uploads\/2022\/02\/1.avid_.jpg 800w\" sizes=\"auto, (max-width: 636px) 100vw, 636px\" \/><\/p>\n<p>El parlamentario liberal Jo\u00ebl Lightbound se ha pronunciado en contra del enfoque de su propio partido ante la pandemia de COVID-19, y pide al gobierno federal que \u201cdeje de dividir a los canadienses\u201d y proporcione un plan claro sobre cu\u00e1ndo levantar\u00e1 los mandatos de vacunas.<\/p>\n<p>Renunci\u00f3 como presidente del caucus de Quebec para el partido ese mismo d\u00eda y anunci\u00f3 la decisi\u00f3n en un tuit.<\/p>\n<p>Durante su conferencia de prensa de este martes por la ma\u00f1ana, Lightbound pidi\u00f3 al primer ministro Justin Trudeau y al gobierno liberal que \u201cdejen de dividir a los canadienses\u201d.<\/p>\n<p>\u201cNo puedo dejar de notar con pesar que tanto el tono como las pol\u00edticas de mi gobierno cambiaron dr\u00e1sticamente en la v\u00edspera y durante la \u00faltima campa\u00f1a electoral\u201d.<\/p>\n<p>M\u00e1s recientemente, Trudeau ha condenado el comportamiento del llamado \u201cConvoy de la Libertad\u201d de manifestantes que se ha apoderado de gran parte del centro de Ottawa.<\/p>\n<p>Hablando en una conferencia de prensa el lunes, Trudeau dijo que los canadienses han visto a los manifestantes \u201ccon disgusto e incredulidad\u201d, pregunt\u00e1ndose \u201cc\u00f3mo pudo haber sucedido esto en la capital de nuestra naci\u00f3n despu\u00e9s de todo lo que hemos pasado juntos\u201d.<\/p>\n<p>Sin embargo, sus comentarios han llevado a algunos, incluida la l\u00edder conservadora interina Candice Bergen, a acusarlo de sembrar &#8220;divisi\u00f3n&#8221; al &#8220;politizar abiertamente las vacunas y la pandemia&#8221; y &#8220;llamar a estos canadienses con nombres&#8221;.<\/p>\n<p>Ahora, Lightbound est\u00e1 criticando al gobierno por causar lo que \u00e9l caracteriz\u00f3 como el empeoramiento de las divisiones entre los canadienses, y est\u00e1 pidiendo a los liberales que realicen una serie de cambios.<\/p>\n<p>Dijo que deber\u00edan proporcionar un &#8220;punto de referencia claro y medible&#8221; para saber cu\u00e1ndo se levantar\u00e1n las medidas de salud p\u00fablica. La gente est\u00e1 \u201ccada vez m\u00e1s confundida\u201d acerca de las razones de estas medidas, y el gobierno deber\u00eda comunicar sus intenciones m\u00e1s claramente a los canadienses, dijo Lightbound.<\/p>\n<p>\u201cEs mucho m\u00e1s f\u00e1cil cumplir cuando se comprende\u201d, dijo.<\/p>\n<p>El parlamentario del \u00e1rea de Quebec dijo que las medidas impactan a las personas de manera diferente, dando un golpe aparente a Trudeau, cuya residencia principal es Rideau Cottage.<\/p>\n<p>\u201cNo todos pueden ganarse la vida con una Macbook en una casa de campo\u201d, dijo Lightbound.<\/p>\n<p>Global News se puso en contacto con la oficina del primer ministro para hacer comentarios, pero no recibi\u00f3 una respuesta. Sin embargo, Trudeau fue presionado por los comentarios de Lightbound cuando entr\u00f3 en el per\u00edodo de preguntas el martes.<\/p>\n<p>\u201cTodos estamos frustrados. Todos estamos hartos de restricciones, de mandatos, de tener que hacer sacrificios, de no poder hacer las cosas que amamos. Han pasado dos a\u00f1os y es muy, muy agotador para todos nosotros\u201d, dijo Trudeau.<\/p>\n<p>\u201cEste gobierno se ha centrado en cada paso del camino en seguir la mejor ciencia, siguiendo los mejores consejos de salud p\u00fablica, para mantener a tantas personas lo m\u00e1s seguras posible. Y, francamente, ha funcionado\u201d.<\/p>\n<p>Agreg\u00f3 que los mandatos \u201cson la forma de evitar m\u00e1s restricciones, o tener que restringir\u201d.<\/p>\n<p>Otros miembros del gabinete liberal tambi\u00e9n fueron presionados por los comentarios de Lightbound durante todo el d\u00eda del martes.<\/p>\n<p>\u201cHe sido miembro del caucus liberal durante m\u00e1s de seis a\u00f1os\u201d, dijo el ministro de Preparaci\u00f3n para Emergencias, Bill Blair.<\/p>\n<p>\u201cCreo que somos un caucus que se escucha entre s\u00ed y que hay muchas oportunidades para una amplia variedad de opiniones dentro de ese caucus\u201d.<\/p>\n<p>El ministro de Seguridad P\u00fablica, Marco Mendicino, tambi\u00e9n habl\u00f3 sobre los comentarios de Lightbound.<\/p>\n<p>\u201cJo\u00ebl es un colega, es un amigo y creo que todos quieren discutir su declaraci\u00f3n con \u00e9l dentro del caucus\u201d, dijo.<\/p>\n<p>Si bien el parlamentario dijo que no necesariamente cree que las medidas de salud p\u00fablica deban levantarse de inmediato, le preocupa lo que llam\u00f3 la decisi\u00f3n del gobierno de \u201catravesar, dividir y estigmatizar\u201d.<\/p>\n<p>\u201cMe temo que esta politizaci\u00f3n de la pandemia corre el riesgo de socavar la confianza del p\u00fablico en nuestras instituciones de salud p\u00fablica. Este no es un riesgo que debamos tomar a la ligera\u201d.<\/p>\n<p>Los comentarios de Lightbound se producen cuando el convoy de camioneros sigue recorriendo las calles del centro de Ottawa. Los manifestantes han pedido una serie de cambios, que van desde un llamado a levantar los mandatos de salud p\u00fablica hasta exigir la renuncia del primer ministro.<\/p>\n<p>El parlamentario liberal, sin embargo, se distanci\u00f3 de la protesta que se desarrolla a las afueras de su conferencia de prensa.<\/p>\n<p>\u201cEs hora de que los camioneros se vayan y dejen que la poblaci\u00f3n local recupere su vecindario\u201d, dijo.<\/p>\n<p>Lightbound insinu\u00f3 que su conferencia de prensa tambi\u00e9n es indicativa de una disputa m\u00e1s amplia dentro del Partido Liberal. Dijo que si bien fue el \u00fanico en la conferencia de prensa del martes, \u201cno es el \u00fanico que se siente, en diversos grados\u201d, de la misma manera \u201cdentro de las filas (liberales)\u201d.<\/p>\n<p>\u201cTengo la esperanza de que esta llamada\u2026 sea escuchada\u201d, dijo.<\/p>\n<p>En cuanto a su futuro pol\u00edtico, Lightbound dej\u00f3 en claro que no tiene intenci\u00f3n de dejar el Partido Liberal por su propia voluntad.<\/p>\n<p>\u201cCreo que el Partido Liberal ha estado, hist\u00f3ricamente, abierto a la disidencia y las diferentes opiniones\u201d, dijo, y agreg\u00f3 que tiene \u201cdemasiado respeto\u201d por los votos de sus electores para cambiar de partido.<\/p>\n","protected":false},"excerpt":{"rendered":"<p>&#8211; La polic\u00eda de Ottawa est\u00e1 expresando su preocupaci\u00f3n por la seguridad de los ni\u00f1os que viven en los camiones &#8220;Freedom Convoy&#8221; y dijo que&hellip;<\/p>\n","protected":false},"author":99,"featured_media":501487,"comment_status":"open","ping_status":"open","sticky":false,"template":"","format":"standard","meta":{"footnotes":""},"categories":[21,11191],"tags":[],"class_list":["post-501485","post","type-post","status-publish","format-standard","has-post-thumbnail","hentry","category-canada","category-top-news"],"_links":{"self":[{"href":"https:\/\/diarioelpopular.com\/index.php\/wp-json\/wp\/v2\/posts\/501485","targetHints":{"allow":["GET"]}}],"collection":[{"href":"https:\/\/diarioelpopular.com\/index.php\/wp-json\/wp\/v2\/posts"}],"about":[{"href":"https:\/\/diarioelpopular.com\/index.php\/wp-json\/wp\/v2\/types\/post"}],"author":[{"embeddable":true,"href":"https:\/\/diarioelpopular.com\/index.php\/wp-json\/wp\/v2\/users\/99"}],"replies":[{"embeddable":true,"href":"https:\/\/diarioelpopular.com\/index.php\/wp-json\/wp\/v2\/comments?post=501485"}],"version-history":[{"count":1,"href":"https:\/\/diarioelpopular.com\/index.php\/wp-json\/wp\/v2\/posts\/501485\/revisions"}],"predecessor-version":[{"id":501488,"href":"https:\/\/diarioelpopular.com\/index.php\/wp-json\/wp\/v2\/posts\/501485\/revisions\/501488"}],"wp:featuredmedia":[{"embeddable":true,"href":"https:\/\/diarioelpopular.com\/index.php\/wp-json\/wp\/v2\/media\/501487"}],"wp:attachment":[{"href":"https:\/\/diarioelpopular.com\/index.php\/wp-json\/wp\/v2\/media?parent=501485"}],"wp:term":[{"taxonomy":"category","embeddable":true,"href":"https:\/\/diarioelpopular.com\/index.php\/wp-json\/wp\/v2\/categories?post=501485"},{"taxonomy":"post_tag","embeddable":true,"href":"https:\/\/diarioelpopular.com\/index.php\/wp-json\/wp\/v2\/tags?post=501485"}],"curies":[{"name":"wp","href":"https:\/\/api.w.org\/{rel}","templated":true}]}}