{"id":501490,"date":"2022-02-09T09:57:09","date_gmt":"2022-02-09T13:57:09","guid":{"rendered":"https:\/\/diarioelpopular.com\/?p=501490"},"modified":"2022-02-09T09:57:09","modified_gmt":"2022-02-09T13:57:09","slug":"colombia-tragedia-en-pereira-por-deslave-de-tierra","status":"publish","type":"post","link":"https:\/\/diarioelpopular.com\/index.php\/2022\/02\/09\/colombia-tragedia-en-pereira-por-deslave-de-tierra\/","title":{"rendered":"Colombia: Tragedia en Pereira por deslave de tierra"},"content":{"rendered":"<div id=\"attachment_501491\" style=\"width: 646px\" class=\"wp-caption alignnone\"><img loading=\"lazy\" decoding=\"async\" aria-describedby=\"caption-attachment-501491\" class=\"size-custom-full-size wp-image-501491\" src=\"https:\/\/diarioelpopular.com\/wp-content\/uploads\/2022\/02\/1.34f2e977-636x477.jpg\" alt=\"\" width=\"636\" height=\"477\" srcset=\"https:\/\/diarioelpopular.com\/wp-content\/uploads\/2022\/02\/1.34f2e977-636x477.jpg 636w, https:\/\/diarioelpopular.com\/wp-content\/uploads\/2022\/02\/1.34f2e977-300x225.jpg 300w, https:\/\/diarioelpopular.com\/wp-content\/uploads\/2022\/02\/1.34f2e977-768x576.jpg 768w, https:\/\/diarioelpopular.com\/wp-content\/uploads\/2022\/02\/1.34f2e977-97x73.jpg 97w, https:\/\/diarioelpopular.com\/wp-content\/uploads\/2022\/02\/1.34f2e977.jpg 800w\" sizes=\"auto, (max-width: 636px) 100vw, 636px\" \/><p id=\"caption-attachment-501491\" class=\"wp-caption-text\"><em>Tragedia en Pereira por deslave de tierra, muertos (foto: Foto gentileza del Ej\u00e9rcito de Colombia)<\/em><\/p><\/div>\n<h4><em><strong>&#8211; Alud sepult\u00f3 varias casas. V\u00edctimas se cuentan por decenas<\/strong><\/em><\/h4>\n<p><em><strong>BOGOTA 9 FEB &#8211;<\/strong><\/em> Al menos 14 muertos y 35 heridos caus\u00f3 hasta ahora el deslizamiento de una monta\u00f1a sobre un conjunto de viviendas del barrio La Esneda, en una zona empobrecida de la ciudad de Pereira (centro, eje cafetero).<br \/>\nEl desastre ocurri\u00f3 en la madrugada de este martes, al parecer por filtraci\u00f3n de aguas de una tuber\u00eda ilegal ubicada en la monta\u00f1a donde se registr\u00f3 el alud, sumado a un temporal de lluvias que adem\u00e1s de contribuir al derrumbe aument\u00f3 el caudal del ri\u00f3 Ot\u00fan, que atraviesa la zona de la emergencia.<br \/>\n&#8220;Esta cat\u00e1strofe de hoy no ha sido producida por el r\u00edo Ot\u00fan, ha sido producida por el aumento de las lluvias en donde el talud no tuvo la capacidad de sostenerse y tir\u00f3 toda su tierra r\u00edo abajo sobre las viviendas asentadas en este territorio&#8221;, explic\u00f3 Carlos Alberto Maya, alcalde Pereira.<br \/>\nEl mandatario argument\u00f3 que no se ten\u00eda reportes recientes de advertencia de eventuales tragedias en la zona, pero reconoci\u00f3 que los &#8220;asentamientos subnormales&#8221; en \u00e1reas de ladera y a orillas del r\u00edo Ot\u00fan son un problema &#8220;centenario&#8221; en esa ciudad, que sigue sin solucionarse.<br \/>\nEn efecto, las v\u00edctimas de la tragedia que sacudi\u00f3 hoy a Colombia eran personas de un barrio ubicado en una zona de riesgo, tanto por estar a los pies de una monta\u00f1a como por ubicarse en la ronda del r\u00edo Ot\u00fan, un problema que se repite a lo largo del pa\u00eds.<br \/>\nEs en esas zonas de riesgo donde personas de escasos recursos econ\u00f3micos levantan casas, debido a la falta soluciones gubernamentales de vivienda digna.<br \/>\nUna tragedia similar ocurri\u00f3 en 1976 en este mismo sector, cuando el desbordamiento del r\u00edo Ot\u00fan acab\u00f3 con la vida de 71 personas.<br \/>\nUna vez ocurrida la cat\u00e1strofe de hoy, los vecinos del sector corrieron a la zona del alud para intentar rescatar a las personas sepultadas, luego llegaron los organismos de socorro, junto al Ej\u00e9rcito y a la Polic\u00eda para encargarse del rescate y organizar el acceso a la zona.<br \/>\nPese a que la desastre ocurri\u00f3 en la madrugada, solo hasta el mediod\u00eda el presidente, Iv\u00e1n Duque, se manifest\u00f3 sobre lo ocurrido en sus redes sociales.<br \/>\n&#8220;He solicitado a todo el equipo de la @UNGRD estar en alistamiento para intervenir cuando se requiera. Mis m\u00e1s sentidas condolencias a las familias de los fallecidos y mi acompa\u00f1amiento al pueblo Risaraldense en este dif\u00edcil momento.<br \/>\nEstamos con ustedes&#8221;, escribi\u00f3 Duque en Twitter.<br \/>\nEntre tanto, el alcalde de Pereira reconoci\u00f3 a radios locales que solo hab\u00eda recibido llamadas telef\u00f3nicas desde Bogot\u00e1 por parte de funcionarios del gobierno, al tiempo que destac\u00f3 la labor de los organismos de socorro y de las autoridades locales que se pusieron al frente de la tragedia.<br \/>\nLas im\u00e1genes de lo ocurrido, divulgadas a trav\u00e9s de redes sociales por vecinos del sector, evidenciaron que un tajo de la monta\u00f1a se vino abajo y sepult\u00f3 con una masa de lodo las viviendas, en medio de una pertinaz lluvia que hoy completaba dos d\u00edas continuos sin cesar.<br \/>\nAnte este drama la \u00fanica posibilidad es que con el paso de las horas aumente la cifra de v\u00edctimas.<br \/>\nLos heridos, la mayor\u00eda con politraumatismos y entre los que se encuentran varios ni\u00f1os, fueron trasladados en su mayor\u00eda al Hospital San Jorge de esa ciudad.<br \/>\n&#8220;Tenemos una gran dificultad y es que no hemos terminado de encontrar todos los cuerpos&#8221;, advirti\u00f3 M\u00f3nica Saldarriaga, secretaria de Infraestructura del departamento Risaralda, cuya capital es Pereira, a manera de presagio de lo que ocurrir\u00e1 el resto del d\u00eda y de la semana frente a esta tragedia.<\/p>\n","protected":false},"excerpt":{"rendered":"<p>&#8211; Alud sepult\u00f3 varias casas. V\u00edctimas se cuentan por decenas BOGOTA 9 FEB &#8211; Al menos 14 muertos y 35 heridos caus\u00f3 hasta ahora el&hellip;<\/p>\n","protected":false},"author":99,"featured_media":501491,"comment_status":"open","ping_status":"open","sticky":false,"template":"","format":"standard","meta":{"footnotes":""},"categories":[23,11354],"tags":[],"class_list":["post-501490","post","type-post","status-publish","format-standard","has-post-thumbnail","hentry","category-latinoamerica","category-sucesos"],"_links":{"self":[{"href":"https:\/\/diarioelpopular.com\/index.php\/wp-json\/wp\/v2\/posts\/501490","targetHints":{"allow":["GET"]}}],"collection":[{"href":"https:\/\/diarioelpopular.com\/index.php\/wp-json\/wp\/v2\/posts"}],"about":[{"href":"https:\/\/diarioelpopular.com\/index.php\/wp-json\/wp\/v2\/types\/post"}],"author":[{"embeddable":true,"href":"https:\/\/diarioelpopular.com\/index.php\/wp-json\/wp\/v2\/users\/99"}],"replies":[{"embeddable":true,"href":"https:\/\/diarioelpopular.com\/index.php\/wp-json\/wp\/v2\/comments?post=501490"}],"version-history":[{"count":1,"href":"https:\/\/diarioelpopular.com\/index.php\/wp-json\/wp\/v2\/posts\/501490\/revisions"}],"predecessor-version":[{"id":501492,"href":"https:\/\/diarioelpopular.com\/index.php\/wp-json\/wp\/v2\/posts\/501490\/revisions\/501492"}],"wp:featuredmedia":[{"embeddable":true,"href":"https:\/\/diarioelpopular.com\/index.php\/wp-json\/wp\/v2\/media\/501491"}],"wp:attachment":[{"href":"https:\/\/diarioelpopular.com\/index.php\/wp-json\/wp\/v2\/media?parent=501490"}],"wp:term":[{"taxonomy":"category","embeddable":true,"href":"https:\/\/diarioelpopular.com\/index.php\/wp-json\/wp\/v2\/categories?post=501490"},{"taxonomy":"post_tag","embeddable":true,"href":"https:\/\/diarioelpopular.com\/index.php\/wp-json\/wp\/v2\/tags?post=501490"}],"curies":[{"name":"wp","href":"https:\/\/api.w.org\/{rel}","templated":true}]}}