{"id":501495,"date":"2022-02-10T09:59:50","date_gmt":"2022-02-10T13:59:50","guid":{"rendered":"https:\/\/diarioelpopular.com\/?p=501495"},"modified":"2022-02-10T09:59:50","modified_gmt":"2022-02-10T13:59:50","slug":"continua-la-protesta-para-evitar-que-el-trafico-con-destino-a-canada-cruce-el-puente-ambassador","status":"publish","type":"post","link":"https:\/\/diarioelpopular.com\/index.php\/2022\/02\/10\/continua-la-protesta-para-evitar-que-el-trafico-con-destino-a-canada-cruce-el-puente-ambassador\/","title":{"rendered":"Contin\u00faa la protesta para evitar que el tr\u00e1fico con destino a Canad\u00e1 cruce el puente Ambassador"},"content":{"rendered":"<h4><img loading=\"lazy\" decoding=\"async\" class=\"alignnone size-custom-full-size wp-image-501496\" src=\"https:\/\/diarioelpopular.com\/wp-content\/uploads\/2022\/02\/1.cf4jpeg-636x425.jpg\" alt=\"\" width=\"636\" height=\"425\" srcset=\"https:\/\/diarioelpopular.com\/wp-content\/uploads\/2022\/02\/1.cf4jpeg-636x425.jpg 636w, https:\/\/diarioelpopular.com\/wp-content\/uploads\/2022\/02\/1.cf4jpeg-300x200.jpg 300w, https:\/\/diarioelpopular.com\/wp-content\/uploads\/2022\/02\/1.cf4jpeg-768x513.jpg 768w, https:\/\/diarioelpopular.com\/wp-content\/uploads\/2022\/02\/1.cf4jpeg-109x73.jpg 109w, https:\/\/diarioelpopular.com\/wp-content\/uploads\/2022\/02\/1.cf4jpeg.jpg 800w\" sizes=\"auto, (max-width: 636px) 100vw, 636px\" \/><\/h4>\n<h4><em><strong>&#8211; Una protesta contra las medidas de COVID-19 impidi\u00f3 que el tr\u00e1fico con destino a Canad\u00e1 cruzara un puente internacional concurrido un d\u00eda m\u00e1s, ya que la polic\u00eda de Windsor, Ontario, recurri\u00f3 a la diplomacia para resolver el problema.<\/strong><\/em><\/h4>\n<p><em><strong>WINDSOR, ONT.-<\/strong> <\/em>Decenas de autom\u00f3viles y camiones se han instalado en el lado canadiense del puente Ambassador, bloqueando la ruta hacia la frontera. Los veh\u00edculos pueden cruzar a Detroit utilizando una entrada diferente al puente, que es el cruce fronterizo comercial internacional m\u00e1s transitado de Am\u00e9rica del Norte.<\/p>\n<p>\u201cEstamos adoptando un enfoque diplom\u00e1tico e intentando negociar una resoluci\u00f3n segura y sostenible\u201d, dijo la jefa de polic\u00eda de Windsor, Pamela Mizuno, en una conferencia de prensa el mi\u00e9rcoles.<\/p>\n<p>\u201cMe doy cuenta de que este es un momento emotivo para muchos e insto a todos los involucrados a no poner en peligro la paz p\u00fablica ni participar en eventos intencionalmente ilegales\u201d.<\/p>\n<p>La jefa de polic\u00eda dijo que su fuerza no puede resolver la situaci\u00f3n por s\u00ed sola y necesita la ayuda de la provincia y el gobierno federal.<\/p>\n<p>El bloqueo que comenz\u00f3 el lunes es en solidaridad con protestas similares en Ottawa y en todo el pa\u00eds en los \u00faltimos d\u00edas por los mandatos de vacunaci\u00f3n contra el COVID-19 y medidas de salud p\u00fablica m\u00e1s amplias.<\/p>\n<p>La polic\u00eda de Windsor redirigi\u00f3 el tr\u00e1fico comercial al Puente Blue Water, pero otro grupo de manifestantes estaba afectando el tr\u00e1fico que conduce a ese cruce, que une Sarnia y Port Huron, Michigan. El puente en s\u00ed permaneci\u00f3 abierto.<\/p>\n<p>La Polic\u00eda Provincial de Ontario dijo que cerr\u00f3 una secci\u00f3n de la autopista 402 en direcci\u00f3n oeste en Nauvoo Road, a unos 20 kil\u00f3metros al este de Sarnia, Ontario.<\/p>\n<p>El primer ministro Justin Trudeau dijo que estaba &#8220;muy preocupado&#8221; por las protestas en Windsor y Sarnia. Dijo que el gobierno federal est\u00e1 trabajando con la provincia y la ciudad de Windsor.<\/p>\n<p>\u201cNecesitamos detener el bloqueo de las cadenas de suministro\u201d, dijo. \u201cLos empleos se est\u00e1n viendo afectados\u201d.<\/p>\n<p>El ministro federal de preparaci\u00f3n para emergencias, Bill Blair, exjefe de polic\u00eda en Toronto, dijo que la ley debe cumplirse.<\/p>\n<p>\u201cLos camioneros que han mantenido nuestros estantes abastecidos con la pandemia actualmente est\u00e1n siendo bloqueados o ralentizados mientras transportan productos esenciales a nuestro pa\u00eds y desde nuestras f\u00e1bricas a sus mercados\u201d, dijo Blair, calificando el bloqueo de los manifestantes como \u201cilegal\u201d.<\/p>\n<p>\u201cB\u00e1sicamente, est\u00e1n poniendo su pie en la garganta de todos los canadienses\u201d.<\/p>\n<p>El premier Doug Ford pidi\u00f3 el fin de la \u201cocupaci\u00f3n y bloqueo ilegal\u201d del puente.<\/p>\n<p>\u201cEl Puente Ambassador es uno de los corredores comerciales m\u00e1s importantes de nuestro pa\u00eds. El da\u00f1o que esto est\u00e1 causando a nuestra econom\u00eda, al trabajo de las personas y a sus medios de vida es totalmente inaceptable. No podemos permitir que esto contin\u00fae\u201d, dijo en un comunicado el mi\u00e9rcoles.<\/p>\n<p>\u201cSigo confiando en que nuestras fuerzas policiales en Ontario, junto con la Real Polic\u00eda Montada de Canad\u00e1 y la Agencia de Servicios Fronterizos de Canad\u00e1, tomar\u00e1n las medidas adecuadas para abordar las situaciones cambiantes en nuestras ciudades y ponerles fin\u201d.<\/p>\n<p>El alcalde de Windsor, Drew Dilkens, dijo que su oficina ha recibido muchas quejas de residentes locales y due\u00f1os de negocios que piden la expulsi\u00f3n forzosa de los manifestantes.<\/p>\n<p>\u201cTienes 100 personas que tienen como rehenes parte de nuestra econom\u00eda nacional\u201d, dijo. \u201cEs por eso que no se puede permitir que esto se mantenga por mucho tiempo. Habr\u00e1 que tomar medidas para reabrir este puente\u201d.<\/p>\n<p>Dilkens agreg\u00f3 que no quiere arriesgarse a un conflicto adicional.<\/p>\n<p>\u201cSi bien puede ser gratificante para algunos ver la expulsi\u00f3n forzosa de los manifestantes, tal acci\u00f3n puede inflamar la situaci\u00f3n y ciertamente hacer que m\u00e1s personas vengan aqu\u00ed y se sumen a la protesta\u201d, dijo.<\/p>\n<p>Dijo que negociar con los manifestantes ha sido un desaf\u00edo porque no tienen un liderazgo claro.<\/p>\n<p>\u201cNo es que haya una persona a la que puedas acudir y tratar de encontrar una soluci\u00f3n. Hay grupos de personas que est\u00e1n aqu\u00ed\u201d, dijo. \u201cNo est\u00e1n todos aqu\u00ed por el mandato original del convoy de libertad en t\u00e9rminos de c\u00f3mo comenz\u00f3\u201d.<\/p>\n<p>Dijo que la resoluci\u00f3n de esta crisis requiere un enfoque de todo el gobierno.<\/p>\n<p>\u201cSe requiere liderazgo de Ottawa y Queen\u2019s Park para bajar la temperatura y resolver estas protestas pac\u00edficamente\u201d, dijo.<\/p>\n<p>\u201cNecesitamos [una] asociaci\u00f3n continua con los gobiernos federal y provinciales y no se\u00f1alar con el dedo jurisdiccional\u201d.<\/p>\n<p>El da\u00f1o econ\u00f3mico y social que estas protestas est\u00e1n causando en Windsor, Ottawa y en todo Canad\u00e1 es significativo, dijo Dilkens.<\/p>\n<p>\u201cNuestra comunidad no tolerar\u00e1 este nivel de interrupci\u00f3n por mucho tiempo\u201d, dijo.<\/p>\n<p>La protesta de Windsor cerr\u00f3 efectivamente el puente Ambassador, que es el cruce fronterizo comercial internacional m\u00e1s transitado de Am\u00e9rica del Norte. El puente transporta el 25 por ciento de todo el comercio entre Canad\u00e1 y los EE. UU., y los legisladores canadienses expresaron una creciente preocupaci\u00f3n por los efectos econ\u00f3micos.<\/p>\n<p>M\u00e1s de $450 millones en bienes cruzan el puente cada d\u00eda, lo que representa un tercio de todo el comercio excedente entre Canad\u00e1 y Estados Unidos, dijo Dilkens.<\/p>\n<p>\u201cSer\u00e9 brutalmente honesto: est\u00e1s tratando de tener una conversaci\u00f3n racional y no todos en el terreno son actores racionales\u201d, dijo Dilkens. \u201cLa polic\u00eda est\u00e1 haciendo lo correcto al adoptar un enfoque moderado, tratando de resolver con sensatez esta situaci\u00f3n en la que todos pueden alejarse, nadie sale herido y el puente puede abrirse\u201d.<\/p>\n<p>M\u00e1s de 6500 personas viven en el \u00e1rea de Windsor-Essex y trabajan fuera de los Estados Unidos y casi todas usan el puente para sus viajes diarios.<\/p>\n<p>\u201cEsto incluye a los trabajadores de la salud y ha pasado los \u00faltimos dos a\u00f1os salvando vidas en la primera l\u00ednea de esta pandemia en ambos lados del r\u00edo Detroit\u201d.<\/p>\n","protected":false},"excerpt":{"rendered":"<p>&#8211; Una protesta contra las medidas de COVID-19 impidi\u00f3 que el tr\u00e1fico con destino a Canad\u00e1 cruzara un puente internacional concurrido un d\u00eda m\u00e1s, ya&hellip;<\/p>\n","protected":false},"author":99,"featured_media":501496,"comment_status":"open","ping_status":"open","sticky":false,"template":"","format":"standard","meta":{"footnotes":""},"categories":[21,11191],"tags":[],"class_list":["post-501495","post","type-post","status-publish","format-standard","has-post-thumbnail","hentry","category-canada","category-top-news"],"_links":{"self":[{"href":"https:\/\/diarioelpopular.com\/index.php\/wp-json\/wp\/v2\/posts\/501495","targetHints":{"allow":["GET"]}}],"collection":[{"href":"https:\/\/diarioelpopular.com\/index.php\/wp-json\/wp\/v2\/posts"}],"about":[{"href":"https:\/\/diarioelpopular.com\/index.php\/wp-json\/wp\/v2\/types\/post"}],"author":[{"embeddable":true,"href":"https:\/\/diarioelpopular.com\/index.php\/wp-json\/wp\/v2\/users\/99"}],"replies":[{"embeddable":true,"href":"https:\/\/diarioelpopular.com\/index.php\/wp-json\/wp\/v2\/comments?post=501495"}],"version-history":[{"count":1,"href":"https:\/\/diarioelpopular.com\/index.php\/wp-json\/wp\/v2\/posts\/501495\/revisions"}],"predecessor-version":[{"id":501497,"href":"https:\/\/diarioelpopular.com\/index.php\/wp-json\/wp\/v2\/posts\/501495\/revisions\/501497"}],"wp:featuredmedia":[{"embeddable":true,"href":"https:\/\/diarioelpopular.com\/index.php\/wp-json\/wp\/v2\/media\/501496"}],"wp:attachment":[{"href":"https:\/\/diarioelpopular.com\/index.php\/wp-json\/wp\/v2\/media?parent=501495"}],"wp:term":[{"taxonomy":"category","embeddable":true,"href":"https:\/\/diarioelpopular.com\/index.php\/wp-json\/wp\/v2\/categories?post=501495"},{"taxonomy":"post_tag","embeddable":true,"href":"https:\/\/diarioelpopular.com\/index.php\/wp-json\/wp\/v2\/tags?post=501495"}],"curies":[{"name":"wp","href":"https:\/\/api.w.org\/{rel}","templated":true}]}}