{"id":501498,"date":"2022-02-10T11:47:15","date_gmt":"2022-02-10T15:47:15","guid":{"rendered":"https:\/\/diarioelpopular.com\/?p=501498"},"modified":"2022-02-10T11:47:15","modified_gmt":"2022-02-10T15:47:15","slug":"pedro-castillo-intenta-salvarse-de-destitucion-con-nuevo-gabinete","status":"publish","type":"post","link":"https:\/\/diarioelpopular.com\/index.php\/2022\/02\/10\/pedro-castillo-intenta-salvarse-de-destitucion-con-nuevo-gabinete\/","title":{"rendered":"Pedro Castillo intenta salvarse de destituci\u00f3n con nuevo gabinete"},"content":{"rendered":"<p>&nbsp;<\/p>\n<div id=\"attachment_501500\" style=\"width: 646px\" class=\"wp-caption alignnone\"><img loading=\"lazy\" decoding=\"async\" aria-describedby=\"caption-attachment-501500\" class=\"size-custom-full-size wp-image-501500\" src=\"https:\/\/diarioelpopular.com\/wp-content\/uploads\/2022\/02\/1.9115902-636x400.jpg\" alt=\"\" width=\"636\" height=\"400\" srcset=\"https:\/\/diarioelpopular.com\/wp-content\/uploads\/2022\/02\/1.9115902-636x400.jpg 636w, https:\/\/diarioelpopular.com\/wp-content\/uploads\/2022\/02\/1.9115902-300x189.jpg 300w, https:\/\/diarioelpopular.com\/wp-content\/uploads\/2022\/02\/1.9115902-768x483.jpg 768w, https:\/\/diarioelpopular.com\/wp-content\/uploads\/2022\/02\/1.9115902-116x73.jpg 116w, https:\/\/diarioelpopular.com\/wp-content\/uploads\/2022\/02\/1.9115902.jpg 800w\" sizes=\"auto, (max-width: 636px) 100vw, 636px\" \/><p id=\"caption-attachment-501500\" class=\"wp-caption-text\"><em>El presidente de Per\u00fa Pedro Castillo nombr\u00f3 al cuarto gabinete de ministros desde que asumi\u00f3 el Ejecutivo. FOTO: EFE<\/em><\/p><\/div>\n<h4><em><strong>&#8211; El presidente de Per\u00fa, Pedro Castillo, nombr\u00f3 a un nuevo Consejo de Ministros, presidido por el juristaAn\u00edbal Torres, un abogado que estuvo a cargo de combatir las acusaciones de fraude presentadas por su excontrincante, Keiko Fujimori.<\/strong><\/em><\/h4>\n<p>&nbsp;<\/p>\n<p><strong><em>LIMA, 10 FEB.-<\/em><\/strong> Castillo intent\u00f3 aliviar la aguda crisis pol\u00edtica que afronta su Gobierno con la designaci\u00f3n de un nuevo gabinete, el\u00a0cuarto en poco m\u00e1s de seis meses de gesti\u00f3n, mientras la oposici\u00f3n pol\u00edtica suma cada vez m\u00e1s voces a favor de su renuncia.<\/p>\n<p>Voces como la del parlamentario Carlos Anderson, vocero del partido derechista Podemos Per\u00fa, consider\u00f3 que el nombramiento de Torres es un\u00a0\u201csuicidio en Palacio\u201d, aunque otras agrupaciones han mantenido la cautela y se\u00f1alan que evaluar\u00e1n su posici\u00f3n antes de informar si otorgan el voto de confianza al gabinete.<\/p>\n<p>El ahora primer ministro\u00a0An\u00edbal Torres\u00a0se hab\u00eda desempe\u00f1ado como ministro de Justicia y Derechos Humanos. Torres fue nombrado en reemplaz\u00f3 de\u00a0H\u00e9ctor Valer, quien renunci\u00f3 el s\u00e1bado, solo cuatro d\u00edas despu\u00e9s de asumir el cargo, presionado por la numerosas denuncias de violencia familiar en su contra.<\/p>\n<p>Con este nuevo intento de apaciguar las cr\u00edticas de la opini\u00f3n p\u00fablica y la confrontaci\u00f3n pol\u00edtica,\u00a0Castillo ya acumula 21 bajas de ministros, un reemplazo cada poco m\u00e1s de nueve d\u00edas de promedio, a las puertas de cumplir 200 d\u00edas al frente del pa\u00eds.<\/p>\n<p>Las primeras reacciones ante la remodelaci\u00f3n del gabinete se concentraron en criticar la salida del m\u00e9dico Hernando Cevallos del Ministerio de Salud, quien fue reemplazado por el cirujano Hern\u00e1n Condori, al que se vincula con Vladimir Cerr\u00f3n, fundador del partido marxista Per\u00fa Libre, con el que Castillo gan\u00f3 las elecciones.<\/p>\n<p>El gobernante tambi\u00e9n hizo cambios en las carteras de Energ\u00eda y Minas, Desarrollo Agrario y Riego y Ambiente, mientras que ratific\u00f3 a los titulares de la mayor\u00eda de despachos, entre ellos a Alfonso Ch\u00e1varry, en Interior, y Jos\u00e9 Luis Gavidia, en Defensa, cuyas designaciones la semana pasada tambi\u00e9n desataron controversia.<\/p>\n<p>Ch\u00e1varry niega las acusaciones de que ha sido investigado por presuntos v\u00ednculos con el tr\u00e1fico il\u00edcito de drogas, mientras que Gavidia hace los mismo antes los se\u00f1alamientos de supuesta violencia familiar.<\/p>\n<p>El nombramiento de su cuarto gabinete de ministros en los seis meses que lleva como presidente de Per\u00fa fue la respuesta de Pedro Castillo a la severa crisis pol\u00edtica que comenz\u00f3 la semana pasada, con la salida de la\u00a0abogada Mirtha V\u00e1squez\u00a0de la presidencia del Consejo de Ministros y el posterior nombramiento de Valer al frente del gabinete.<\/p>\n<p>La designaci\u00f3n de Valer, un abogado y actual congresista, atiz\u00f3 pol\u00e9mica desde un inicio, cuando trascendi\u00f3 que acumulaba denuncias por violencia familiar, aunque \u00e9l las calific\u00f3 de falsas y las atribuy\u00f3 a una campa\u00f1a avivada por la prensa \u201csolo con la intenci\u00f3n de hacer da\u00f1o\u201d.<\/p>\n<p>El crispado escenario llev\u00f3 a la oposici\u00f3n pol\u00edtica, que domina el Congreso, y a algunos medios de comunicaci\u00f3n a lanzar pedidos para que\u00a0Castillo renuncie, a los se sum\u00f3 el defensor del pueblo, Walter Guti\u00e9rrez, quien asegur\u00f3 en una entrevista con la cadena CNN que \u201cinvitar\u00eda\u201d al gobernante \u201ca que renuncie\u201d.<\/p>\n<p>La renuncia, sin embargo, parece ser a\u00fan una posibilidad \u201cabsolutamente descartada\u201d por Castillo, seg\u00fan asever\u00f3 este martes el ahora exministro Cevallos, mientras que el propio mandatario asegur\u00f3 el lunes que su compromiso sigue \u201cfirme\u201d y \u201ccon m\u00e1s fuerza que nunca hasta el 28 de julio de 2026\u201d, cuando debe terminar su mandato.<\/p>\n<p>&nbsp;<\/p>\n<div class=\"teads-inread sm-screen\">\n<div>\n<div class=\"teads-ui-components-adchoices\"><\/div>\n<\/div>\n<\/div>\n","protected":false},"excerpt":{"rendered":"<p>&nbsp; &#8211; El presidente de Per\u00fa, Pedro Castillo, nombr\u00f3 a un nuevo Consejo de Ministros, presidido por el juristaAn\u00edbal Torres, un abogado que estuvo a&hellip;<\/p>\n","protected":false},"author":99,"featured_media":501500,"comment_status":"open","ping_status":"open","sticky":false,"template":"","format":"standard","meta":{"footnotes":""},"categories":[23],"tags":[],"class_list":["post-501498","post","type-post","status-publish","format-standard","has-post-thumbnail","hentry","category-latinoamerica"],"_links":{"self":[{"href":"https:\/\/diarioelpopular.com\/index.php\/wp-json\/wp\/v2\/posts\/501498","targetHints":{"allow":["GET"]}}],"collection":[{"href":"https:\/\/diarioelpopular.com\/index.php\/wp-json\/wp\/v2\/posts"}],"about":[{"href":"https:\/\/diarioelpopular.com\/index.php\/wp-json\/wp\/v2\/types\/post"}],"author":[{"embeddable":true,"href":"https:\/\/diarioelpopular.com\/index.php\/wp-json\/wp\/v2\/users\/99"}],"replies":[{"embeddable":true,"href":"https:\/\/diarioelpopular.com\/index.php\/wp-json\/wp\/v2\/comments?post=501498"}],"version-history":[{"count":1,"href":"https:\/\/diarioelpopular.com\/index.php\/wp-json\/wp\/v2\/posts\/501498\/revisions"}],"predecessor-version":[{"id":501501,"href":"https:\/\/diarioelpopular.com\/index.php\/wp-json\/wp\/v2\/posts\/501498\/revisions\/501501"}],"wp:featuredmedia":[{"embeddable":true,"href":"https:\/\/diarioelpopular.com\/index.php\/wp-json\/wp\/v2\/media\/501500"}],"wp:attachment":[{"href":"https:\/\/diarioelpopular.com\/index.php\/wp-json\/wp\/v2\/media?parent=501498"}],"wp:term":[{"taxonomy":"category","embeddable":true,"href":"https:\/\/diarioelpopular.com\/index.php\/wp-json\/wp\/v2\/categories?post=501498"},{"taxonomy":"post_tag","embeddable":true,"href":"https:\/\/diarioelpopular.com\/index.php\/wp-json\/wp\/v2\/tags?post=501498"}],"curies":[{"name":"wp","href":"https:\/\/api.w.org\/{rel}","templated":true}]}}