{"id":501512,"date":"2022-02-11T12:12:29","date_gmt":"2022-02-11T16:12:29","guid":{"rendered":"https:\/\/diarioelpopular.com\/?p=501512"},"modified":"2022-02-11T12:12:29","modified_gmt":"2022-02-11T16:12:29","slug":"el-46-de-los-canadienses-simpatiza-con-el-convoy-de-camioneros-pero-muchos-no-estan-de-acuerdo-con-sus-tacticas-encuesta","status":"publish","type":"post","link":"https:\/\/diarioelpopular.com\/index.php\/2022\/02\/11\/el-46-de-los-canadienses-simpatiza-con-el-convoy-de-camioneros-pero-muchos-no-estan-de-acuerdo-con-sus-tacticas-encuesta\/","title":{"rendered":"El 46% de los canadienses simpatiza con el convoy de camioneros, pero muchos no est\u00e1n de acuerdo con sus t\u00e1cticas: encuesta"},"content":{"rendered":"<p><img loading=\"lazy\" decoding=\"async\" class=\"alignnone size-custom-full-size wp-image-501513\" src=\"https:\/\/diarioelpopular.com\/wp-content\/uploads\/2022\/02\/1.download-636x356.jpg\" alt=\"\" width=\"636\" height=\"356\" srcset=\"https:\/\/diarioelpopular.com\/wp-content\/uploads\/2022\/02\/1.download-636x356.jpg 636w, https:\/\/diarioelpopular.com\/wp-content\/uploads\/2022\/02\/1.download-300x168.jpg 300w, https:\/\/diarioelpopular.com\/wp-content\/uploads\/2022\/02\/1.download-768x430.jpg 768w, https:\/\/diarioelpopular.com\/wp-content\/uploads\/2022\/02\/1.download-130x73.jpg 130w, https:\/\/diarioelpopular.com\/wp-content\/uploads\/2022\/02\/1.download.jpg 800w\" sizes=\"auto, (max-width: 636px) 100vw, 636px\" \/><\/p>\n<h4><em><strong>&#8211; El movimiento de protesta del convoy de camioneros contra los mandatos y restricciones de la vacuna COVID-19 que ha paralizado la capital canadiense y se ha extendido a los principales cruces fronterizos entre Canad\u00e1 y Estados Unidos tiene la simpat\u00eda de muchos canadienses, seg\u00fan una nueva encuesta.<\/strong><\/em><\/h4>\n<p><em><strong>OTTAWA.-<\/strong> <\/em>Una encuesta de Ipsos publicada el jueves y realizada exclusivamente para Global News mostr\u00f3 que casi el 46 por ciento de los canadienses dicen que &#8220;puede que no est\u00e9n de acuerdo con todo&#8221; lo que dice o hace el convoy de camioneros, pero la frustraci\u00f3n de los manifestantes es &#8220;leg\u00edtima y digna&#8221; de simpat\u00eda.<\/p>\n<p>Esta simpat\u00eda ha aumentado al 61 por ciento, particularmente entre los canadienses de 18 a 34 a\u00f1os, seg\u00fan la encuesta.<\/p>\n<p>Por otro lado, el 54 por ciento de los canadienses que participaron en esta encuesta cree que las personas que participan en las protestas \u201cno merecen ninguna de nuestras simpat\u00edas\u201d y que lo que \u201chan dicho y hecho est\u00e1 mal\u201d.<\/p>\n<p>\u201cNo es que la gente est\u00e9 cansada. Est\u00e1n muy frustrados\u201d, dijo a Global News Darrell Bricker, CEO de asuntos p\u00fablicos de Ipsos. \u201cY lo que ha pasado es que esta protesta se ha convertido en un pararrayos de esa frustraci\u00f3n\u201d.<\/p>\n<p>Bricker dijo que los resultados de la encuesta muestran que los canadienses no necesariamente est\u00e1n de acuerdo con el bloqueo de Parliament Hill en Ottawa o las im\u00e1genes nazis que aparecen en algunas protestas, pero la mayor\u00eda est\u00e1 frustrada con los mandatos de COVID-19.<\/p>\n<p>\u201cCanad\u00e1 tiene uno de los niveles m\u00e1s altos de vacunaci\u00f3n, por lo que los canadienses escucharon y cumplieron\u2026 pero todav\u00eda estamos atascados. Sienten que han hecho lo que sea que se les pidi\u00f3 que hicieran y sienten que todav\u00eda no hemos vuelto a la normalidad\u201d, dijo Bricker.<\/p>\n<p>Como resultado, cuando los camioneros comenzaron a llegar y expresar su frustraci\u00f3n, la gente se uni\u00f3 expresando su preocupaci\u00f3n por el futuro de la econom\u00eda y el costo de vida, explic\u00f3.<\/p>\n<p>\u201cAh\u00ed es donde se alinean (la poblaci\u00f3n general y los camioneros)\u201d, dijo Bricker.<\/p>\n<p>Hasta el jueves, los manifestantes han acampado en Ottawa durante 14 d\u00edas.<\/p>\n<p>La protesta surgi\u00f3 inicialmente en respuesta a una regla federal de que todos los camioneros canadienses que buscan cruzar la frontera desde los Estados Unidos deber\u00edan vacunarse para evitar una cuarentena de 14 d\u00edas. Ese mandato entr\u00f3 en vigencia el 15 de enero, y una semana despu\u00e9s se impuso el mandato de vacunaci\u00f3n de los propios Estados Unidos para los camioneros.<\/p>\n<p>Pero a medida que los camiones avanzaban hacia Ottawa, su mensaje se volvi\u00f3 cada vez m\u00e1s confuso. Se descubri\u00f3 que los organizadores hab\u00edan hecho comentarios de odio y uno ten\u00eda v\u00ednculos con un grupo de odio. Algunos participantes ampliaron la meta para poner fin a todos los mandatos de salud p\u00fablica. Algunos han pedido la renuncia de Trudeau.<\/p>\n<p>A medida que la frustraci\u00f3n contin\u00faa conect\u00e1ndose con la poblaci\u00f3n canadiense, Bricker dijo que el nivel de apoyo a los manifestantes del convoy tambi\u00e9n seguir\u00e1 creciendo.<\/p>\n<p>En cuanto a las inclinaciones pol\u00edticas, la encuesta mostr\u00f3 que el 59 por ciento de los votantes conservadores est\u00e1n de acuerdo con la frustraci\u00f3n expresada por los manifestantes del convoy, mientras que el 44 por ciento del Bloc, el 43 por ciento del NDP y el 30 por ciento de los votantes liberales est\u00e1n alineados con la opini\u00f3n. que los manifestantes del convoy merecen simpat\u00eda.<\/p>\n<p>Pero Bricker dijo que se trata menos de partidismo y m\u00e1s de generaci\u00f3n y clase social.<\/p>\n<p>Los de 18 a 34 a\u00f1os que simpatizan con los manifestantes del convoy de camiones representan el 61 %, mientras que los de 35 a 54 a\u00f1os representan el 44 % y los mayores de 55 a\u00f1os tienen muchas menos probabilidades de estar de acuerdo, y representan el 37 %.<\/p>\n<p>\u201cLo que estamos viendo en los n\u00fameros es que son las personas m\u00e1s j\u00f3venes las que est\u00e1n m\u00e1s interesadas en el mensaje de las personas que est\u00e1n ocupando el centro de Ottawa&#8230; por lo que su creencia en todo esto es que se trata menos de pol\u00edtica y m\u00e1s de sufrimiento genuino. eso est\u00e1 ocurriendo entre un grupo de la poblaci\u00f3n con el que pueden simpatizar\u201d, dijo Bricker.<\/p>\n<p>Agreg\u00f3 que en lo pol\u00edtico no hay \u201cunanimidad en ning\u00fan partido pol\u00edtico en este momento\u201d.<\/p>\n<p>Para esta encuesta, tambi\u00e9n se pregunt\u00f3 a los canadienses si estaban o no de acuerdo con que el primer ministro Justin Trudeau eligiera no negociar con los manifestantes de camiones.<\/p>\n<p>El 3 de febrero, el primer ministro Justin Trudeau dijo que las personas que viven en Ottawa merecen recuperar sus vidas mientras el llamado &#8220;convoy de la libertad&#8221; contin\u00faa ocupando las calles del centro, pero no dio se\u00f1ales de que est\u00e9 dispuesto a negociar.<\/p>\n<p>Los resultados muestran que el 53 por ciento est\u00e1 de acuerdo en que no deber\u00eda negociar con ellos.<\/p>\n<p>\u201cLa otra mitad de los canadienses dice que al menos deber\u00eda intentarlo. Entonces, el nivel de apoyo detr\u00e1s del gobierno en t\u00e9rminos de la posici\u00f3n que han tomado con respecto a estas protestas no es fuerte. Est\u00e1 bastante dividido y es fr\u00e1gil, y parece que va en contra de la posici\u00f3n del gobierno\u201d, dijo Bricker.<\/p>\n<p>\u201cEntonces decir que no vas a negociar\u2026 es algo que va a ser dif\u00edcil de sostener en el tiempo\u201d, agreg\u00f3.<\/p>\n","protected":false},"excerpt":{"rendered":"<p>&#8211; El movimiento de protesta del convoy de camioneros contra los mandatos y restricciones de la vacuna COVID-19 que ha paralizado la capital canadiense y&hellip;<\/p>\n","protected":false},"author":99,"featured_media":501513,"comment_status":"open","ping_status":"open","sticky":false,"template":"","format":"standard","meta":{"footnotes":""},"categories":[21,11191],"tags":[],"class_list":["post-501512","post","type-post","status-publish","format-standard","has-post-thumbnail","hentry","category-canada","category-top-news"],"_links":{"self":[{"href":"https:\/\/diarioelpopular.com\/index.php\/wp-json\/wp\/v2\/posts\/501512","targetHints":{"allow":["GET"]}}],"collection":[{"href":"https:\/\/diarioelpopular.com\/index.php\/wp-json\/wp\/v2\/posts"}],"about":[{"href":"https:\/\/diarioelpopular.com\/index.php\/wp-json\/wp\/v2\/types\/post"}],"author":[{"embeddable":true,"href":"https:\/\/diarioelpopular.com\/index.php\/wp-json\/wp\/v2\/users\/99"}],"replies":[{"embeddable":true,"href":"https:\/\/diarioelpopular.com\/index.php\/wp-json\/wp\/v2\/comments?post=501512"}],"version-history":[{"count":1,"href":"https:\/\/diarioelpopular.com\/index.php\/wp-json\/wp\/v2\/posts\/501512\/revisions"}],"predecessor-version":[{"id":501514,"href":"https:\/\/diarioelpopular.com\/index.php\/wp-json\/wp\/v2\/posts\/501512\/revisions\/501514"}],"wp:featuredmedia":[{"embeddable":true,"href":"https:\/\/diarioelpopular.com\/index.php\/wp-json\/wp\/v2\/media\/501513"}],"wp:attachment":[{"href":"https:\/\/diarioelpopular.com\/index.php\/wp-json\/wp\/v2\/media?parent=501512"}],"wp:term":[{"taxonomy":"category","embeddable":true,"href":"https:\/\/diarioelpopular.com\/index.php\/wp-json\/wp\/v2\/categories?post=501512"},{"taxonomy":"post_tag","embeddable":true,"href":"https:\/\/diarioelpopular.com\/index.php\/wp-json\/wp\/v2\/tags?post=501512"}],"curies":[{"name":"wp","href":"https:\/\/api.w.org\/{rel}","templated":true}]}}