{"id":501515,"date":"2022-02-11T12:19:16","date_gmt":"2022-02-11T16:19:16","guid":{"rendered":"https:\/\/diarioelpopular.com\/?p=501515"},"modified":"2022-02-11T12:19:16","modified_gmt":"2022-02-11T16:19:16","slug":"argentina-fmi-acuerdo-lo-mas-rapido-posible","status":"publish","type":"post","link":"https:\/\/diarioelpopular.com\/index.php\/2022\/02\/11\/argentina-fmi-acuerdo-lo-mas-rapido-posible\/","title":{"rendered":"Argentina: FMI: acuerdo &#8220;lo m\u00e1s r\u00e1pido posible&#8221;"},"content":{"rendered":"<div id=\"attachment_501516\" style=\"width: 646px\" class=\"wp-caption alignnone\"><img loading=\"lazy\" decoding=\"async\" aria-describedby=\"caption-attachment-501516\" class=\"size-custom-full-size wp-image-501516\" src=\"https:\/\/diarioelpopular.com\/wp-content\/uploads\/2022\/02\/1.5cd3-636x424.jpg\" alt=\"\" width=\"636\" height=\"424\" srcset=\"https:\/\/diarioelpopular.com\/wp-content\/uploads\/2022\/02\/1.5cd3-636x424.jpg 636w, https:\/\/diarioelpopular.com\/wp-content\/uploads\/2022\/02\/1.5cd3-300x200.jpg 300w, https:\/\/diarioelpopular.com\/wp-content\/uploads\/2022\/02\/1.5cd3-768x512.jpg 768w, https:\/\/diarioelpopular.com\/wp-content\/uploads\/2022\/02\/1.5cd3-110x73.jpg 110w, https:\/\/diarioelpopular.com\/wp-content\/uploads\/2022\/02\/1.5cd3.jpg 800w\" sizes=\"auto, (max-width: 636px) 100vw, 636px\" \/><p id=\"caption-attachment-501516\" class=\"wp-caption-text\"><em>El presidente argentino, Alberto Fern\u00e1ndez, en conversaci\u00f3n online con Kristalina Georgieva, directora gerente del FMI<\/em><\/p><\/div>\n<h4><em><strong>&#8211; Intensas gestiones por cuantiosa deuda del pa\u00eds sudamericano<\/strong><\/em><\/h4>\n<p><em><strong>BUENOS AIRES 11 FEB &#8211;<\/strong><\/em> El vocero del Fondo Monetario Internacional (FMI), Gerry Rice, dijo que se contin\u00faa trabajando con Argentina para alcanzar un &#8220;acuerdo definitivo lo m\u00e1s r\u00e1pido posible&#8221; entre ambas partes sobre la cuantiosa deuda del pa\u00eds sudamericano, de 44 mil millones de d\u00f3lares.<br \/>\nLa negociaci\u00f3n, seg\u00fan el Fondo, ya tiene entendimientos previos en materia de subsidios a la energ\u00eda y financiamiento externo, pero a\u00fan no est\u00e1 cerrado, pese a los recientes anuncios del presidente Alberto Fern\u00e1ndez.<br \/>\n&#8220;Las negociaciones contin\u00faan, estamos trabajando de manera muy cercana con los funcionarios del Gobierno argentino para alcanzar un acuerdo de nivel de staff. Hubo un entendimiento en reducir subsidios a la energ\u00eda y movilizar el financiamiento externo para mejorar la resiliencia argentina&#8221;, se\u00f1al\u00f3 Rice en una conferencia de prensa en Washington, ampliamente difundida por la prensa argentina.<br \/>\nEl vocero del organismo multilateral indic\u00f3 que &#8220;no hay en agenda una misi\u00f3n presencial en Buenos Aires o en Washington, aunque aspiramos a lograr un acuerdo t\u00e9cnico lo m\u00e1s r\u00e1pido posible&#8221;, seg\u00fan lo reprodujo la agencia estatal T\u00e9lam.<br \/>\n&#8220;Se negocian pol\u00edticas clave como parte de las discusiones que est\u00e1n todav\u00eda en desarrollo en camino a un acuerdo a nivel del staff&#8221;, explic\u00f3 Rice, y se\u00f1al\u00f3 que esto incluye &#8220;el camino fiscal que mejorar\u00eda de manera sostenible las finanzas p\u00fablicas y reducir\u00eda el financiamiento monetario&#8221;.<br \/>\nPara el vocero del FMI, el acuerdo definitivo deber ser &#8220;realista, pragm\u00e1tico y cre\u00edble para dise\u00f1ar un programa con Argentina que fortalecer\u00e1 la estabilidad macroecon\u00f3mica del pa\u00eds y comenzar\u00e1 a abordar desaf\u00edos profundamente arraigados&#8221;.<br \/>\n&#8220;No tenemos un calendario espec\u00edfico. Trabajamos muy duramente y lo haremos lo m\u00e1s r\u00e1pido posible. El pr\u00f3ximo paso ser\u00e1 un acuerdo a nivel del staff. El siguiente es la propuesta hacia el directorio que es el que toma la decisi\u00f3n final como sucede siempre&#8221;, aclar\u00f3 Rice.<br \/>\nDe acuerdo a lo anunciado el viernes 28 de enero, el Programa va a tener una duraci\u00f3n de dos a\u00f1os y medio, y a\u00fan hay que trabajar en los memorandos de las pol\u00edticas econ\u00f3micas y financieras entre el Gobierno y el FMI.<br \/>\nAdem\u00e1s incluye una reducci\u00f3n del d\u00e9ficit fiscal primario que arrancar\u00e1 con un 2,5% este a\u00f1o, bajar\u00e1 al 1,9% en el 2023 y llegar\u00e1 al 0,9% en el 2024.<br \/>\nRice, que asegur\u00f3 que &#8220;no hay fecha para una misi\u00f3n (a Buenos Aires, NDR) como tal y las discusiones se mantienen de forma intensa&#8221;. &#8220;El acuerdo se espera lo m\u00e1s pronto posible&#8221;, remarc\u00f3.<br \/>\nDespu\u00e9s de que el presidente Fern\u00e1ndez se\u00f1alara que &#8220;el pr\u00f3ximo vencimiento no es un problema&#8221;, en relaci\u00f3n al pr\u00f3ximo pago de marzo por 2.800 millones de d\u00f3lares el 22 de marzo, en el mercado se volvi\u00f3 a plantear que Argentina podr\u00eda postergar ese compromiso. &#8220;No especular\u00eda sobre alternativas por el pr\u00f3ximo vencimiento&#8221;, desliz\u00f3 hoy Rice.<br \/>\nEn tanto, la pr\u00f3xima semana, en una reuni\u00f3n presencial y virtual, el G20 seguir\u00e1 trabajando en el sistema de resoluci\u00f3n de deudas para los pa\u00edses de menores ingresos, en un contexto donde el FMI advirti\u00f3 por el aumento global del nivel de deuda como resultado de la pandemia.<br \/>\nEl ministro de Econom\u00eda de Argentina, Mart\u00edn Guzm\u00e1n, participar\u00e1 de la cita, lo mismo que Kristalina Georgieva, la jefa del FMI.<\/p>\n","protected":false},"excerpt":{"rendered":"<p>&#8211; Intensas gestiones por cuantiosa deuda del pa\u00eds sudamericano BUENOS AIRES 11 FEB &#8211; El vocero del Fondo Monetario Internacional (FMI), Gerry Rice, dijo que&hellip;<\/p>\n","protected":false},"author":99,"featured_media":501516,"comment_status":"open","ping_status":"open","sticky":false,"template":"","format":"standard","meta":{"footnotes":""},"categories":[23],"tags":[],"class_list":["post-501515","post","type-post","status-publish","format-standard","has-post-thumbnail","hentry","category-latinoamerica"],"_links":{"self":[{"href":"https:\/\/diarioelpopular.com\/index.php\/wp-json\/wp\/v2\/posts\/501515","targetHints":{"allow":["GET"]}}],"collection":[{"href":"https:\/\/diarioelpopular.com\/index.php\/wp-json\/wp\/v2\/posts"}],"about":[{"href":"https:\/\/diarioelpopular.com\/index.php\/wp-json\/wp\/v2\/types\/post"}],"author":[{"embeddable":true,"href":"https:\/\/diarioelpopular.com\/index.php\/wp-json\/wp\/v2\/users\/99"}],"replies":[{"embeddable":true,"href":"https:\/\/diarioelpopular.com\/index.php\/wp-json\/wp\/v2\/comments?post=501515"}],"version-history":[{"count":1,"href":"https:\/\/diarioelpopular.com\/index.php\/wp-json\/wp\/v2\/posts\/501515\/revisions"}],"predecessor-version":[{"id":501517,"href":"https:\/\/diarioelpopular.com\/index.php\/wp-json\/wp\/v2\/posts\/501515\/revisions\/501517"}],"wp:featuredmedia":[{"embeddable":true,"href":"https:\/\/diarioelpopular.com\/index.php\/wp-json\/wp\/v2\/media\/501516"}],"wp:attachment":[{"href":"https:\/\/diarioelpopular.com\/index.php\/wp-json\/wp\/v2\/media?parent=501515"}],"wp:term":[{"taxonomy":"category","embeddable":true,"href":"https:\/\/diarioelpopular.com\/index.php\/wp-json\/wp\/v2\/categories?post=501515"},{"taxonomy":"post_tag","embeddable":true,"href":"https:\/\/diarioelpopular.com\/index.php\/wp-json\/wp\/v2\/tags?post=501515"}],"curies":[{"name":"wp","href":"https:\/\/api.w.org\/{rel}","templated":true}]}}