{"id":501523,"date":"2022-02-12T11:15:04","date_gmt":"2022-02-12T15:15:04","guid":{"rendered":"https:\/\/diarioelpopular.com\/?p=501523"},"modified":"2022-02-12T11:15:04","modified_gmt":"2022-02-12T15:15:04","slug":"la-policia-de-windsor-comienza-a-despejar-a-los-manifestantes-del-convoy-del-puente-ambassador","status":"publish","type":"post","link":"https:\/\/diarioelpopular.com\/index.php\/2022\/02\/12\/la-policia-de-windsor-comienza-a-despejar-a-los-manifestantes-del-convoy-del-puente-ambassador\/","title":{"rendered":"La polic\u00eda de Windsor comienza a despejar a los manifestantes del convoy del puente Ambassador"},"content":{"rendered":"<p><img loading=\"lazy\" decoding=\"async\" class=\"alignnone size-custom-full-size wp-image-501524\" src=\"https:\/\/diarioelpopular.com\/wp-content\/uploads\/2022\/02\/1.6914-636x424.jpg\" alt=\"\" width=\"636\" height=\"424\" srcset=\"https:\/\/diarioelpopular.com\/wp-content\/uploads\/2022\/02\/1.6914-636x424.jpg 636w, https:\/\/diarioelpopular.com\/wp-content\/uploads\/2022\/02\/1.6914-300x200.jpg 300w, https:\/\/diarioelpopular.com\/wp-content\/uploads\/2022\/02\/1.6914-768x512.jpg 768w, https:\/\/diarioelpopular.com\/wp-content\/uploads\/2022\/02\/1.6914-110x73.jpg 110w, https:\/\/diarioelpopular.com\/wp-content\/uploads\/2022\/02\/1.6914.jpg 800w\" sizes=\"auto, (max-width: 636px) 100vw, 636px\" \/><\/p>\n<h4><em><strong>&#8211; La polic\u00eda de Windsor ha comenzado a hacer cumplir la ley cerca del Puente Ambassador, Windsor, Ontario.<\/strong><\/em><\/h4>\n<h4><em><strong>&#8211; Dos tercios de los canadienses apoyan la fuerza militar para poner fin a las protestas de Ottawa: encuesta<\/strong><\/em><\/h4>\n<p><em><strong>WINDSOR, ONT.-<\/strong><\/em> En un tuit este s\u00e1bado por la ma\u00f1ana, el departamento confirm\u00f3 lo mismo y dijo: \u201cInstamos a todos los manifestantes a actuar de manera legal y pac\u00edfica. Todav\u00eda se les pide a los viajeros que eviten las \u00e1reas afectadas por las manifestaciones en este momento\u201d.<\/p>\n<p>Los manifestantes han estado bloqueando el puente a los Estados Unidos durante varios d\u00edas mientras exigen el fin de los mandatos de vacunas COVID-19.<\/p>\n<p>El cruce fronterizo terrestre m\u00e1s concurrido de Am\u00e9rica del Norte, el Puente Ambassador, no tuvo tr\u00e1fico por quinto d\u00eda consecutivo el s\u00e1bado por la ma\u00f1ana. Docenas de camiones, autom\u00f3viles y camionetas bloquearon el tr\u00e1fico en ambas direcciones, obstruyendo la cadena de suministro de los fabricantes de autom\u00f3viles de Detroit.<\/p>\n<p>Se vio a polic\u00edas con uniformes negros y chalecos amarillos movi\u00e9ndose detr\u00e1s de los autos de los manifestantes en el puente. Tambi\u00e9n estuvieron presentes equipos t\u00e1cticos y francotiradores.<\/p>\n<p>Los manifestantes se han reducido de unos 200 que bloqueaban el puente el viernes por la noche.<\/p>\n<p>En un fallo el viernes por la tarde, un juez les dio a los manifestantes hasta las 7 p.m. para despejarse, aunque las multitudes continuaron creciendo despu\u00e9s de ese tiempo y no estaba claro cu\u00e1ndo se ir\u00edan muchos.<\/p>\n<p>\u201cLas actividades que son el tema de este mandato judicial, la libertad que aquellos quieren, resulta directamente en la negaci\u00f3n de la libertad a otros en la sociedad. La negaci\u00f3n directa de su libertad de trabajo. La negaci\u00f3n directa de su libertad para cruzar y mover bienes y servicios a trav\u00e9s del puente\u201d, dijo el presidente del Tribunal Superior de Ontario, Geoffrey Morawetz, antes de emitir su fallo.<\/p>\n<p>El primer ministro de Ontario, Doug Ford, anunci\u00f3 un estado de emergencia en la provincia el viernes en respuesta al bloqueo en Windsor, y otro que ha inmovilizado el centro de la ciudad de Ottawa durante casi dos semanas.<\/p>\n<p>Ford dijo que promulgar\u00e1 \u00f3rdenes que dejen &#8220;muy claro&#8221; que es ilegal y punible bloquear e impedir el movimiento de bienes, personas y servicios a lo largo de la infraestructura cr\u00edtica.<\/p>\n<p>El viernes por la noche, la polic\u00eda de Windsor distribuy\u00f3 volantes que advert\u00edan a los manifestantes que el estado de emergencia de Ontario entrar\u00eda en vigor a la medianoche.<\/p>\n<p>Es \u201cilegal y punible bloquear e impedir el movimiento de bienes, personas y servicios a lo largo de la infraestructura cr\u00edtica\u201d, dec\u00eda el volante.<\/p>\n<p>&nbsp;<\/p>\n<h4><em><strong>Dos tercios de los canadienses apoyan la fuerza militar para poner fin a las protestas de Ottawa: encuesta<\/strong><\/em><\/h4>\n<p>Una nueva encuesta encuentra que m\u00e1s de dos tercios de los canadienses apoyar\u00edan el uso de la fuerza militar para ayudar a desalojar a los manifestantes de Ottawa, mientras que el apoyo a los camioneros se ha reducido al 20 por ciento, tanto por lo que protestan como por c\u00f3mo lo hacen. .<\/p>\n<p>La \u00faltima encuesta de Maru Public Opinion encuentra que el 64 por ciento aprueba el uso de las Fuerzas Armadas para despejar camiones con remolques pesados, mientras que el 53 por ciento apoya el uso de la fuerza por parte de la polic\u00eda de Ottawa para sacar a los camioneros, sus familias y otras personas que se niegan a irse. Esto incluye el uso de gas lacrim\u00f3geno y otros m\u00e9todos, en el entendimiento de que tales medidas podr\u00edan resultar en lesiones.<\/p>\n<p>Al primer ministro Justin Trudeau se le ha pedido en varias ocasiones traer militares para ayudar con las protestas de Ottawa. Si bien afirma que todo est\u00e1 sobre la mesa, dice que est\u00e1 \u201cpreocupado por la violencia\u201d y que se est\u00e1n tomando todas las precauciones para mantener a las personas seguras.<\/p>\n<p>El jefe de polic\u00eda de Ottawa, Peter Sloly, dijo el viernes que la mayor limitaci\u00f3n en la capacidad de su fuerza para poner fin a la crisis es la falta de oficiales, y agreg\u00f3 que todav\u00eda estaba esperando una respuesta a su solicitud de 1.800 efectivos de la RCMP y la Polic\u00eda Provincial de Ontario.<\/p>\n<p>El premier de Ontario, Doug Ford, declar\u00f3 el estado de emergencia el viernes, por lo que es ilegal y punible bloquear e impedir el movimiento de bienes, personas y servicios a lo largo de la infraestructura cr\u00edtica, mientras que las ciudades de Ottawa y Windsor recibieron \u00f3rdenes judiciales para tratar con los manifestantes.<\/p>\n<p><em><strong>La democracia amenazada<\/strong><\/em><br \/>\nDos tercios de los canadienses creen que la democracia de Canad\u00e1 est\u00e1 siendo amenazada por los manifestantes, mientras que el 67 por ciento de los encuestados cree que los camioneros est\u00e1n siendo financiados en gran medida por intereses extranjeros. Seis de cada 10 equiparan las protestas actuales con la misma mafia que irrumpi\u00f3 en el Capitolio de los Estados Unidos el 6 de enero de 2021.<\/p>\n<p>El 46 % culpa a los camioneros por incitar y escalar las protestas en las \u00faltimas dos semanas, mientras que casi un tercio culpa al primer ministro. Otro siete por ciento culpa a los l\u00edderes del Partido Conservador federal, mientras que uno de cada seis dice que \u201cotros\u201d son los responsables.<\/p>\n<p>Cuando se trata de la actuaci\u00f3n del primer ministro durante las protestas del convoy, el 53 por ciento de los encuestados dice que Justin Trudeau se ha visto d\u00e9bil frente a las amenazas al pa\u00eds, mientras que el 44 por ciento cree que ha inflamado la situaci\u00f3n actual. Uno de cada seis dice que Trudeau ha hecho todo lo posible para tratar de calmar las cosas y encontrar una soluci\u00f3n. Un porcentaje similar (16 por ciento) dice que votar\u00eda por \u00e9l en funci\u00f3n de c\u00f3mo ha manejado la situaci\u00f3n actual.<\/p>\n<p>En cuanto al castigo que deber\u00edan enfrentar los manifestantes, dos tercios dicen que cualquiera que los ayude o los incite deber\u00eda enfrentar multas y penas de prisi\u00f3n, mientras que seis de cada 10 quisieran que los camioneros enfrenten multas y penas de prisi\u00f3n de hasta dos a\u00f1os. A mayor\u00edas similares tambi\u00e9n les gustar\u00eda verlos perder sus veh\u00edculos, licencias comerciales y personales por hasta dos a\u00f1os. Solo uno de cada tres canadienses cree que se les debe dejar en paz, que tienen derecho a protestar como lo est\u00e1n haciendo actualmente.<\/p>\n<p>La encuesta se realiz\u00f3 el 9 y 10 de febrero de 2022 entre una selecci\u00f3n aleatoria de 1506 adultos canadienses que son panelistas de Maru Voice Canada y tiene una precisi\u00f3n de +\/- 2,5 %, 19 veces de 20.<\/p>\n","protected":false},"excerpt":{"rendered":"<p>&#8211; La polic\u00eda de Windsor ha comenzado a hacer cumplir la ley cerca del Puente Ambassador, Windsor, Ontario. &#8211; Dos tercios de los canadienses apoyan&hellip;<\/p>\n","protected":false},"author":99,"featured_media":501524,"comment_status":"open","ping_status":"open","sticky":false,"template":"","format":"standard","meta":{"footnotes":""},"categories":[21,11191],"tags":[],"class_list":["post-501523","post","type-post","status-publish","format-standard","has-post-thumbnail","hentry","category-canada","category-top-news"],"_links":{"self":[{"href":"https:\/\/diarioelpopular.com\/index.php\/wp-json\/wp\/v2\/posts\/501523","targetHints":{"allow":["GET"]}}],"collection":[{"href":"https:\/\/diarioelpopular.com\/index.php\/wp-json\/wp\/v2\/posts"}],"about":[{"href":"https:\/\/diarioelpopular.com\/index.php\/wp-json\/wp\/v2\/types\/post"}],"author":[{"embeddable":true,"href":"https:\/\/diarioelpopular.com\/index.php\/wp-json\/wp\/v2\/users\/99"}],"replies":[{"embeddable":true,"href":"https:\/\/diarioelpopular.com\/index.php\/wp-json\/wp\/v2\/comments?post=501523"}],"version-history":[{"count":1,"href":"https:\/\/diarioelpopular.com\/index.php\/wp-json\/wp\/v2\/posts\/501523\/revisions"}],"predecessor-version":[{"id":501525,"href":"https:\/\/diarioelpopular.com\/index.php\/wp-json\/wp\/v2\/posts\/501523\/revisions\/501525"}],"wp:featuredmedia":[{"embeddable":true,"href":"https:\/\/diarioelpopular.com\/index.php\/wp-json\/wp\/v2\/media\/501524"}],"wp:attachment":[{"href":"https:\/\/diarioelpopular.com\/index.php\/wp-json\/wp\/v2\/media?parent=501523"}],"wp:term":[{"taxonomy":"category","embeddable":true,"href":"https:\/\/diarioelpopular.com\/index.php\/wp-json\/wp\/v2\/categories?post=501523"},{"taxonomy":"post_tag","embeddable":true,"href":"https:\/\/diarioelpopular.com\/index.php\/wp-json\/wp\/v2\/tags?post=501523"}],"curies":[{"name":"wp","href":"https:\/\/api.w.org\/{rel}","templated":true}]}}