{"id":501540,"date":"2022-02-14T10:13:13","date_gmt":"2022-02-14T14:13:13","guid":{"rendered":"https:\/\/diarioelpopular.com\/?p=501540"},"modified":"2022-02-14T10:13:13","modified_gmt":"2022-02-14T14:13:13","slug":"el-cruce-fronterizo-ambassador-bridge-de-windsor-reabre-despues-de-la-protesta-covid-19","status":"publish","type":"post","link":"https:\/\/diarioelpopular.com\/index.php\/2022\/02\/14\/el-cruce-fronterizo-ambassador-bridge-de-windsor-reabre-despues-de-la-protesta-covid-19\/","title":{"rendered":"El cruce fronterizo Ambassador Bridge de Windsor reabre despu\u00e9s de la protesta COVID-19"},"content":{"rendered":"<p><img loading=\"lazy\" decoding=\"async\" class=\"alignnone size-custom-full-size wp-image-501541\" src=\"https:\/\/diarioelpopular.com\/wp-content\/uploads\/2022\/02\/1.anada-trucking-636x358.jpg\" alt=\"\" width=\"636\" height=\"358\" srcset=\"https:\/\/diarioelpopular.com\/wp-content\/uploads\/2022\/02\/1.anada-trucking-636x358.jpg 636w, https:\/\/diarioelpopular.com\/wp-content\/uploads\/2022\/02\/1.anada-trucking-300x169.jpg 300w, https:\/\/diarioelpopular.com\/wp-content\/uploads\/2022\/02\/1.anada-trucking-768x432.jpg 768w, https:\/\/diarioelpopular.com\/wp-content\/uploads\/2022\/02\/1.anada-trucking-130x73.jpg 130w, https:\/\/diarioelpopular.com\/wp-content\/uploads\/2022\/02\/1.anada-trucking.jpg 800w\" sizes=\"auto, (max-width: 636px) 100vw, 636px\" \/><\/p>\n<h4><em><strong>&#8211; Uno de los cruces fronterizos m\u00e1s concurridos de la naci\u00f3n reabri\u00f3 el domingo por la noche luego de una protesta de d\u00edas contra las medidas de COVID-19 que algunos caracterizaron como una \u201cocupaci\u00f3n ilegal\u201d al pie del Puente Ambassador.<\/strong><\/em><\/h4>\n<p><em><strong>WINDSOR, ONT.-<\/strong> <\/em>El tr\u00e1fico flu\u00eda normalmente a trav\u00e9s del puente entre esta ciudad, y Detroit por primera vez en casi una semana, confirm\u00f3 la Agencia de Servicios Fronterizos de Canad\u00e1 poco antes de la medianoche del domingo.<\/p>\n<p>\u201cLa Agencia de Servicios Fronterizos de Canad\u00e1 (CBSA) puede confirmar que los viajeros y los transportistas comerciales ahora est\u00e1n siendo procesados \u200b\u200bpara ingresar a Canad\u00e1 en el puerto de entrada del Puente Ambassador\u201d, dijo Judith Gadbois-St-Cyr, portavoz de la agencia.<\/p>\n<p>La polic\u00eda de Windsor public\u00f3 un tuit solicitando que las personas no llamen a su Centro de Comunicaciones 911 para obtener informaci\u00f3n sobre la reapertura del puente, diciendo que esas l\u00edneas deben permanecer abiertas solo para emergencias.<\/p>\n<p>Por el puente pasan cientos de millones de d\u00f3lares en importaciones y exportaciones cada d\u00eda, y los pol\u00edticos de ambos lados de la frontera denunciaron el impacto econ\u00f3mico de la protesta.<\/p>\n<p>La polic\u00eda retir\u00f3 a los manifestantes del sitio el domingo temprano, efectu\u00f3 m\u00e1s de dos docenas de arrestos y recibi\u00f3 elogios del alcalde de Windsor, Drew Dilkens.<\/p>\n<p>\u201cHoy, nuestra crisis econ\u00f3mica nacional en el puente Ambassador lleg\u00f3 a su fin\u201d, dijo en una declaraci\u00f3n escrita.<\/p>\n<p>\u201cQuiero ofrecer mi m\u00e1s sincero agradecimiento a todo el personal encargado de hacer cumplir la ley involucrado por su enfoque determinado, pero compasivo, de la ocupaci\u00f3n\u201d.<\/p>\n<p>Los oficiales se mudaron despu\u00e9s de que el Tribunal Superior de Ontario concedi\u00f3 una orden judicial el viernes que prohib\u00eda a los manifestantes bloquear el puente.<\/p>\n<p>Se espera que el presidente del Tribunal Supremo, Geoffrey Morawetz, publique los motivos de su decisi\u00f3n de otorgar la orden judicial esta semana, pero durante la audiencia del viernes, dijo que el derecho a la libertad de expresi\u00f3n de los manifestantes ten\u00eda que equilibrarse con el derecho de todos los dem\u00e1s a usar el puente.<\/p>\n<p>No obstante, contin\u00faan las protestas en otros cruces fronterizos.<\/p>\n<p>En su sitio web, la CBSA dice que los cruces en Coutts, Alta., y Emerson, Man., permanecen cerrados temporalmente.<\/p>\n<p>&nbsp;<\/p>\n<h4><em><strong>La ciudad de Ottawa llega a un acuerdo con los organizadores del &#8216;Freedom Convoy&#8217;: alcalde<\/strong><\/em><\/h4>\n<p><img loading=\"lazy\" decoding=\"async\" class=\"alignnone size-custom-full-size wp-image-501542\" src=\"https:\/\/diarioelpopular.com\/wp-content\/uploads\/2022\/02\/2.image_-636x361.jpg\" alt=\"\" width=\"636\" height=\"361\" srcset=\"https:\/\/diarioelpopular.com\/wp-content\/uploads\/2022\/02\/2.image_-636x361.jpg 636w, https:\/\/diarioelpopular.com\/wp-content\/uploads\/2022\/02\/2.image_-300x170.jpg 300w, https:\/\/diarioelpopular.com\/wp-content\/uploads\/2022\/02\/2.image_-768x436.jpg 768w, https:\/\/diarioelpopular.com\/wp-content\/uploads\/2022\/02\/2.image_-129x73.jpg 129w, https:\/\/diarioelpopular.com\/wp-content\/uploads\/2022\/02\/2.image_.jpg 800w\" sizes=\"auto, (max-width: 636px) 100vw, 636px\" \/><\/p>\n<p>El alcalde de Ottawa dijo que la ciudad lleg\u00f3 a un acuerdo con los manifestantes que han abarrotado las calles del centro durante m\u00e1s de dos semanas.<\/p>\n<p>El alcalde Jim Watson dijo el domingo por la tarde que el acuerdo har\u00eda que los manifestantes abandonaran las \u00e1reas residenciales en las pr\u00f3ximas 24 horas.<\/p>\n<p>Su oficina dijo que los organizadores de Freedom Convoy aceptaron las demandas de la ciudad de limitar sus actividades de protesta a un \u00e1rea alrededor de Parliament Hill.<\/p>\n<p>Una carta a la presidenta de la junta del convoy, Tamara Lich, dice que Watson aceptar\u00e1 reunirse con los manifestantes si los camiones y otros veh\u00edculos que participan en las protestas en curso est\u00e1n fuera de los vecindarios residenciales para el mediod\u00eda del lunes.<\/p>\n<p>La carta dice que los organizadores pasar\u00e1n las pr\u00f3ximas 24 horas \u201ctrabajando duro\u2026 para conseguir el apoyo de los camioneros\u201d que inundaron la capital para expresar su oposici\u00f3n a las medidas de salud p\u00fablica implementadas para combatir el COVID-19.<\/p>\n<p>La carta de Watson a los manifestantes dice que los residentes est\u00e1n &#8220;agotados&#8221; y &#8220;al l\u00edmite&#8221; debido a las manifestaciones y advierte que algunas empresas est\u00e1n al borde del cierre permanente debido a las interrupciones.<\/p>\n<p>La oficina de Watson, en un correo electr\u00f3nico a los concejales, dijo: \u201cReconocemos que esta no es una soluci\u00f3n a largo plazo para la ocupaci\u00f3n, pero representa un primer paso positivo para disminuir el impacto del convoy en el bienestar de nuestros residentes\u201d.<\/p>\n<p>El domingo por la noche, el cofundador del convoy recurri\u00f3 a las redes sociales para decir que no se hab\u00eda hecho un &#8220;acuerdo&#8221;, y agreg\u00f3 &#8220;terminar con los mandatos, terminar con los pasaportes&#8221;.<\/p>\n<p>El destacado manifestante Pat King afirma en un video en l\u00ednea, sin proporcionar evidencia, que la carta se origin\u00f3 con contramanifestantes, y les dice a los manifestantes que no se muevan.<\/p>\n<p>Sin embargo, Lich dijo en l\u00ednea poco despu\u00e9s: \u201cLos planes para reubicar camiones fuera de las \u00e1reas residenciales seg\u00fan lo acordado seguir\u00e1n adelante\u201d.<\/p>\n","protected":false},"excerpt":{"rendered":"<p>&#8211; Uno de los cruces fronterizos m\u00e1s concurridos de la naci\u00f3n reabri\u00f3 el domingo por la noche luego de una protesta de d\u00edas contra las&hellip;<\/p>\n","protected":false},"author":99,"featured_media":501541,"comment_status":"open","ping_status":"open","sticky":false,"template":"","format":"standard","meta":{"footnotes":""},"categories":[21,11191],"tags":[],"class_list":["post-501540","post","type-post","status-publish","format-standard","has-post-thumbnail","hentry","category-canada","category-top-news"],"_links":{"self":[{"href":"https:\/\/diarioelpopular.com\/index.php\/wp-json\/wp\/v2\/posts\/501540","targetHints":{"allow":["GET"]}}],"collection":[{"href":"https:\/\/diarioelpopular.com\/index.php\/wp-json\/wp\/v2\/posts"}],"about":[{"href":"https:\/\/diarioelpopular.com\/index.php\/wp-json\/wp\/v2\/types\/post"}],"author":[{"embeddable":true,"href":"https:\/\/diarioelpopular.com\/index.php\/wp-json\/wp\/v2\/users\/99"}],"replies":[{"embeddable":true,"href":"https:\/\/diarioelpopular.com\/index.php\/wp-json\/wp\/v2\/comments?post=501540"}],"version-history":[{"count":1,"href":"https:\/\/diarioelpopular.com\/index.php\/wp-json\/wp\/v2\/posts\/501540\/revisions"}],"predecessor-version":[{"id":501543,"href":"https:\/\/diarioelpopular.com\/index.php\/wp-json\/wp\/v2\/posts\/501540\/revisions\/501543"}],"wp:featuredmedia":[{"embeddable":true,"href":"https:\/\/diarioelpopular.com\/index.php\/wp-json\/wp\/v2\/media\/501541"}],"wp:attachment":[{"href":"https:\/\/diarioelpopular.com\/index.php\/wp-json\/wp\/v2\/media?parent=501540"}],"wp:term":[{"taxonomy":"category","embeddable":true,"href":"https:\/\/diarioelpopular.com\/index.php\/wp-json\/wp\/v2\/categories?post=501540"},{"taxonomy":"post_tag","embeddable":true,"href":"https:\/\/diarioelpopular.com\/index.php\/wp-json\/wp\/v2\/tags?post=501540"}],"curies":[{"name":"wp","href":"https:\/\/api.w.org\/{rel}","templated":true}]}}