{"id":501551,"date":"2022-02-15T10:21:06","date_gmt":"2022-02-15T14:21:06","guid":{"rendered":"https:\/\/diarioelpopular.com\/?p=501551"},"modified":"2022-02-15T10:21:06","modified_gmt":"2022-02-15T14:21:06","slug":"bolivia-madura-un-cuarto-juicio-contra-jeanine-anez","status":"publish","type":"post","link":"https:\/\/diarioelpopular.com\/index.php\/2022\/02\/15\/bolivia-madura-un-cuarto-juicio-contra-jeanine-anez\/","title":{"rendered":"Bolivia: Madura un cuarto juicio contra Jeanine A\u00f1ez"},"content":{"rendered":"<h4><em><strong>\u00a0<\/strong><\/em><\/h4>\n<div id=\"attachment_501552\" style=\"width: 646px\" class=\"wp-caption alignnone\"><img loading=\"lazy\" decoding=\"async\" aria-describedby=\"caption-attachment-501552\" class=\"size-custom-full-size wp-image-501552\" src=\"https:\/\/diarioelpopular.com\/wp-content\/uploads\/2022\/02\/1.2489f8-636x521.jpg\" alt=\"\" width=\"636\" height=\"521\" srcset=\"https:\/\/diarioelpopular.com\/wp-content\/uploads\/2022\/02\/1.2489f8-636x521.jpg 636w, https:\/\/diarioelpopular.com\/wp-content\/uploads\/2022\/02\/1.2489f8-300x246.jpg 300w, https:\/\/diarioelpopular.com\/wp-content\/uploads\/2022\/02\/1.2489f8-768x629.jpg 768w, https:\/\/diarioelpopular.com\/wp-content\/uploads\/2022\/02\/1.2489f8-89x73.jpg 89w, https:\/\/diarioelpopular.com\/wp-content\/uploads\/2022\/02\/1.2489f8.jpg 800w\" sizes=\"auto, (max-width: 636px) 100vw, 636px\" \/><p id=\"caption-attachment-501552\" class=\"wp-caption-text\"><em>Represi\u00f3n policial en Bolivia, una imagen de 2019<\/em><\/p><\/div>\n<h4><em><strong>-Presi\u00f3n de familiares de muertos en represiones de 2019<\/strong><\/em><\/h4>\n<p><em><strong>LA PAZ 15 FEB &#8211;<\/strong> <\/em>En Bolivia est\u00e1 madurando un nuevo juicio contra la expresidente interina Jeanine A\u00f1ez, que ser\u00eda la cuarta causa en su contra, esta vez por masacres de su r\u00e9gimen en las represiones de 2019 que desataron al menos 37 muertes y decenas de heridos.<br \/>\nEl proceso est\u00e1 siendo impulsado por familiares de las v\u00edctimas de las masacres de Sacaba y Senkata, localidades donde las intervenciones militares ante las protestas sociales emergidas luego de la asunci\u00f3n de A\u00f1ez en noviembre de 2019 gestaron 37 muertes.<br \/>\nActualmente, la expresidenta de facto enfrenta tres procesos en la justicia boliviana, el primero y est\u00e1n en puertas las audiencias orales es el denominado caso Golpe de Estado II, en el que est\u00e1 acusada de resoluciones contrarias a la Constituci\u00f3n e incumplimiento de deberes de funcionaria.<br \/>\nEl segundo proceso es el denominado Golpe de Estado I, donde la imputaci\u00f3n en su contra es por sedici\u00f3n y terrorismo.<br \/>\nEste proceso est\u00e1 a la espera de una decisi\u00f3n del Tribunal Constitucional Plurinacional para ver si este caso deber\u00e1 ser en un proceso ordinario o en un juicio de responsabilidades.<br \/>\nEl tercer proceso que enfrenta A\u00f1ez est\u00e1 relacionado con una presumible designaci\u00f3n irregular de Karina Fabiola Leiva A\u00f1ez de Ruiz como gerente de la Empresa Boliviana de Alimentos (EBA) en 2020, por lo que fue imputada por el Ministerio P\u00fablico por los presuntos delitos de nombramientos ilegales, resoluciones contrarias a la Constituci\u00f3n y las leyes, incumplimiento de deberes y anticipo o prolongaci\u00f3n de funciones.<br \/>\nAhora familiares de las v\u00edctimas de la represi\u00f3n en Sacaba y Senkata (15 de noviembre de 2019, donde 11 civiles perdieron la vida y otros 120 sufrieron heridas) buscan llevarla a juicio.<br \/>\n&#8220;Nosotros como v\u00edctimas, heridos, familiares de fallecidos y toda la organizaci\u00f3n, pedimos justicia&#8221;, &#8220;nos declaramos en emergencia porque como v\u00edctimas de la se\u00f1ora A\u00f1ez en su gobierno de facto hubo heridos y fallecidos, esto no puede quedar impune&#8221;, fueron los reclamos de algunos familiares en una marcha del \u00faltimo domingo.<br \/>\nAnte esto, el ministro de Justicia, Iv\u00e1n Lima, indic\u00f3 hoy que, en cumplimiento a las recomendaciones del Grupo Interdisciplinario de Expertos Independientes (GIEI-Bolivia), el Estado trabaja por la &#8220;memoria, verdad y justicia&#8221; para las v\u00edctimas de los hechos de 2019, por lo que advirti\u00f3 &#8220;que no se dar\u00e1 impunidad a nadie&#8221;.<br \/>\n&#8220;Ahora tenemos una Ley de Fortalecimiento de Lucha contra la Corrupci\u00f3n que nos permite en los casos de corrupci\u00f3n y graves violaciones en derechos humanos llevar adelante (un proceso) en rebeld\u00eda a\u00fan cuando A\u00f1ez haga una huelga de hambre. En estos casos, el proceso puede continuar en rebeld\u00eda por mandato de la ley&#8221;, dijo Lima.<br \/>\nY agreg\u00f3 que &#8220;quien no quiera dar cuenta a la justicia, va a ser sometido a un juicio en rebeld\u00eda, esto no va a parar por ning\u00fan motivo, porque el concepto del Gobierno es que no vamos a cesar en este esfuerzo por conseguir justicia&#8221;.<br \/>\nTambi\u00e9n reiter\u00f3 que A\u00f1ez ser\u00e1 juzgada como exsenadora y no como presidenta de facto porque su proceso tiene relaci\u00f3n a sus actuaciones en calidad de legisladora, cuando incumpli\u00f3 lo establecido en los art\u00edculos 168 y 169 de la Constituci\u00f3n y el reglamento de la C\u00e1mara de Senadores, y se autoproclam\u00f3 como presidenta de la C\u00e1mara Alta y luego como mandataria del Estado.<br \/>\nA\u00f1ez fue presidenta interina de Bolivia luego de la salida forzada del poder del presidente Evo Morales, que abandon\u00f3 el pa\u00eds bajo presiones civiles y militares.<br \/>\n&#8220;Sab\u00edan que el tiempo transcurre y un d\u00eda iban a tener que enfrentarse a los estrados judiciales por las masacres de Senkata y Sacaba, por las muertes. Ah\u00ed tendr\u00e1, seguramente, otro proceso porque el pueblo boliviano pide y clama justicia&#8221;, indic\u00f3 hoy el vocero presidencial entrevistado por Bolivia TV, televisora estatal.<br \/>\nAgreg\u00f3 que &#8220;seguramente (Jeanine) A\u00f1ez deber\u00e1 enfrentar otro proceso por las p\u00e9rdidas humanas que existieron durante los conflictos sociales de 2019&#8221;.<\/p>\n","protected":false},"excerpt":{"rendered":"<p>\u00a0 -Presi\u00f3n de familiares de muertos en represiones de 2019 LA PAZ 15 FEB &#8211; En Bolivia est\u00e1 madurando un nuevo juicio contra la expresidente&hellip;<\/p>\n","protected":false},"author":99,"featured_media":501552,"comment_status":"open","ping_status":"open","sticky":false,"template":"","format":"standard","meta":{"footnotes":""},"categories":[23,11354],"tags":[],"class_list":["post-501551","post","type-post","status-publish","format-standard","has-post-thumbnail","hentry","category-latinoamerica","category-sucesos"],"_links":{"self":[{"href":"https:\/\/diarioelpopular.com\/index.php\/wp-json\/wp\/v2\/posts\/501551","targetHints":{"allow":["GET"]}}],"collection":[{"href":"https:\/\/diarioelpopular.com\/index.php\/wp-json\/wp\/v2\/posts"}],"about":[{"href":"https:\/\/diarioelpopular.com\/index.php\/wp-json\/wp\/v2\/types\/post"}],"author":[{"embeddable":true,"href":"https:\/\/diarioelpopular.com\/index.php\/wp-json\/wp\/v2\/users\/99"}],"replies":[{"embeddable":true,"href":"https:\/\/diarioelpopular.com\/index.php\/wp-json\/wp\/v2\/comments?post=501551"}],"version-history":[{"count":1,"href":"https:\/\/diarioelpopular.com\/index.php\/wp-json\/wp\/v2\/posts\/501551\/revisions"}],"predecessor-version":[{"id":501553,"href":"https:\/\/diarioelpopular.com\/index.php\/wp-json\/wp\/v2\/posts\/501551\/revisions\/501553"}],"wp:featuredmedia":[{"embeddable":true,"href":"https:\/\/diarioelpopular.com\/index.php\/wp-json\/wp\/v2\/media\/501552"}],"wp:attachment":[{"href":"https:\/\/diarioelpopular.com\/index.php\/wp-json\/wp\/v2\/media?parent=501551"}],"wp:term":[{"taxonomy":"category","embeddable":true,"href":"https:\/\/diarioelpopular.com\/index.php\/wp-json\/wp\/v2\/categories?post=501551"},{"taxonomy":"post_tag","embeddable":true,"href":"https:\/\/diarioelpopular.com\/index.php\/wp-json\/wp\/v2\/tags?post=501551"}],"curies":[{"name":"wp","href":"https:\/\/api.w.org\/{rel}","templated":true}]}}