{"id":501583,"date":"2022-02-16T10:36:04","date_gmt":"2022-02-16T14:36:04","guid":{"rendered":"https:\/\/diarioelpopular.com\/?p=501583"},"modified":"2022-02-16T10:36:04","modified_gmt":"2022-02-16T14:36:04","slug":"honduras-arrestan-a-juan-orlando-hernandez","status":"publish","type":"post","link":"https:\/\/diarioelpopular.com\/index.php\/2022\/02\/16\/honduras-arrestan-a-juan-orlando-hernandez\/","title":{"rendered":"Honduras: Arrestan a Juan Orlando Hern\u00e1ndez"},"content":{"rendered":"<div id=\"attachment_501584\" style=\"width: 646px\" class=\"wp-caption alignnone\"><img loading=\"lazy\" decoding=\"async\" aria-describedby=\"caption-attachment-501584\" class=\"size-custom-full-size wp-image-501584\" src=\"https:\/\/diarioelpopular.com\/wp-content\/uploads\/2022\/02\/1.4b-636x424.jpg\" alt=\"\" width=\"636\" height=\"424\" srcset=\"https:\/\/diarioelpopular.com\/wp-content\/uploads\/2022\/02\/1.4b-636x424.jpg 636w, https:\/\/diarioelpopular.com\/wp-content\/uploads\/2022\/02\/1.4b-300x200.jpg 300w, https:\/\/diarioelpopular.com\/wp-content\/uploads\/2022\/02\/1.4b-768x512.jpg 768w, https:\/\/diarioelpopular.com\/wp-content\/uploads\/2022\/02\/1.4b-110x73.jpg 110w, https:\/\/diarioelpopular.com\/wp-content\/uploads\/2022\/02\/1.4b.jpg 800w\" sizes=\"auto, (max-width: 636px) 100vw, 636px\" \/><p id=\"caption-attachment-501584\" class=\"wp-caption-text\"><em>Operativo del arresto de Juan Orlando Hern\u00e1ndez, expresidente hondure\u00f1o (foto: EPA)<\/em><\/p><\/div>\n<p><strong><em>TEGUCIGALPA, 16 FEB &#8211;<\/em> <\/strong>El expresidente hondure\u00f1o Juan Orlando Hern\u00e1ndez fue detenido en su residencia de Tegucigalpa por un grupo especial de la polic\u00eda que lo hizo subir a un furg\u00f3n blindado, refiri\u00f3 el diario La Tribuna.<br \/>\nEl exjefe de Estado, sobre el cual pende un pedido de extradici\u00f3n de Estados Unidos por narcotr\u00e1fico, fue trasladado bajo una fuerte custodia al Comando de las operaciones especiales &#8220;Cobras&#8221;.<br \/>\nEl cortejo de autom\u00f3viles que acompa\u00f1\u00f3 el traslado de Hern\u00e1ndez fue seguido y vigilado por un helic\u00f3ptero de la polic\u00eda nacional.<\/p>\n","protected":false},"excerpt":{"rendered":"<p>TEGUCIGALPA, 16 FEB &#8211; El expresidente hondure\u00f1o Juan Orlando Hern\u00e1ndez fue detenido en su residencia de Tegucigalpa por un grupo especial de la polic\u00eda que&hellip;<\/p>\n","protected":false},"author":99,"featured_media":501584,"comment_status":"open","ping_status":"open","sticky":false,"template":"","format":"standard","meta":{"footnotes":""},"categories":[23],"tags":[],"class_list":["post-501583","post","type-post","status-publish","format-standard","has-post-thumbnail","hentry","category-latinoamerica"],"_links":{"self":[{"href":"https:\/\/diarioelpopular.com\/index.php\/wp-json\/wp\/v2\/posts\/501583","targetHints":{"allow":["GET"]}}],"collection":[{"href":"https:\/\/diarioelpopular.com\/index.php\/wp-json\/wp\/v2\/posts"}],"about":[{"href":"https:\/\/diarioelpopular.com\/index.php\/wp-json\/wp\/v2\/types\/post"}],"author":[{"embeddable":true,"href":"https:\/\/diarioelpopular.com\/index.php\/wp-json\/wp\/v2\/users\/99"}],"replies":[{"embeddable":true,"href":"https:\/\/diarioelpopular.com\/index.php\/wp-json\/wp\/v2\/comments?post=501583"}],"version-history":[{"count":1,"href":"https:\/\/diarioelpopular.com\/index.php\/wp-json\/wp\/v2\/posts\/501583\/revisions"}],"predecessor-version":[{"id":501585,"href":"https:\/\/diarioelpopular.com\/index.php\/wp-json\/wp\/v2\/posts\/501583\/revisions\/501585"}],"wp:featuredmedia":[{"embeddable":true,"href":"https:\/\/diarioelpopular.com\/index.php\/wp-json\/wp\/v2\/media\/501584"}],"wp:attachment":[{"href":"https:\/\/diarioelpopular.com\/index.php\/wp-json\/wp\/v2\/media?parent=501583"}],"wp:term":[{"taxonomy":"category","embeddable":true,"href":"https:\/\/diarioelpopular.com\/index.php\/wp-json\/wp\/v2\/categories?post=501583"},{"taxonomy":"post_tag","embeddable":true,"href":"https:\/\/diarioelpopular.com\/index.php\/wp-json\/wp\/v2\/tags?post=501583"}],"curies":[{"name":"wp","href":"https:\/\/api.w.org\/{rel}","templated":true}]}}