{"id":501591,"date":"2022-02-17T10:24:46","date_gmt":"2022-02-17T14:24:46","guid":{"rendered":"https:\/\/diarioelpopular.com\/?p=501591"},"modified":"2022-02-17T10:24:46","modified_gmt":"2022-02-17T14:24:46","slug":"dos-tercios-apoyan-el-uso-de-la-ley-de-emergencias-de-trudeau-contra-los-manifestantes-encuesta","status":"publish","type":"post","link":"https:\/\/diarioelpopular.com\/index.php\/2022\/02\/17\/dos-tercios-apoyan-el-uso-de-la-ley-de-emergencias-de-trudeau-contra-los-manifestantes-encuesta\/","title":{"rendered":"Dos tercios apoyan el uso de la Ley de Emergencias de Trudeau contra los manifestantes: encuesta"},"content":{"rendered":"<p>&nbsp;<\/p>\n<p><img loading=\"lazy\" decoding=\"async\" class=\"alignnone size-custom-full-size wp-image-501592\" src=\"https:\/\/diarioelpopular.com\/wp-content\/uploads\/2022\/02\/1.684-636x425.jpg\" alt=\"\" width=\"636\" height=\"425\" srcset=\"https:\/\/diarioelpopular.com\/wp-content\/uploads\/2022\/02\/1.684-636x425.jpg 636w, https:\/\/diarioelpopular.com\/wp-content\/uploads\/2022\/02\/1.684-300x200.jpg 300w, https:\/\/diarioelpopular.com\/wp-content\/uploads\/2022\/02\/1.684-768x513.jpg 768w, https:\/\/diarioelpopular.com\/wp-content\/uploads\/2022\/02\/1.684-109x73.jpg 109w, https:\/\/diarioelpopular.com\/wp-content\/uploads\/2022\/02\/1.684.jpg 800w\" sizes=\"auto, (max-width: 636px) 100vw, 636px\" \/><\/p>\n<h4><em><strong>&#8211; Dos tercios de los canadienses apoyan la decisi\u00f3n del primer ministro Justin Trudeau de invocar la Ley de Emergencias para ayudar a manejar las protestas en todo el pa\u00eds, seg\u00fan una nueva encuesta.<\/strong><\/em><\/h4>\n<p><strong>&#8211; Ontario eleva la capacidad en restaurantes, gimnasios; los lugares grandes aumentaron al 50%<\/strong><\/p>\n<p><strong><em>OTTAWA.-<\/em> <\/strong>La encuesta de opini\u00f3n p\u00fablica de Maru muestra un apoyo mayoritario a la medida en todas las provincias del pa\u00eds con m\u00e1s del 70 por ciento de los de B.C., el Atl\u00e1ntico canadiense y Quebec fuertemente a favor de la medida, mientras que el 65 por ciento de los de Ontario la aprueba. Los que tienen m\u00e1s probabilidades de oponerse a la invocaci\u00f3n de la Ley se encuentran en Alberta (49 por ciento) y Saskatchewan (43 por ciento), donde los primeros ministros de ambas provincias han expresado su descontento con la medida.<\/p>\n<p>El premier de Saskatchewan, Scott Moe, dijo que el primer ministro ha ido demasiado lejos al invocar la Ley y ha pedido a los parlamentarios que detengan lo que \u00e9l llama \u201ceste abuso de poder\u201d.<\/p>\n<p>El gobierno ha presentado las mociones en la C\u00e1mara de los Comunes sobre los poderes espec\u00edficos de la ley, que permanecer\u00e1n en vigor durante 30 d\u00edas a menos que el gobierno los revoque antes.<\/p>\n<p>Moe hizo un llamado a todos los partidos para que permitan a sus miembros votar libremente sobre las mociones.<\/p>\n<p>El bloque quebequense y los conservadores dicen que no apoyar\u00e1n la moci\u00f3n, mientras que el l\u00edder del NDP, Jagmeet Singh, ha dicho que la respaldar\u00e1 &#8220;a rega\u00f1adientes&#8221;, calificando la situaci\u00f3n en Ottawa de crisis. Pero advirti\u00f3 contra la &#8220;excedencia&#8221; y dice que su partido controlar\u00e1 el uso de las medidas de emergencia y estar\u00e1 preparado para retirar el apoyo si siente que no se est\u00e1n utilizando de manera adecuada.<\/p>\n<p>La encuesta tambi\u00e9n encuentra que el 82 por ciento de los canadienses creen que la situaci\u00f3n en Ottawa ha durado demasiado tiempo y el 71 por ciento la llama una verg\u00fcenza internacional para Canad\u00e1.<\/p>\n<p>Seis de cada 10 canadienses dicen que es hora de despejar a los manifestantes, incluso si eso significa que algunas personas pueden resultar heridas o peor, y la mitad de los encuestados dicen que apoyan la forma en que la polic\u00eda ha manejado la situaci\u00f3n con los manifestantes.<\/p>\n<p>La encuesta revel\u00f3 que el 56 por ciento cree que los primeros ministros han cedido a las demandas de los manifestantes al flexibilizar las medidas y los mandatos de salud p\u00fablica, a pesar de que muchos l\u00edderes provinciales dicen que lo hicieron porque hab\u00eda llegado el momento de reducir las restricciones de COVID. Casi siete de cada 10 canadienses dicen que, independientemente de su l\u00ednea pol\u00edtica, los pol\u00edticos que han contribuido o apoyado estas protestas deber\u00edan ser destituidos de sus cargos.<\/p>\n<p>La encuesta se realiz\u00f3 entre el 14 y el 15 de febrero de 2022 utilizando una selecci\u00f3n aleatoria de 1518 adultos que son panelistas de Maru Voice Canada y tiene una precisi\u00f3n de +\/- 2,5 %, 19 veces de 20.<\/p>\n<p>&nbsp;<\/p>\n<p><strong>&#8211; Ontario eleva la capacidad en restaurantes, gimnasios; los lugares grandes aumentaron al 50%<\/strong><\/p>\n<p>Los l\u00edmites de capacidad se est\u00e1n levantando en m\u00e1s entornos de Ontario a medida que la provincia contin\u00faa revirtiendo las restricciones pand\u00e9micas.<\/p>\n<p>Los entornos interiores donde se requiere prueba de vacunaci\u00f3n, incluidos restaurantes, gimnasios y cines, ahora pueden operar a plena capacidad y los grandes lugares para espectadores pueden volver al 50 por ciento de su capacidad.<\/p>\n<p>Los l\u00edmites de reuni\u00f3n en la mayor\u00eda de los entornos han aumentado a 50 personas en interiores y 100 personas en interiores.<\/p>\n<p>El gobierno de Ford anunci\u00f3 la reapertura acelerada a principios de esta semana citando la mejora de los indicadores de COVID y la tasa de vacunaci\u00f3n de la provincia como razones para revertir las restricciones.<\/p>\n<p>Medidas levantadas a partir de las 00:01 horas deeste 17 de febrero:<\/p>\n<p>&#8211; Aumentar los l\u00edmites de reuni\u00f3n social a 50 personas en interiores y 100 personas en exteriores<br \/>\n&#8211; Aumentar los l\u00edmites de eventos p\u00fablicos organizados a 50 personas en interiores, sin l\u00edmite al aire libre<br \/>\n&#8211; Eliminar los l\u00edmites de capacidad en los siguientes lugares p\u00fablicos cerrados donde se requiere prueba de vacunaci\u00f3n, incluidos, entre otros: Restaurantes, bares y otros establecimientos de comida o bebida sin instalaciones para bailar; \u00c1reas para no espectadores de instalaciones deportivas y de acondicionamiento f\u00edsico recreativo, incluidos los gimnasios; cines; Espacios para reuniones y eventos, incluidos centros de conferencias o convenciones; Casinos, salas de bingo y otros establecimientos de juego; \u00c1reas interiores de entornos que eligen optar por los requisitos de prueba de vacunaci\u00f3n<br \/>\n&#8211; Permitir el 50 por ciento de la capacidad habitual de asientos en los estadios deportivos<br \/>\n&#8211; Permitir el 50 por ciento de la capacidad habitual de asientos para salas de conciertos y teatros<br \/>\n&#8211; Aumentar los l\u00edmites de capacidad interior al 25 por ciento en los entornos restantes de mayor riesgo donde<br \/>\n&#8211; Se requiere prueba de vacunaci\u00f3n, incluidos clubes nocturnos, restaurantes donde hay baile, as\u00ed como<br \/>\nas\u00ed como casas de ba\u00f1os y clubes de sexo<br \/>\n&#8211; Aumentar los l\u00edmites de capacidad para bodas, funerales o servicios religiosos, ritos o<br \/>\nceremonias al n\u00famero de personas que puedan mantener una distancia f\u00edsica de dos metros.<br \/>\nLos l\u00edmites de capacidad se eliminan si la ubicaci\u00f3n opta por usar prueba de vacunaci\u00f3n o si el<br \/>\nel servicio, rito o ceremonia se lleva a cabo al aire libre<br \/>\nLos l\u00edmites de capacidad restantes en la provincia se aliviar\u00e1n el 1 de marzo y coincidir\u00e1n con el final de los requisitos de prueba de vacunaci\u00f3n. Las empresas y otros entornos pueden optar por seguir exigiendo pruebas de vacunaci\u00f3n m\u00e1s all\u00e1 de esa fecha si as\u00ed lo desean.<\/p>\n<p>La provincia a\u00fan no ha proporcionado ning\u00fan cronograma para terminar con los requisitos de uso de m\u00e1scaras, pero dice que m\u00e1s adelante llegar\u00e1 un cronograma para levantarlos.<\/p>\n<p>El Dr. Kieran Moore, director de salud m\u00e9dica de Ontario, brindar\u00e1 su informe semanal sobre COVID-19 el jueves por la tarde.<\/p>\n","protected":false},"excerpt":{"rendered":"<p>&nbsp; &#8211; Dos tercios de los canadienses apoyan la decisi\u00f3n del primer ministro Justin Trudeau de invocar la Ley de Emergencias para ayudar a manejar&hellip;<\/p>\n","protected":false},"author":99,"featured_media":501593,"comment_status":"open","ping_status":"open","sticky":false,"template":"","format":"standard","meta":{"footnotes":""},"categories":[21,11191],"tags":[],"class_list":["post-501591","post","type-post","status-publish","format-standard","has-post-thumbnail","hentry","category-canada","category-top-news"],"_links":{"self":[{"href":"https:\/\/diarioelpopular.com\/index.php\/wp-json\/wp\/v2\/posts\/501591","targetHints":{"allow":["GET"]}}],"collection":[{"href":"https:\/\/diarioelpopular.com\/index.php\/wp-json\/wp\/v2\/posts"}],"about":[{"href":"https:\/\/diarioelpopular.com\/index.php\/wp-json\/wp\/v2\/types\/post"}],"author":[{"embeddable":true,"href":"https:\/\/diarioelpopular.com\/index.php\/wp-json\/wp\/v2\/users\/99"}],"replies":[{"embeddable":true,"href":"https:\/\/diarioelpopular.com\/index.php\/wp-json\/wp\/v2\/comments?post=501591"}],"version-history":[{"count":1,"href":"https:\/\/diarioelpopular.com\/index.php\/wp-json\/wp\/v2\/posts\/501591\/revisions"}],"predecessor-version":[{"id":501594,"href":"https:\/\/diarioelpopular.com\/index.php\/wp-json\/wp\/v2\/posts\/501591\/revisions\/501594"}],"wp:featuredmedia":[{"embeddable":true,"href":"https:\/\/diarioelpopular.com\/index.php\/wp-json\/wp\/v2\/media\/501593"}],"wp:attachment":[{"href":"https:\/\/diarioelpopular.com\/index.php\/wp-json\/wp\/v2\/media?parent=501591"}],"wp:term":[{"taxonomy":"category","embeddable":true,"href":"https:\/\/diarioelpopular.com\/index.php\/wp-json\/wp\/v2\/categories?post=501591"},{"taxonomy":"post_tag","embeddable":true,"href":"https:\/\/diarioelpopular.com\/index.php\/wp-json\/wp\/v2\/tags?post=501591"}],"curies":[{"name":"wp","href":"https:\/\/api.w.org\/{rel}","templated":true}]}}