{"id":501617,"date":"2022-02-18T14:00:13","date_gmt":"2022-02-18T18:00:13","guid":{"rendered":"https:\/\/diarioelpopular.com\/?p=501617"},"modified":"2022-02-18T14:00:13","modified_gmt":"2022-02-18T18:00:13","slug":"los-organizadores-del-convoy-de-ottawa-enfrentan-cargos-mientras-la-policia-realiza-mas-arrestos-en-la-capital","status":"publish","type":"post","link":"https:\/\/diarioelpopular.com\/index.php\/2022\/02\/18\/los-organizadores-del-convoy-de-ottawa-enfrentan-cargos-mientras-la-policia-realiza-mas-arrestos-en-la-capital\/","title":{"rendered":"Los organizadores del convoy de Ottawa enfrentan cargos mientras la polic\u00eda realiza m\u00e1s arrestos en la capital"},"content":{"rendered":"<p><img loading=\"lazy\" decoding=\"async\" class=\"alignnone size-custom-full-size wp-image-501618\" src=\"https:\/\/diarioelpopular.com\/wp-content\/uploads\/2022\/02\/1.5786176-636x357.jpg\" alt=\"\" width=\"636\" height=\"357\" srcset=\"https:\/\/diarioelpopular.com\/wp-content\/uploads\/2022\/02\/1.5786176-636x357.jpg 636w, https:\/\/diarioelpopular.com\/wp-content\/uploads\/2022\/02\/1.5786176-300x168.jpg 300w, https:\/\/diarioelpopular.com\/wp-content\/uploads\/2022\/02\/1.5786176-768x431.jpg 768w, https:\/\/diarioelpopular.com\/wp-content\/uploads\/2022\/02\/1.5786176-130x73.jpg 130w, https:\/\/diarioelpopular.com\/wp-content\/uploads\/2022\/02\/1.5786176.jpg 800w\" sizes=\"auto, (max-width: 636px) 100vw, 636px\" \/><\/p>\n<p><em><strong>&#8211; Despu\u00e9s de ser fuertemente criticada por semanas de pasividad, la polic\u00eda de Ottawa cumpli\u00f3 su promesa de &#8220;acci\u00f3n inminente&#8221;, realizando varios arrestos el jueves por la noche y m\u00e1s este viernes por la ma\u00f1ana mientras intentaban recuperar el control de la capital de la naci\u00f3n de manos de un grupo determinado de manifestantes atrincherados<\/strong><\/em>. .<\/p>\n<p><em><strong>OTTAWA.-<\/strong> <\/em>Cientos de oficiales descendieron a la zona de protesta y se llevaron a los manifestantes esposados \u200b\u200bpor las calles reci\u00e9n cubiertas de nieve de Ottawa mientras los conductores tocaban sus bocinas en desaf\u00edo. Estallaron peleas frente a un hotel del centro y los miembros de la multitud comenzaron a cantar el himno nacional, &#8220;O Canad\u00e1&#8221;.<\/p>\n<p>La polic\u00eda asisti\u00f3 a una gran reuni\u00f3n en Nicholas Street este viernes por la ma\u00f1ana donde dijeron que algunos manifestantes se estaban rindiendo y arrestando.<\/p>\n<p>\u201cLa libertad nunca fue gratis\u201d, dijo el camionero Kevin Homaund, de Montreal. \u201c\u00bfY qu\u00e9 si nos ponen las esposas y nos meten en la c\u00e1rcel?\u201d.<\/p>\n<p>Tambi\u00e9n se vieron veh\u00edculos siendo remolcados mientras la polic\u00eda armada con rifles de francotirador miraba desde los techos de arriba.<\/p>\n<p>La polic\u00eda de Ottawa tambi\u00e9n inform\u00f3 \u201cun esfuerzo concertado\u201d para inundar las l\u00edneas del 911 el viernes. Es la segunda vez desde que comenzaron las protestas hace tres semanas que la polic\u00eda dice que ha lidiado con intentos de inundar las l\u00edneas de emergencia, con llamadas previamente rastreadas a Estados Unidos.<\/p>\n<p>Entre los arrestados hasta ahora se encuentran dos de los principales organizadores acusados \u200b\u200bde ayudar a orquestar la obstinada y costosa manifestaci\u00f3n antigubernamental en Parliament Hill.<\/p>\n<p>La polic\u00eda dice que Tamara Lich, de 49 a\u00f1os, y Chris Barber, de 46, fueron arrestados el jueves por la noche.<\/p>\n<p>Ambos enfrentan cargos de asesoramiento para cometer el delito de picard\u00eda.<\/p>\n<p>Barber fue acusada de cargos adicionales de asesoramiento para cometer el delito de desobedecer una orden judicial y asesoramiento para cometer el delito de obstruir a la polic\u00eda.<\/p>\n<p>\u201cTamara me dijo que no tiene miedo\u201d, dijo el jueves su abogado, Keith Wilson. \u201cDijo que seguir\u00e1 luchando por la restauraci\u00f3n de nuestros derechos y libertades para todos los canadienses\u201d.<\/p>\n<p>Aparentemente, se produjeron varios otros arrestos el jueves por la noche, aunque a\u00fan no hay detalles disponibles sobre cu\u00e1ntas personas fueron detenidas y qu\u00e9 cargos pueden enfrentar.<\/p>\n<p>Los arrestos hicieron poco para disuadir el ambiente de fiesta en la protesta del jueves por la noche, con un DJ tocando m\u00fasica hip-hop y los manifestantes bailando.<\/p>\n<p>La polic\u00eda dice que habr\u00e1 una mayor presencia de seguridad en el centro de la ciudad el viernes, y se vio a varios oficiales formando una fila en la calle Rideau.<\/p>\n<p>La tensa escena alrededor de Parliament Hill provoc\u00f3 la cancelaci\u00f3n de una sesi\u00f3n de la C\u00e1mara de los Comunes el viernes. Los parlamentarios estaban listos para debatir la invocaci\u00f3n de la Ley de Emergencias por parte del primer ministro Justin Trudeau, pero el presidente de la C\u00e1mara dijo que se suspender\u00eda debido a la situaci\u00f3n vol\u00e1til.<\/p>\n<p>\u201cDadas estas circunstancias excepcionales, y luego de una discusi\u00f3n con todos los l\u00edderes reconocidos del partido, se cancela la sesi\u00f3n de hoy\u201d, dec\u00eda la carta.<\/p>\n<p>\u201cSi no se encuentra en el recinto de la C\u00e1mara de los Comunes, mant\u00e9ngase alejado del centro de la ciudad hasta nuevo aviso\u201d.<\/p>\n","protected":false},"excerpt":{"rendered":"<p>&#8211; Despu\u00e9s de ser fuertemente criticada por semanas de pasividad, la polic\u00eda de Ottawa cumpli\u00f3 su promesa de &#8220;acci\u00f3n inminente&#8221;, realizando varios arrestos el jueves&hellip;<\/p>\n","protected":false},"author":99,"featured_media":501618,"comment_status":"open","ping_status":"open","sticky":false,"template":"","format":"standard","meta":{"footnotes":""},"categories":[21,11191],"tags":[],"class_list":["post-501617","post","type-post","status-publish","format-standard","has-post-thumbnail","hentry","category-canada","category-top-news"],"_links":{"self":[{"href":"https:\/\/diarioelpopular.com\/index.php\/wp-json\/wp\/v2\/posts\/501617","targetHints":{"allow":["GET"]}}],"collection":[{"href":"https:\/\/diarioelpopular.com\/index.php\/wp-json\/wp\/v2\/posts"}],"about":[{"href":"https:\/\/diarioelpopular.com\/index.php\/wp-json\/wp\/v2\/types\/post"}],"author":[{"embeddable":true,"href":"https:\/\/diarioelpopular.com\/index.php\/wp-json\/wp\/v2\/users\/99"}],"replies":[{"embeddable":true,"href":"https:\/\/diarioelpopular.com\/index.php\/wp-json\/wp\/v2\/comments?post=501617"}],"version-history":[{"count":1,"href":"https:\/\/diarioelpopular.com\/index.php\/wp-json\/wp\/v2\/posts\/501617\/revisions"}],"predecessor-version":[{"id":501619,"href":"https:\/\/diarioelpopular.com\/index.php\/wp-json\/wp\/v2\/posts\/501617\/revisions\/501619"}],"wp:featuredmedia":[{"embeddable":true,"href":"https:\/\/diarioelpopular.com\/index.php\/wp-json\/wp\/v2\/media\/501618"}],"wp:attachment":[{"href":"https:\/\/diarioelpopular.com\/index.php\/wp-json\/wp\/v2\/media?parent=501617"}],"wp:term":[{"taxonomy":"category","embeddable":true,"href":"https:\/\/diarioelpopular.com\/index.php\/wp-json\/wp\/v2\/categories?post=501617"},{"taxonomy":"post_tag","embeddable":true,"href":"https:\/\/diarioelpopular.com\/index.php\/wp-json\/wp\/v2\/tags?post=501617"}],"curies":[{"name":"wp","href":"https:\/\/api.w.org\/{rel}","templated":true}]}}