{"id":501634,"date":"2022-02-20T14:05:23","date_gmt":"2022-02-20T18:05:23","guid":{"rendered":"https:\/\/diarioelpopular.com\/?p=501634"},"modified":"2022-02-20T14:05:23","modified_gmt":"2022-02-20T18:05:23","slug":"la-policia-de-ottawa-arresta-a-191-mientras-el-impulso-para-despejar-el-bloqueo-del-convoy-entra-en-el-tercer-dia","status":"publish","type":"post","link":"https:\/\/diarioelpopular.com\/index.php\/2022\/02\/20\/la-policia-de-ottawa-arresta-a-191-mientras-el-impulso-para-despejar-el-bloqueo-del-convoy-entra-en-el-tercer-dia\/","title":{"rendered":"La polic\u00eda de Ottawa arresta a 191 mientras el impulso para despejar el bloqueo del convoy entra en el tercer d\u00eda"},"content":{"rendered":"<p><img loading=\"lazy\" decoding=\"async\" class=\"alignnone size-custom-full-size wp-image-501635\" src=\"https:\/\/diarioelpopular.com\/wp-content\/uploads\/2022\/02\/1.Ottawa_01-636x424.jpg\" alt=\"\" width=\"636\" height=\"424\" srcset=\"https:\/\/diarioelpopular.com\/wp-content\/uploads\/2022\/02\/1.Ottawa_01-636x424.jpg 636w, https:\/\/diarioelpopular.com\/wp-content\/uploads\/2022\/02\/1.Ottawa_01-300x200.jpg 300w, https:\/\/diarioelpopular.com\/wp-content\/uploads\/2022\/02\/1.Ottawa_01-768x512.jpg 768w, https:\/\/diarioelpopular.com\/wp-content\/uploads\/2022\/02\/1.Ottawa_01-110x73.jpg 110w, https:\/\/diarioelpopular.com\/wp-content\/uploads\/2022\/02\/1.Ottawa_01.jpg 800w\" sizes=\"auto, (max-width: 636px) 100vw, 636px\" \/><\/p>\n<p><em><strong>&#8211; Por tercer d\u00eda consecutivo, hay una fuerte presencia policial en el centro de Ottawa, mientras los oficiales presionan para despejar el llamado bloqueo del \u201cConvoy de la Libertad\u201d que ha paralizado la capital de la naci\u00f3n durante las \u00faltimas tres semanas.<\/strong><\/em><\/p>\n<h4><em><strong>&#8211; Alberta impugna la Ley Federal de Emergencias contra los manifestantes en los tribunales: Kenney<\/strong><\/em><\/h4>\n<p><em><strong>OTTAWA.-<\/strong> <\/em>Este domingo por la ma\u00f1ana, los oficiales regresaron al lugar de la protesta cerca de Parliament Hill, donde un convoy de manifestantes, muchos de ellos camioneros, se manifestaron en contra de los mandatos de vacunaci\u00f3n contra el COVID-19 y otras medidas de salud p\u00fablica.<\/p>\n<p>Un total de 191 personas han sido arrestadas desde el viernes, mientras que decenas de veh\u00edculos, incluidos muchos camiones grandes, se retiraron solos o fueron remolcados.<\/p>\n<p>La polic\u00eda de Ottawa dijo que de los arrestados, 103 personas fueron acusadas de travesuras y obstrucci\u00f3n. Ochenta y nueve de ellos han sido liberados con condiciones que incluyen un \u201cl\u00edmite al que no se les permite asistir\u201d. El resto ha sido liberado incondicionalmente.<\/p>\n<p>En una serie de tuits del domingo, la polic\u00eda de Ottawa advirti\u00f3 a los manifestantes que \u201cintentar\u00e1n identificarlos activamente\u201d y seguir\u00e1n con sanciones financieras y cargos penales.<\/p>\n<p>Inst\u00f3 a los residentes a evitar el centro de la ciudad y retirar todos los veh\u00edculos estacionados en las calles entre Metcalf y Bay, y Albert y Gloucester.<\/p>\n<p>Para evitar que los manifestantes recuperen territorio, los oficiales instalaron vallas alrededor del lugar de la manifestaci\u00f3n el domingo.<\/p>\n<p>\u201cSeguimos manteniendo una presencia policial en y alrededor del \u00e1rea de la protesta ilegal ocupada\u201d, dijo la polic\u00eda de Ottawa en un tuit.<\/p>\n<p>\u201cEstamos utilizando vallas para garantizar que no se pierda el terreno recuperado\u201d.<\/p>\n<p>El s\u00e1bado, cientos de oficiales, algunos con equipo antidisturbios y desplegando gas pimienta, se movieron m\u00e1s agresivamente para despejar el \u00e1rea frente a Parliament Hill de personas y veh\u00edculos que protestaban ilegalmente por las medidas de salud p\u00fablica de COVID-19.<\/p>\n<p>Steve Bell, jefe de polic\u00eda interino de Ottawa, dijo que los agentes no ten\u00edan m\u00e1s remedio que usar m\u00e1s fuerza frente a los manifestantes que ignoraron sus repetidas advertencias de despejar el \u00e1rea que hab\u00edan ocupado durante poco m\u00e1s de tres semanas.<\/p>\n<p>Tambi\u00e9n dijeron que desplegaron armas de impacto de rango medio anoche despu\u00e9s de que los manifestantes supuestamente atacaron a los oficiales con armas, aunque no se reportaron heridos graves en ninguno de los lados.<\/p>\n<p>La Unidad de Investigaciones Especiales de Ontario dijo que estaba investigando dos incidentes que involucraron a la polic\u00eda e inst\u00f3 a cualquier persona que tenga informaci\u00f3n, incluido un video, a que se presente.<\/p>\n<p>En un incidente, una mujer de 49 a\u00f1os report\u00f3 una lesi\u00f3n grave luego de una interacci\u00f3n con un oficial de polic\u00eda en un caballo. El segundo incidente estuvo relacionado con el uso de armas de fuego menos letales por parte de agentes contra personas, pero no se reportaron heridos.<\/p>\n<p>SIU es una agencia de aplicaci\u00f3n de la ley civil, independiente de la polic\u00eda, que investiga los informes hechos por cualquier persona, no solo por las personas que pueden verse directamente afectadas.<\/p>\n<p>El segundo d\u00eda, m\u00e1s enconado, de acci\u00f3n policial policial, se produjo cuando los miembros del parlamento reanudaron el debate sobre la decisi\u00f3n del gobierno federal de invocar la Ley de Emergencias para ayudar a poner fin a las manifestaciones, que a\u00fan persist\u00edan en ciudades de todo Canad\u00e1.<\/p>\n<p>Este s\u00e1bado se realizaron protestas pac\u00edficas en solidaridad con la manifestaci\u00f3n de Ottawa en Surrey, B.C., cerca de un concurrido cruce fronterizo entre Canad\u00e1 y EE. UU., as\u00ed como en la ciudad de Quebec y Fredericton.<\/p>\n<p>&nbsp;<\/p>\n<h4><em><strong>Alberta impugna la Ley Federal de Emergencias contra los manifestantes en los tribunales: Kenney<\/strong><\/em><\/h4>\n<p><img loading=\"lazy\" decoding=\"async\" class=\"alignnone size-custom-full-size wp-image-501636\" src=\"https:\/\/diarioelpopular.com\/wp-content\/uploads\/2022\/02\/1.convoy-636x434.jpg\" alt=\"\" width=\"636\" height=\"434\" srcset=\"https:\/\/diarioelpopular.com\/wp-content\/uploads\/2022\/02\/1.convoy-636x434.jpg 636w, https:\/\/diarioelpopular.com\/wp-content\/uploads\/2022\/02\/1.convoy-300x205.jpg 300w, https:\/\/diarioelpopular.com\/wp-content\/uploads\/2022\/02\/1.convoy-768x524.jpg 768w, https:\/\/diarioelpopular.com\/wp-content\/uploads\/2022\/02\/1.convoy-80x55.jpg 80w, https:\/\/diarioelpopular.com\/wp-content\/uploads\/2022\/02\/1.convoy-107x73.jpg 107w, https:\/\/diarioelpopular.com\/wp-content\/uploads\/2022\/02\/1.convoy.jpg 800w\" sizes=\"auto, (max-width: 636px) 100vw, 636px\" \/><\/p>\n<p>El premier de Alberta, Jason Kenney, dijo que la provincia presentar\u00e1 una impugnaci\u00f3n judicial contra la invocaci\u00f3n por parte del gobierno federal de la Ley de Emergencia destinada a ayudar a manejar las protestas de Convoy en todo Canad\u00e1.<\/p>\n<p>En un video publicado en Twitter el s\u00e1bado, Kenney dijo que la medida es redundante y \u201cno tiene sentido\u201d.<\/p>\n<p>\u201cLa Ley de Emergencias es una medida innecesaria y desproporcionada que puede vulnerar las libertades civiles, invade la jurisdicci\u00f3n provincial y crea un precedente muy peligroso para el futuro\u201d, dijo. \u201cLas autoridades provinciales encargadas de hacer cumplir la ley pueden hacer frente a los bloqueos ilegales de carreteras\u201d.<\/p>\n<p>Kenney aclara que las personas tienen derecho a protestar pac\u00edfica y legalmente. No importa qu\u00e9 causa defienda la gente, \u201cla ley y el orden deben prevalecer independientemente\u201d.<\/p>\n<p>\u201c\u00bfPor qu\u00e9 el gobierno federal utiliza un poder que no es necesario para embargar cuentas bancarias y activos, por ejemplo, de personas de manera arbitraria, extrajudicial, sin \u00f3rdenes judiciales basadas en sus opiniones o a qui\u00e9n han donado? El poder est\u00e1 realmente dise\u00f1ado para interrumpir cosas como el financiamiento del terrorismo\u201d.<\/p>\n<p>Agreg\u00f3 que ya habl\u00f3 con el primer ministro y escribi\u00f3 sus preocupaciones sobre el acto.<\/p>\n<p>A principios de esta semana, el primer ministro Justin Trudeau defendi\u00f3 la decisi\u00f3n de su gobierno de invocar la Ley de Emergencias en la C\u00e1mara de los Comunes.<\/p>\n<p>\u201cAlgunos manifestantes vinieron a Ottawa para expresar su frustraci\u00f3n y fatiga con las medidas de salud p\u00fablica, ese es su derecho. Como dije, es un derecho que defenderemos en este pa\u00eds libre y democr\u00e1tico, pero los bloqueos y ocupaciones ilegales no son protestas pac\u00edficas, tienen que parar\u201d, dijo Trudeau.<\/p>\n<p>\u201cQuiero asegurarles a los canadienses que cuando se invoca la Ley de Emergencias, la Carta Canadiense de Derechos y Libertades contin\u00faa protegiendo sus derechos individuales. No estamos utilizando la Ley de Emergencias para llamar al ej\u00e9rcito, no estamos limitando la libertad de expresi\u00f3n, no estamos limitando la libertad de reuni\u00f3n pac\u00edfica, no estamos impidiendo que las personas ejerzan su derecho a protestar legalmente\u201d, agreg\u00f3 Trudeau.<\/p>\n<p>Esta medida ha recibido reacciones mixtas de los miembros del parlamento federal despu\u00e9s de que Trudeau anunciara que presentar\u00eda el acto por primera vez en la historia de Canad\u00e1 para responder a las manifestaciones en curso en todo el pa\u00eds, en particular aquellos que hab\u00edan bloqueado los cruces fronterizos entre Estados Unidos y Canad\u00e1 en los \u00faltimos a\u00f1os. semanas.<\/p>\n<p>La provincia tambi\u00e9n considerar\u00e1 presentar una solicitud como interventora para apoyar a la Asociaci\u00f3n Canadiense de Libertades Civiles y la Fundaci\u00f3n de la Constituci\u00f3n Canadiense.<\/p>\n<p>\u201cNecesitamos tomar medidas para defender, s\u00ed, la ley y el orden, pero tambi\u00e9n las libertades civiles y nuestra constituci\u00f3n en Canad\u00e1\u201d.<\/p>\n","protected":false},"excerpt":{"rendered":"<p>&#8211; Por tercer d\u00eda consecutivo, hay una fuerte presencia policial en el centro de Ottawa, mientras los oficiales presionan para despejar el llamado bloqueo del&hellip;<\/p>\n","protected":false},"author":99,"featured_media":501635,"comment_status":"open","ping_status":"open","sticky":false,"template":"","format":"standard","meta":{"footnotes":""},"categories":[21,11191],"tags":[],"class_list":["post-501634","post","type-post","status-publish","format-standard","has-post-thumbnail","hentry","category-canada","category-top-news"],"_links":{"self":[{"href":"https:\/\/diarioelpopular.com\/index.php\/wp-json\/wp\/v2\/posts\/501634","targetHints":{"allow":["GET"]}}],"collection":[{"href":"https:\/\/diarioelpopular.com\/index.php\/wp-json\/wp\/v2\/posts"}],"about":[{"href":"https:\/\/diarioelpopular.com\/index.php\/wp-json\/wp\/v2\/types\/post"}],"author":[{"embeddable":true,"href":"https:\/\/diarioelpopular.com\/index.php\/wp-json\/wp\/v2\/users\/99"}],"replies":[{"embeddable":true,"href":"https:\/\/diarioelpopular.com\/index.php\/wp-json\/wp\/v2\/comments?post=501634"}],"version-history":[{"count":1,"href":"https:\/\/diarioelpopular.com\/index.php\/wp-json\/wp\/v2\/posts\/501634\/revisions"}],"predecessor-version":[{"id":501637,"href":"https:\/\/diarioelpopular.com\/index.php\/wp-json\/wp\/v2\/posts\/501634\/revisions\/501637"}],"wp:featuredmedia":[{"embeddable":true,"href":"https:\/\/diarioelpopular.com\/index.php\/wp-json\/wp\/v2\/media\/501635"}],"wp:attachment":[{"href":"https:\/\/diarioelpopular.com\/index.php\/wp-json\/wp\/v2\/media?parent=501634"}],"wp:term":[{"taxonomy":"category","embeddable":true,"href":"https:\/\/diarioelpopular.com\/index.php\/wp-json\/wp\/v2\/categories?post=501634"},{"taxonomy":"post_tag","embeddable":true,"href":"https:\/\/diarioelpopular.com\/index.php\/wp-json\/wp\/v2\/tags?post=501634"}],"curies":[{"name":"wp","href":"https:\/\/api.w.org\/{rel}","templated":true}]}}