{"id":501641,"date":"2022-02-21T11:45:38","date_gmt":"2022-02-21T15:45:38","guid":{"rendered":"https:\/\/diarioelpopular.com\/?p=501641"},"modified":"2022-02-21T11:45:38","modified_gmt":"2022-02-21T15:45:38","slug":"los-parlamentarios-votaran-esta-noche-sobre-la-decision-de-los-liberales-de-invocar-la-ley-de-emergencias-para-los-bloqueos","status":"publish","type":"post","link":"https:\/\/diarioelpopular.com\/index.php\/2022\/02\/21\/los-parlamentarios-votaran-esta-noche-sobre-la-decision-de-los-liberales-de-invocar-la-ley-de-emergencias-para-los-bloqueos\/","title":{"rendered":"Los parlamentarios votar\u00e1n esta noche sobre la decisi\u00f3n de los liberales de invocar la Ley de Emergencias para los bloqueos"},"content":{"rendered":"<p><img loading=\"lazy\" decoding=\"async\" class=\"alignnone size-custom-full-size wp-image-501642\" src=\"https:\/\/diarioelpopular.com\/wp-content\/uploads\/2022\/02\/1.AM_-636x289.jpg\" alt=\"\" width=\"636\" height=\"289\" srcset=\"https:\/\/diarioelpopular.com\/wp-content\/uploads\/2022\/02\/1.AM_-636x289.jpg 636w, https:\/\/diarioelpopular.com\/wp-content\/uploads\/2022\/02\/1.AM_-300x136.jpg 300w, https:\/\/diarioelpopular.com\/wp-content\/uploads\/2022\/02\/1.AM_-768x348.jpg 768w, https:\/\/diarioelpopular.com\/wp-content\/uploads\/2022\/02\/1.AM_-146x66.jpg 146w, https:\/\/diarioelpopular.com\/wp-content\/uploads\/2022\/02\/1.AM_.jpg 800w\" sizes=\"auto, (max-width: 636px) 100vw, 636px\" \/><\/p>\n<p><em><strong>&#8211; La designaci\u00f3n de zonas prohibidas dentro de la capital de Canad\u00e1, la garant\u00eda de que haya gr\u00faas disponibles para retirar los veh\u00edculos de las calles de la ciudad y la detenci\u00f3n del flujo de dinero y bienes que alimentan y alimentan a los manifestantes antigubernamentales son formas claras en que la Ley de Emergencias ayud\u00f3 a poner fin a los bloqueos de Ottawa, Seguridad P\u00fablica El ministro Marco Mendicino dijo el domingo antes de una votaci\u00f3n en la C\u00e1mara de los Comunes sobre la controvertida medida.<\/strong><\/em><\/p>\n<h4><em><strong>&#8211; Los legisladores de Ontario regresar\u00e1n este martes para la sesi\u00f3n preelectoral<\/strong><\/em><\/h4>\n<p>OTTAWA.- Los conservadores, sin embargo, son muy cr\u00edticos con la medida del gobierno y algunos est\u00e1n presionando a los liberales para que revoquen la ley ahora que parecen haber terminado los bloqueos que cerraron la ciudad durante m\u00e1s de tres semanas.<\/p>\n<p>Queda un d\u00eda de debate sobre la decisi\u00f3n del gobierno de invocar la ley.<\/p>\n<p>Los parlamentarios votar\u00e1n sobre la moci\u00f3n este lunes a las 8 p.m. ET, y se espera que se apruebe con el apoyo conjunto de los liberales y el NDP. El Bloque quebequense y los conservadores est\u00e1n en contra.<\/p>\n<p>Si la moci\u00f3n fracasa, se romper\u00e1 el acto y todas las facultades extraordinarias que de \u00e9l se derivan. Si pasa, permanecer\u00e1n en su lugar hasta mediados de marzo a m\u00e1s tardar.<\/p>\n<p>Los parlamentarios han estado debatiendo la medida desde el jueves por la ma\u00f1ana, aunque las 15 horas de debate previstas para el viernes se cancelaron debido a preocupaciones de seguridad cuando la polic\u00eda se movi\u00f3 para sacar a los manifestantes que segu\u00edan bloqueando las calles.<\/p>\n<p>Hablando con The Canadian Press en una entrevista, Mendicino dijo que no tiene dudas de que la decisi\u00f3n del gobierno de invocar la ley fue la decisi\u00f3n correcta.<\/p>\n<p>\u201cLa Ley de Emergencias ha sido fundamental para cambiar el rumbo de los bloqueos ilegales\u201d, dijo.<\/p>\n<p>La polic\u00eda comenz\u00f3 a emitir advertencias por escrito a los manifestantes para que se fueran el jueves, y al d\u00eda siguiente los empuj\u00f3 con una demostraci\u00f3n de fuerza que dur\u00f3 hasta el s\u00e1bado.<\/p>\n<p>Para el domingo, la mayor\u00eda de las calles estaban despejadas, las gr\u00faas se llevaron los \u00faltimos veh\u00edculos y los residentes locales estaban en las calles de su vecindario evaluando las secuelas y limpiando la basura sobrante. Solo quedaron peque\u00f1os grupos de manifestantes en el centro de la ciudad, bajo una fuerte presencia policial. Varios l\u00edderes de convoyes est\u00e1n en la c\u00e1rcel y 206 cuentas financieras fueron congeladas.<\/p>\n<p>El jefe de polic\u00eda interino de Ottawa, Steve Bell, dijo que lo que algunos describen como infracciones de los estatutos por parte de los manifestantes \u201cen realidad fueron momentos de terror para la ciudad\u201d.<\/p>\n<p>Dijo que 191 personas fueron arrestadas en relaci\u00f3n con las protestas, con 389 cargos presentados hasta ahora que incluyen travesuras, obstruir a la polic\u00eda, agresi\u00f3n e intentar desarmar a un oficial de polic\u00eda.<\/p>\n<p>\u201cLos poderes que se nos otorgaron a trav\u00e9s de la Ley de Emergencias, a trav\u00e9s de la ley de emergencia provincial, a trav\u00e9s del amparo y a trav\u00e9s de cualquiera de los otros medios legislativos que obtuvimos para poner fin a esta protesta, fueron sumamente beneficiosos para que podamos estar donde queremos. est\u00e1n hoy, ven calles despejadas y tienen residentes que pueden caminar nuevamente por el centro de la ciudad que les pertenece\u201d, dijo Bell.<\/p>\n<p>El parlamentario conservador de Ontario, Michael Barrett, dijo durante el debate del s\u00e1bado que invocar la ley era solo un &#8220;toma de poder&#8221; porque los cargos presentados contra las personas arrestadas no eran leyes nuevas.<\/p>\n<p>\u201cLos cargos que se est\u00e1n presentando en Ottawa son por travesuras y conspiraci\u00f3n para cometer\u201d, dijo. \u201cNo requerimos una Ley de Emergencias para hacer frente a estas cosas. Tenemos una operaci\u00f3n de orden p\u00fablico en las calles de Ottawa. No es una emergencia nacional\u201d.<\/p>\n<p>La parlamentaria conservadora de Ontario, Marilyn Gladu, dijo en Twitter el domingo que los liberales deber\u00edan controlar su uso de la ley ahora que las manifestaciones parecen haber terminado.<\/p>\n<p>\u201cSi se tratara solo de despejar el bloqueo y no de una toma de poder y del gobierno, los liberales rescindir\u00edan estas medidas\u201d, dijo.<\/p>\n<p>Mendicino dijo que la ley es necesaria para evitar que se reanuden los bloqueos, cuyo riesgo sigue siendo real. La polic\u00eda de Columbia Brit\u00e1nica tuvo que cerrar el cruce fronterizo cerca de Surrey, B.C. nuevamente durante el fin de semana debido a las protestas.<\/p>\n<p>El parlamentario del NDP, Brian Masse, cuya conducci\u00f3n en Windsor West se ha visto afectada tanto por un bloqueo anterior en el puente Ambassador como por los continuos intentos de evitar que reviva, dijo repetidamente durante el debate que la crisis no ha terminado para sus electores.<\/p>\n<p>\u201cLa vida no es normal\u201d, dijo, se\u00f1alando los continuos cierres de carreteras y la presencia policial en la zona.<\/p>\n<p>El Puente Ambassador es el cruce fronterizo m\u00e1s concurrido entre Canad\u00e1 y los Estados Unidos, responsable de aproximadamente una cuarta parte del comercio diario de ida y vuelta cada d\u00eda.<\/p>\n<p>Independientemente de lo que suceda con el voto, habr\u00e1 una consulta para revisar su uso. Se debe presentar un informe tanto en la C\u00e1mara de los Comunes como en el Senado para el pr\u00f3ximo febrero.<\/p>\n<p>El Senado tambi\u00e9n debe votar sobre el uso de la ley, pero el debate a\u00fan no ha comenzado en esa c\u00e1mara.<\/p>\n<p>&nbsp;<\/p>\n<h4><em><strong>Los legisladores de Ontario regresar\u00e1n este martes para la sesi\u00f3n preelectoral<\/strong><\/em><\/h4>\n<p><strong><em>TORONTO \u2014<\/em><\/strong> La recuperaci\u00f3n de la pandemia, la vivienda y la asequibilidad ser\u00e1n lo m\u00e1s importante para los l\u00edderes de los partidos de Ontario cuando la legislatura se reanude el martes durante las \u00faltimas semanas de la sesi\u00f3n antes de las elecciones de junio.<\/p>\n<p>El gobierno conservador progresista del premier Doug Ford tiene al menos una legislaci\u00f3n importante m\u00e1s, su presupuesto anual, para presentar antes de que los votantes acudan a las urnas. El plan de gastos que vence antes de fines de marzo probablemente brindar\u00e1 una visi\u00f3n anticipada de la plataforma de reelecci\u00f3n del gobierno de Ford.<\/p>\n<p>Podr\u00eda incluir recortes prometidos al impuesto provincial a la gasolina, que Ford ha dicho que llegar\u00e1n antes del pr\u00f3ximo presupuesto, o un recorte del impuesto sobre la renta que se prometi\u00f3 en la plataforma electoral de 2018. Otra inc\u00f3gnita en la mezcla es el acuerdo pendiente con Ottawa sobre su plan de cuidado infantil de $10 por d\u00eda, que permanece en la etapa de negociaci\u00f3n a pesar de que todas las dem\u00e1s provincias y territorios se han adherido.<\/p>\n<p>Las medidas para abordar el aumento vertiginoso de los precios de las viviendas en la provincia, que casi se triplicaron en la \u00faltima d\u00e9cada a pesar de un crecimiento m\u00e1s lento de los ingresos, parecen ser otra \u00e1rea de enfoque para el gobierno de Ford antes de que concluya la sesi\u00f3n.<\/p>\n<p>Un grupo de trabajo centrado en la asequibilidad de la vivienda convocado por el gobierno provincial el a\u00f1o pasado recomend\u00f3 en su informe final que la provincia aumente la densidad y limite las consultas para construir r\u00e1pidamente m\u00e1s viviendas, entre otras recomendaciones. Nombr\u00f3 una meta de construir 1.5 millones de viviendas en 10 a\u00f1os.<\/p>\n<p>El ministro de Vivienda, Steve Clark, dijo a The Canadian Press este mes que tiene la intenci\u00f3n de promulgar algunas de las soluciones a trav\u00e9s de legislaci\u00f3n o regulaci\u00f3n en alg\u00fan momento antes de las elecciones.<\/p>\n<p>La crisis de asequibilidad de la vivienda tambi\u00e9n fue un tema importante para los partidos de oposici\u00f3n que expusieron sus prioridades antes de la sesi\u00f3n de la semana.<\/p>\n<p>La nueva l\u00edder dem\u00f3crata, Andrea Horwath, dijo que se deben abordar los costos de vivienda &#8220;brutales&#8221; que han dejado a las personas sin poder pagar una casa o mantenerse al d\u00eda con los alquileres que se disparan.<\/p>\n<p>La recuperaci\u00f3n de la pandemia tambi\u00e9n deber\u00eda ser una prioridad, dijo el l\u00edder de la oposici\u00f3n, nombrando apoyos financieros para empresas, trabajadores y el sistema de salud. Su partido tambi\u00e9n tiene la intenci\u00f3n de presentar una legislaci\u00f3n escrita con el Consejo Nacional de Musulmanes Canadienses para abordar la islamofobia y el racismo.<\/p>\n<p>\u201cSabemos que se acercan las elecciones, pero en realidad podemos usar esta sesi\u00f3n para presentar soluciones que realmente ayudar\u00e1n a las personas a superar, no solo los pr\u00f3ximos meses, sino tambi\u00e9n a recuperarse de esta pandemia\u201d, dijo Horwath a los periodistas el viernes.<\/p>\n<p>Dijo que el gobierno deber\u00eda centrarse en ayudar a la gente y no en la fecha de las elecciones de junio.<\/p>\n<p>\u201cEspero que den prioridad a apoyar a la gente com\u00fan\u201d, dijo. \u201cNo quiero ver a Doug Ford haciendo campa\u00f1a durante los pr\u00f3ximos tres meses\u201d.<\/p>\n<p>Mike Schreiner de los Verdes de Ontario, quien actualmente ocupa el \u00fanico esca\u00f1o de su partido en la legislatura _ con el objetivo de aumentar el caucus el 2 de junio _ dijo que abordar la asequibilidad de la vivienda tambi\u00e9n es una prioridad principal, junto con las soluciones a la crisis clim\u00e1tica que toman en cuenta las preocupaciones de asequibilidad .<\/p>\n<p>\u201cLos verdes tienen soluciones para estos problemas, pero requiere que el gobierno de Ford trabaje a trav\u00e9s de las l\u00edneas jurisdiccionales y de partido y se centre (en) lo que es mejor para la gente de Ontario, no en la pol\u00edtica partidista\u201d, dijo.<\/p>\n<p>Los liberales, que luchar\u00e1n por recuperar los esca\u00f1os perdidos tras su derrota en 2018 ante los conservadores de Ford, tambi\u00e9n tienen la intenci\u00f3n de centrarse en la asequibilidad y la respuesta a la pandemia.<\/p>\n<p>El partido liderado por Steven Del Duca tiene la intenci\u00f3n de pedir un acuerdo de cuidado infantil finalizado, ampliar el acceso a las pruebas r\u00e1pidas de COVID-19 e introducir una legislaci\u00f3n que agregue las vacunas de COVID-19 a una lista de inmunizaciones en las escuelas.<\/p>\n","protected":false},"excerpt":{"rendered":"<p>&#8211; La designaci\u00f3n de zonas prohibidas dentro de la capital de Canad\u00e1, la garant\u00eda de que haya gr\u00faas disponibles para retirar los veh\u00edculos de las&hellip;<\/p>\n","protected":false},"author":99,"featured_media":501642,"comment_status":"open","ping_status":"open","sticky":false,"template":"","format":"standard","meta":{"footnotes":""},"categories":[21,11191],"tags":[],"class_list":["post-501641","post","type-post","status-publish","format-standard","has-post-thumbnail","hentry","category-canada","category-top-news"],"_links":{"self":[{"href":"https:\/\/diarioelpopular.com\/index.php\/wp-json\/wp\/v2\/posts\/501641","targetHints":{"allow":["GET"]}}],"collection":[{"href":"https:\/\/diarioelpopular.com\/index.php\/wp-json\/wp\/v2\/posts"}],"about":[{"href":"https:\/\/diarioelpopular.com\/index.php\/wp-json\/wp\/v2\/types\/post"}],"author":[{"embeddable":true,"href":"https:\/\/diarioelpopular.com\/index.php\/wp-json\/wp\/v2\/users\/99"}],"replies":[{"embeddable":true,"href":"https:\/\/diarioelpopular.com\/index.php\/wp-json\/wp\/v2\/comments?post=501641"}],"version-history":[{"count":1,"href":"https:\/\/diarioelpopular.com\/index.php\/wp-json\/wp\/v2\/posts\/501641\/revisions"}],"predecessor-version":[{"id":501643,"href":"https:\/\/diarioelpopular.com\/index.php\/wp-json\/wp\/v2\/posts\/501641\/revisions\/501643"}],"wp:featuredmedia":[{"embeddable":true,"href":"https:\/\/diarioelpopular.com\/index.php\/wp-json\/wp\/v2\/media\/501642"}],"wp:attachment":[{"href":"https:\/\/diarioelpopular.com\/index.php\/wp-json\/wp\/v2\/media?parent=501641"}],"wp:term":[{"taxonomy":"category","embeddable":true,"href":"https:\/\/diarioelpopular.com\/index.php\/wp-json\/wp\/v2\/categories?post=501641"},{"taxonomy":"post_tag","embeddable":true,"href":"https:\/\/diarioelpopular.com\/index.php\/wp-json\/wp\/v2\/tags?post=501641"}],"curies":[{"name":"wp","href":"https:\/\/api.w.org\/{rel}","templated":true}]}}