{"id":501645,"date":"2022-02-21T11:50:08","date_gmt":"2022-02-21T15:50:08","guid":{"rendered":"https:\/\/diarioelpopular.com\/?p=501645"},"modified":"2022-02-21T11:50:08","modified_gmt":"2022-02-21T15:50:08","slug":"peru-juicio-oral-contra-el-expresidente-humala","status":"publish","type":"post","link":"https:\/\/diarioelpopular.com\/index.php\/2022\/02\/21\/peru-juicio-oral-contra-el-expresidente-humala\/","title":{"rendered":"Per\u00fa: Juicio oral contra el expresidente Humala"},"content":{"rendered":"<div id=\"attachment_501646\" style=\"width: 646px\" class=\"wp-caption alignnone\"><img loading=\"lazy\" decoding=\"async\" aria-describedby=\"caption-attachment-501646\" class=\"size-custom-full-size wp-image-501646\" src=\"https:\/\/diarioelpopular.com\/wp-content\/uploads\/2022\/02\/1.c35a-636x425.jpg\" alt=\"\" width=\"636\" height=\"425\" srcset=\"https:\/\/diarioelpopular.com\/wp-content\/uploads\/2022\/02\/1.c35a-636x425.jpg 636w, https:\/\/diarioelpopular.com\/wp-content\/uploads\/2022\/02\/1.c35a-300x200.jpg 300w, https:\/\/diarioelpopular.com\/wp-content\/uploads\/2022\/02\/1.c35a-768x513.jpg 768w, https:\/\/diarioelpopular.com\/wp-content\/uploads\/2022\/02\/1.c35a-109x73.jpg 109w, https:\/\/diarioelpopular.com\/wp-content\/uploads\/2022\/02\/1.c35a.jpg 800w\" sizes=\"auto, (max-width: 636px) 100vw, 636px\" \/><p id=\"caption-attachment-501646\" class=\"wp-caption-text\">El ex presidente peruano Ollanta Humala y su esposa Nadine Heredia (foto: ANSA)<\/p><\/div>\n<p><em><strong>LIMA 21 FEB &#8211;<\/strong><\/em> Un tribunal de la Corte Superior Nacional de Justicia Penal Especializada del Per\u00fa dio inicio hoy al juicio oral contra el ex presidente Ollanta Humala, su esposa Nadine Heredia y otras once personas, por lavado de dinero il\u00edcito, inform\u00f3 el diario El Comercio.<\/p>\n<p>Humala y el resto de los procesados est\u00e1n acusados de haber participado en el lavado de dinero il\u00edcito presuntamente aportado por el Gobierno de Venezuela y por la empresa brasile\u00f1a Odebrecht a las campa\u00f1as del Partido Nacionalista en el 2006 y en el 2011, que lo tuvieron como candidato presidencial.<br \/>\nEl Ministerio P\u00fablico pide 20 a\u00f1os de prisi\u00f3n para el ex presidente, que gobern\u00f3 entre 2011 y 2016, y 26 a\u00f1os y seis meses para Nadine Heredia, as\u00ed como la disoluci\u00f3n y liquidaci\u00f3n del Partido Nacionalista.<br \/>\nEl juicio ser\u00e1 el primero en el que participar\u00e1 el Equipo Especial Lava Jato, un grupo de fiscales que apura las denuncias por la financiaci\u00f3n ilegal de la constructora brasile\u00f1a Odebrecht a varios pol\u00edticos peruanos, y que tiene m\u00e1s de 35 investigaciones abiertas y m\u00e1s de 250 personas investigadas.<br \/>\nSeg\u00fan fuentes judiciales, el desarrollo del juicio a Ollanta Humala tendr\u00e1 influencia en otros procesos por lavado de activos a partir de presuntos aportes de Odebrecht a campa\u00f1as electorales, como es el caso de Keiko Fujimori y su partido Fuerza Popular.<\/p>\n","protected":false},"excerpt":{"rendered":"<p>LIMA 21 FEB &#8211; Un tribunal de la Corte Superior Nacional de Justicia Penal Especializada del Per\u00fa dio inicio hoy al juicio oral contra el&hellip;<\/p>\n","protected":false},"author":99,"featured_media":501646,"comment_status":"open","ping_status":"open","sticky":false,"template":"","format":"standard","meta":{"footnotes":""},"categories":[23],"tags":[],"class_list":["post-501645","post","type-post","status-publish","format-standard","has-post-thumbnail","hentry","category-latinoamerica"],"_links":{"self":[{"href":"https:\/\/diarioelpopular.com\/index.php\/wp-json\/wp\/v2\/posts\/501645","targetHints":{"allow":["GET"]}}],"collection":[{"href":"https:\/\/diarioelpopular.com\/index.php\/wp-json\/wp\/v2\/posts"}],"about":[{"href":"https:\/\/diarioelpopular.com\/index.php\/wp-json\/wp\/v2\/types\/post"}],"author":[{"embeddable":true,"href":"https:\/\/diarioelpopular.com\/index.php\/wp-json\/wp\/v2\/users\/99"}],"replies":[{"embeddable":true,"href":"https:\/\/diarioelpopular.com\/index.php\/wp-json\/wp\/v2\/comments?post=501645"}],"version-history":[{"count":1,"href":"https:\/\/diarioelpopular.com\/index.php\/wp-json\/wp\/v2\/posts\/501645\/revisions"}],"predecessor-version":[{"id":501647,"href":"https:\/\/diarioelpopular.com\/index.php\/wp-json\/wp\/v2\/posts\/501645\/revisions\/501647"}],"wp:featuredmedia":[{"embeddable":true,"href":"https:\/\/diarioelpopular.com\/index.php\/wp-json\/wp\/v2\/media\/501646"}],"wp:attachment":[{"href":"https:\/\/diarioelpopular.com\/index.php\/wp-json\/wp\/v2\/media?parent=501645"}],"wp:term":[{"taxonomy":"category","embeddable":true,"href":"https:\/\/diarioelpopular.com\/index.php\/wp-json\/wp\/v2\/categories?post=501645"},{"taxonomy":"post_tag","embeddable":true,"href":"https:\/\/diarioelpopular.com\/index.php\/wp-json\/wp\/v2\/tags?post=501645"}],"curies":[{"name":"wp","href":"https:\/\/api.w.org\/{rel}","templated":true}]}}