{"id":501659,"date":"2022-02-22T10:36:27","date_gmt":"2022-02-22T14:36:27","guid":{"rendered":"https:\/\/diarioelpopular.com\/?p=501659"},"modified":"2022-02-22T10:36:27","modified_gmt":"2022-02-22T14:36:27","slug":"liberales-y-el-ndp-aprueban-una-votacion-clave-sobre-el-uso-de-la-ley-de-emergencias-para-los-bloqueos-de-convoyes","status":"publish","type":"post","link":"https:\/\/diarioelpopular.com\/index.php\/2022\/02\/22\/liberales-y-el-ndp-aprueban-una-votacion-clave-sobre-el-uso-de-la-ley-de-emergencias-para-los-bloqueos-de-convoyes\/","title":{"rendered":"Liberales y el NDP aprueban una votaci\u00f3n clave sobre el uso de la Ley de Emergencias para los bloqueos de convoyes"},"content":{"rendered":"<p>&nbsp;<\/p>\n<p><img loading=\"lazy\" decoding=\"async\" class=\"alignnone size-custom-full-size wp-image-501660\" src=\"https:\/\/diarioelpopular.com\/wp-content\/uploads\/2022\/02\/1.34.36-AM-636x292.jpg\" alt=\"\" width=\"636\" height=\"292\" srcset=\"https:\/\/diarioelpopular.com\/wp-content\/uploads\/2022\/02\/1.34.36-AM-636x292.jpg 636w, https:\/\/diarioelpopular.com\/wp-content\/uploads\/2022\/02\/1.34.36-AM-300x138.jpg 300w, https:\/\/diarioelpopular.com\/wp-content\/uploads\/2022\/02\/1.34.36-AM-768x352.jpg 768w, https:\/\/diarioelpopular.com\/wp-content\/uploads\/2022\/02\/1.34.36-AM-146x67.jpg 146w, https:\/\/diarioelpopular.com\/wp-content\/uploads\/2022\/02\/1.34.36-AM.jpg 800w\" sizes=\"auto, (max-width: 636px) 100vw, 636px\" \/><\/p>\n<h4><em><strong>&#8211; El uso por parte del gobierno federal de la Ley de Emergencias en respuesta a los bloqueos de convoyes en Ottawa y en los cruces fronterizos fue aprobado en una votaci\u00f3n clave en la C\u00e1mara de los Comunes.<\/strong><\/em><\/h4>\n<p><em><strong>OTTAWA.-<\/strong> <\/em>En una votaci\u00f3n este lunes por la noche, 185 diputados votaron a favor de la ley, mientras que 151 votaron en contra de la medida.<\/p>\n<p>La votaci\u00f3n fue sobre una moci\u00f3n presentada por el gobierno liberal que describ\u00eda su decisi\u00f3n de invocar los poderes de emergencia nunca antes utilizados despu\u00e9s de semanas de manifestaciones del llamado &#8220;Convoy de la Libertad&#8221;.<\/p>\n<p>Los Nuevos Dem\u00f3cratas (NDP) se pusieron del lado de los Liberales al aprobar la moci\u00f3n, mientras que los Conservadores y el Bloque Quebequense se opusieron.<\/p>\n<p>Seg\u00fan los t\u00e9rminos de la ley, el gobierno ten\u00eda que presentar esa moci\u00f3n dentro de los siete d\u00edas posteriores a la invocaci\u00f3n de la ley el 14 de febrero. La votaci\u00f3n para aprobar las medidas las mantendr\u00e1 vigentes hasta mediados de marzo a m\u00e1s tardar y el Senado tambi\u00e9n debe votar. a pedido del gobierno.<\/p>\n<p>Antes de la votaci\u00f3n de la C\u00e1mara de los Comunes el lunes, el primer ministro Justin Trudeau evadi\u00f3 las preguntas acerca de que la votaci\u00f3n era una prueba de confianza en el gobierno, lo que significa que si fallaba, el gobierno liberal minoritario podr\u00eda haber ca\u00eddo, lo que habr\u00eda desencadenado una elecci\u00f3n.<\/p>\n<p>Justo antes de que comenzara la votaci\u00f3n alrededor de las 8 p.m. El lunes, hora del este, el diputado conservador John Brassard le pidi\u00f3 al l\u00edder de la C\u00e1mara de Representantes del gobierno, Mark Holland, que aclarara si se trataba de un voto de confianza.<\/p>\n<p>\u201cAgradezco el debate, pero es hora de votar\u201d, respondi\u00f3.<\/p>\n<p>Los parlamentarios hab\u00edan estado debatiendo la medida desde el jueves por la ma\u00f1ana, aunque las 15 horas de debate previstas para el viernes se cancelaron debido a preocupaciones de seguridad cuando la polic\u00eda se movi\u00f3 para sacar a los manifestantes que segu\u00edan bloqueando las calles.<\/p>\n<p>El Bloc Quebecois y los conservadores hab\u00edan dicho la semana pasada que no apoyar\u00edan la moci\u00f3n sobre el uso de la Ley de Emergencias en una votaci\u00f3n.<\/p>\n<p>Mientras tanto, el NDP hab\u00eda se\u00f1alado que su apoyo estar\u00eda supeditado a que no se extralimitara en los derechos civiles.<\/p>\n<p>La Ley de Emergencias est\u00e1 sujeta a la Carta de Derechos y Libertades. Cualquier acci\u00f3n realizada a trav\u00e9s de la ley debe respetar los derechos constitucionales de los canadienses, en los t\u00e9rminos de la legislaci\u00f3n.<\/p>\n<p>Despu\u00e9s de la votaci\u00f3n, el ministro de Seguridad P\u00fablica, Marco Mendicino, y el ministro de Preparaci\u00f3n para Emergencias, Bill Blair, fueron vagos sobre si votar sobre la moci\u00f3n era de hecho un voto de confianza.<\/p>\n<p>Mendicino dijo que cualquiera que votara en contra de invocar la ley estaba haciendo \u201cuna declaraci\u00f3n clara de que no ten\u00edan confianza en este gobierno\u201d.<\/p>\n<p>Blair neg\u00f3 que los parlamentarios liberales fueran amenazados con la expulsi\u00f3n del caucus si romp\u00edan filas con el partido y votaban en contra de la moci\u00f3n.<\/p>\n<p>\u201cEsta fue una votaci\u00f3n importante\u201d, dijo. \u201cCreo que abrumadoramente nuestro caucus y otros colegas parlamentarios entendieron la importancia de esta votaci\u00f3n.<\/p>\n<p>\u201cFrancamente, en mi opini\u00f3n, la cuesti\u00f3n de las razones de los individuos para votar ahora es discutible. La votaci\u00f3n pas\u00f3, y procederemos\u201d.<\/p>\n<p>Los ministros tambi\u00e9n reafirmaron la posici\u00f3n del gobierno de que la ley se levantar\u00e1 lo antes posible, una vez que la polic\u00eda tenga confianza en que la amenaza de futuros bloqueos y ocupaciones ilegales ha pasado.<\/p>\n<p>La moci\u00f3n dice que la ley permanecer\u00e1 vigente durante 30 d\u00edas desde su invocaci\u00f3n la semana pasada, pero puede levantarse en cualquier momento antes de esa fecha.<\/p>\n<p>Los parlamentarios conservadores han criticado la decisi\u00f3n del gobierno de invocar la ley, y algunos han presionado a los liberales para que la revoquen ahora que los bloqueos que paralizaron la capital nacional durante m\u00e1s de tres semanas parecen haber terminado.<\/p>\n<p>La l\u00edder conservadora interina, Candice Bergen, acus\u00f3 al gobierno de usar la ley como una &#8220;toma de poder&#8221; y present\u00f3 una moci\u00f3n para revocar la medida luego de la votaci\u00f3n.<\/p>\n<p>\u201cLos parlamentarios liberales y del NDP deber\u00e1n explicar a los canadienses por qu\u00e9 contin\u00faan imponiendo un estado de emergencia nacional que otorga al gobierno federal poderes y autoridad de gran alcance\u201d, dijo en un comunicado.<\/p>\n<p>El gobierno ha justificado repetidamente el uso de la Ley de Emergencias, y Trudeau dijo que le preocupa la posibilidad de que el convoy pueda regresar y forzar bloqueos nuevamente.<\/p>\n<p>\u201cAunque los bloqueos se levantan en la apertura de fronteras en este momento, aunque las cosas parecen estar resolvi\u00e9ndose muy bien en Ottawa, este estado de emergencia no ha terminado\u201d, dijo Trudeau en una conferencia de prensa el lunes.<\/p>\n<p>\u201cSigue habiendo preocupaciones reales sobre los pr\u00f3ximos d\u00edas\u201d, agreg\u00f3.<\/p>\n<p>En una entrevista con Mercedes Stephenson de The West Block el domingo, Blair no dio un cronograma o criterio sobre cu\u00e1ndo podr\u00edan levantarse las medidas, diciendo que \u201ctodav\u00eda existe una amenaza\u201d.<\/p>\n<p>\u201cEntendemos la magnitud y el significado de las medidas que hemos implementado. Solo estar\u00e1n en su lugar mientras sean necesarios\u201d, dijo.<\/p>\n<p>Desde el viernes, la polic\u00eda arrest\u00f3 a 191 personas, remolc\u00f3 79 veh\u00edculos y present\u00f3 389 cargos penales contra 107 personas, que seg\u00fan el jefe interino Steve Bell van desde obstruir a la polic\u00eda, desobedecer una orden judicial hasta agredir.<\/p>\n<p>En una conferencia de prensa el domingo, Bell dijo que el n\u00famero de manifestantes en la ciudad hab\u00eda &#8220;disminuido dr\u00e1sticamente&#8221;, pero que a\u00fan se requer\u00edan medidas, como una fuerte presencia policial y cercas, para &#8220;evitar que los manifestantes ilegales regresaran&#8221;.<\/p>\n<p>El convoy, compuesto en su mayor\u00eda por camioneros, lleg\u00f3 a la capital el 28 de enero para protestar contra los mandatos de vacunaci\u00f3n contra el COVID-19 y otras medidas de salud p\u00fablica. Desde entonces, la manifestaci\u00f3n se hab\u00eda convertido en un movimiento mayoritariamente antigubernamental.<\/p>\n<p>Este lunes, Trudeau inst\u00f3 a los canadienses a trabajar para curar las divisiones pand\u00e9micas en el pa\u00eds.<\/p>\n<p>\u201cNo hay duda de que las \u00faltimas semanas han sido dif\u00edciles, que los \u00faltimos a\u00f1os han sido dolorosos y que todav\u00eda tenemos desaf\u00edos por delante. Pero no podemos dejar que la ira nos divida\u201d, dijo Trudeau en una conferencia de prensa.<\/p>\n<p>\u201cM\u00e1s que nunca, ahora es el momento de trabajar juntos. Tambi\u00e9n es el momento de reflexionar sobre el tipo de futuro que queremos para nuestro pa\u00eds. Hay una lecci\u00f3n para todos nosotros en lo que sucedi\u00f3 este mes. No sabemos cu\u00e1ndo terminar\u00e1 esta pandemia, pero eso no significa que no podamos comenzar a sanar como naci\u00f3n\u201d.<\/p>\n<p>El debate sobre una moci\u00f3n separada que afirma la invocaci\u00f3n de la Ley de Emergencias se present\u00f3 en el Senado el lunes, y se espera que el debate comience el martes. A\u00fan no se ha fijado fecha para esa votaci\u00f3n.<\/p>\n<p>En cualquier momento, el Senado, la C\u00e1mara o el gobierno podr\u00edan obtener apoyo y los poderes extraordinarios derivados de la ley de emergencias ser\u00edan eliminados.<\/p>\n","protected":false},"excerpt":{"rendered":"<p>&nbsp; &#8211; El uso por parte del gobierno federal de la Ley de Emergencias en respuesta a los bloqueos de convoyes en Ottawa y en&hellip;<\/p>\n","protected":false},"author":99,"featured_media":501660,"comment_status":"open","ping_status":"open","sticky":false,"template":"","format":"standard","meta":{"footnotes":""},"categories":[21,11191],"tags":[],"class_list":["post-501659","post","type-post","status-publish","format-standard","has-post-thumbnail","hentry","category-canada","category-top-news"],"_links":{"self":[{"href":"https:\/\/diarioelpopular.com\/index.php\/wp-json\/wp\/v2\/posts\/501659","targetHints":{"allow":["GET"]}}],"collection":[{"href":"https:\/\/diarioelpopular.com\/index.php\/wp-json\/wp\/v2\/posts"}],"about":[{"href":"https:\/\/diarioelpopular.com\/index.php\/wp-json\/wp\/v2\/types\/post"}],"author":[{"embeddable":true,"href":"https:\/\/diarioelpopular.com\/index.php\/wp-json\/wp\/v2\/users\/99"}],"replies":[{"embeddable":true,"href":"https:\/\/diarioelpopular.com\/index.php\/wp-json\/wp\/v2\/comments?post=501659"}],"version-history":[{"count":1,"href":"https:\/\/diarioelpopular.com\/index.php\/wp-json\/wp\/v2\/posts\/501659\/revisions"}],"predecessor-version":[{"id":501661,"href":"https:\/\/diarioelpopular.com\/index.php\/wp-json\/wp\/v2\/posts\/501659\/revisions\/501661"}],"wp:featuredmedia":[{"embeddable":true,"href":"https:\/\/diarioelpopular.com\/index.php\/wp-json\/wp\/v2\/media\/501660"}],"wp:attachment":[{"href":"https:\/\/diarioelpopular.com\/index.php\/wp-json\/wp\/v2\/media?parent=501659"}],"wp:term":[{"taxonomy":"category","embeddable":true,"href":"https:\/\/diarioelpopular.com\/index.php\/wp-json\/wp\/v2\/categories?post=501659"},{"taxonomy":"post_tag","embeddable":true,"href":"https:\/\/diarioelpopular.com\/index.php\/wp-json\/wp\/v2\/tags?post=501659"}],"curies":[{"name":"wp","href":"https:\/\/api.w.org\/{rel}","templated":true}]}}