{"id":501669,"date":"2022-02-22T10:58:11","date_gmt":"2022-02-22T14:58:11","guid":{"rendered":"https:\/\/diarioelpopular.com\/?p=501669"},"modified":"2022-02-22T10:58:11","modified_gmt":"2022-02-22T14:58:11","slug":"colombia-despenalizan-parcialmente-el-aborto","status":"publish","type":"post","link":"https:\/\/diarioelpopular.com\/index.php\/2022\/02\/22\/colombia-despenalizan-parcialmente-el-aborto\/","title":{"rendered":"Colombia: Despenalizan parcialmente el aborto"},"content":{"rendered":"<div id=\"attachment_501670\" style=\"width: 646px\" class=\"wp-caption alignnone\"><img loading=\"lazy\" decoding=\"async\" aria-describedby=\"caption-attachment-501670\" class=\"size-custom-full-size wp-image-501670\" src=\"https:\/\/diarioelpopular.com\/wp-content\/uploads\/2022\/02\/1.b31e971-636x424.jpg\" alt=\"\" width=\"636\" height=\"424\" srcset=\"https:\/\/diarioelpopular.com\/wp-content\/uploads\/2022\/02\/1.b31e971-636x424.jpg 636w, https:\/\/diarioelpopular.com\/wp-content\/uploads\/2022\/02\/1.b31e971-300x200.jpg 300w, https:\/\/diarioelpopular.com\/wp-content\/uploads\/2022\/02\/1.b31e971-768x512.jpg 768w, https:\/\/diarioelpopular.com\/wp-content\/uploads\/2022\/02\/1.b31e971-110x73.jpg 110w, https:\/\/diarioelpopular.com\/wp-content\/uploads\/2022\/02\/1.b31e971.jpg 800w\" sizes=\"auto, (max-width: 636px) 100vw, 636px\" \/><p id=\"caption-attachment-501670\" class=\"wp-caption-text\"><em>Despenalizan parcialmente el aborto de Colombia (foto: EPA)<\/em><\/p><\/div>\n<h4><em><strong>&#8211; Interrupci\u00f3n hasta las 24 semanas de gestaci\u00f3n<\/strong><\/em><\/h4>\n<p><em><strong>BOGOTA 22 FEB &#8211;<\/strong> <\/em>El aborto en Colombia ser\u00e1 posible hasta las 24 semanas de gestaci\u00f3n, adem\u00e1s de las tres causales que ya estaban contempladas en la ley, estableci\u00f3 la Corte Constitucional, tras el estudio de una demanda al art\u00edculo del C\u00f3digo Penal que declaraba como delito la interrupci\u00f3n del embarazo.<br \/>\nLa decisi\u00f3n fue el producto de cinco votos a favor y cuatro en contra, por parte de los magistrados del Tribunal encargado de velar por el cumplimiento de la Carta Magna.<br \/>\nLa &#8220;conducta del aborto solo ser\u00e1 punible cuando se realice despu\u00e9s de la vig\u00e9sima cuarta (24) semana de gestaci\u00f3n y, en todo caso, este l\u00edmite temporal no ser\u00e1 aplicable a los tres supuestos fijados en la Sentencia C-355 de 2006&#8221;, precis\u00f3 la Corte en un comunicado.<br \/>\nEl colectivo feminista Causa Justa interpuso la demanda para que se eliminara el delito del aborto, sin embargo, la decisi\u00f3n de la Corte no fue la despenalizaci\u00f3n total de la interrupci\u00f3n del embarazo, sino la de trazar una l\u00ednea de temporalidad.<br \/>\nDesde 2006 en Colombia las mujeres pueden abortar en tres casos: cuando el embarazo representa un riesgo para su vida, cuando el feto tiene graves malformaciones o su vida es inviable y cuando la concepci\u00f3n es el resultado de una violaci\u00f3n.<br \/>\nEn su decisi\u00f3n, la Corte exhort\u00f3 al Congreso y al Gobierno para que &#8220;en el menor tiempo posible&#8221; establezcan una &#8220;pol\u00edtica p\u00fablica integral&#8221; que &#8220;evite los amplios m\u00e1rgenes de desprotecci\u00f3n para la dignidad y los derechos de las mujeres gestantes&#8221; y &#8220;proteja el bien jur\u00eddico de la vida en gestaci\u00f3n sin afectar tales garant\u00edas&#8221;.<\/p>\n","protected":false},"excerpt":{"rendered":"<p>&#8211; Interrupci\u00f3n hasta las 24 semanas de gestaci\u00f3n BOGOTA 22 FEB &#8211; El aborto en Colombia ser\u00e1 posible hasta las 24 semanas de gestaci\u00f3n, adem\u00e1s&hellip;<\/p>\n","protected":false},"author":99,"featured_media":501670,"comment_status":"open","ping_status":"open","sticky":false,"template":"","format":"standard","meta":{"footnotes":""},"categories":[23],"tags":[],"class_list":["post-501669","post","type-post","status-publish","format-standard","has-post-thumbnail","hentry","category-latinoamerica"],"_links":{"self":[{"href":"https:\/\/diarioelpopular.com\/index.php\/wp-json\/wp\/v2\/posts\/501669","targetHints":{"allow":["GET"]}}],"collection":[{"href":"https:\/\/diarioelpopular.com\/index.php\/wp-json\/wp\/v2\/posts"}],"about":[{"href":"https:\/\/diarioelpopular.com\/index.php\/wp-json\/wp\/v2\/types\/post"}],"author":[{"embeddable":true,"href":"https:\/\/diarioelpopular.com\/index.php\/wp-json\/wp\/v2\/users\/99"}],"replies":[{"embeddable":true,"href":"https:\/\/diarioelpopular.com\/index.php\/wp-json\/wp\/v2\/comments?post=501669"}],"version-history":[{"count":1,"href":"https:\/\/diarioelpopular.com\/index.php\/wp-json\/wp\/v2\/posts\/501669\/revisions"}],"predecessor-version":[{"id":501671,"href":"https:\/\/diarioelpopular.com\/index.php\/wp-json\/wp\/v2\/posts\/501669\/revisions\/501671"}],"wp:featuredmedia":[{"embeddable":true,"href":"https:\/\/diarioelpopular.com\/index.php\/wp-json\/wp\/v2\/media\/501670"}],"wp:attachment":[{"href":"https:\/\/diarioelpopular.com\/index.php\/wp-json\/wp\/v2\/media?parent=501669"}],"wp:term":[{"taxonomy":"category","embeddable":true,"href":"https:\/\/diarioelpopular.com\/index.php\/wp-json\/wp\/v2\/categories?post=501669"},{"taxonomy":"post_tag","embeddable":true,"href":"https:\/\/diarioelpopular.com\/index.php\/wp-json\/wp\/v2\/tags?post=501669"}],"curies":[{"name":"wp","href":"https:\/\/api.w.org\/{rel}","templated":true}]}}