{"id":501686,"date":"2022-02-24T10:03:33","date_gmt":"2022-02-24T14:03:33","guid":{"rendered":"https:\/\/diarioelpopular.com\/?p=501686"},"modified":"2022-02-24T10:03:33","modified_gmt":"2022-02-24T14:03:33","slug":"en-respuesta-a-los-bloqueos-trudeau-obtiene-una-calificacion-reprobatoria-pero-incluso-menos-manifestantes-apoyan-encuesta","status":"publish","type":"post","link":"https:\/\/diarioelpopular.com\/index.php\/2022\/02\/24\/en-respuesta-a-los-bloqueos-trudeau-obtiene-una-calificacion-reprobatoria-pero-incluso-menos-manifestantes-apoyan-encuesta\/","title":{"rendered":"En respuesta a los bloqueos, Trudeau obtiene una calificaci\u00f3n reprobatoria, pero incluso menos manifestantes apoyan: encuesta"},"content":{"rendered":"<p><img loading=\"lazy\" decoding=\"async\" class=\"alignnone size-custom-full-size wp-image-501687\" src=\"https:\/\/diarioelpopular.com\/wp-content\/uploads\/2022\/02\/1.06-AM-636x289.jpg\" alt=\"\" width=\"636\" height=\"289\" srcset=\"https:\/\/diarioelpopular.com\/wp-content\/uploads\/2022\/02\/1.06-AM-636x289.jpg 636w, https:\/\/diarioelpopular.com\/wp-content\/uploads\/2022\/02\/1.06-AM-300x137.jpg 300w, https:\/\/diarioelpopular.com\/wp-content\/uploads\/2022\/02\/1.06-AM-768x349.jpg 768w, https:\/\/diarioelpopular.com\/wp-content\/uploads\/2022\/02\/1.06-AM-146x66.jpg 146w, https:\/\/diarioelpopular.com\/wp-content\/uploads\/2022\/02\/1.06-AM.jpg 800w\" sizes=\"auto, (max-width: 636px) 100vw, 636px\" \/><\/p>\n<h4><strong><em>&#8211; A medida que el llamado &#8220;Convoy de la Libertad&#8221; llega a su fin en Ottawa, los canadienses siguen divididos sobre c\u00f3mo se sienten acerca de las protestas.<\/em><\/strong><\/h4>\n<p><em><strong>&#8211; Ontario propone exigir la divulgaci\u00f3n de la vigilancia electr\u00f3nica de los empleados<\/strong><\/em><\/p>\n<p>&nbsp;<\/p>\n<p><em><strong>OTTAWA.-<\/strong> <\/em>Seg\u00fan una nueva encuesta de Ipsos publicada este jueves 24, la aprobaci\u00f3n de los canadienses al manejo del bloqueo del convoy por parte de Justin Trudeau fue solo siete puntos superior a la de los manifestantes.<\/p>\n<p>La encuesta realizada exclusivamente para Global News mostr\u00f3 que cerca del 43 por ciento de los canadienses aprob\u00f3 la forma en que Trudeau manej\u00f3 las protestas de tres semanas en Ottawa, mientras que el 36 por ciento apoy\u00f3 la forma en que los camioneros se manejaron durante la ocupaci\u00f3n.<\/p>\n<p><em><strong>\u00bfQui\u00e9n lo hizo mejor?<\/strong><\/em><br \/>\nEn Ontario, donde se centr\u00f3 la mayor parte de la actividad de protesta, el 49 por ciento aprob\u00f3 el manejo de la situaci\u00f3n por parte de Doug Ford, superando por poco al 46 por ciento que aprob\u00f3 la actuaci\u00f3n de Trudeau.<\/p>\n<p>\u201cLo que es particularmente preocupante es que el 52 por ciento de las personas que entrevistamos dijeron que la ret\u00f3rica divisiva del primer ministro y la forma en que abord\u00f3 la protesta fueron los principales responsables de lo que sucedi\u00f3\u201d, dijo a Global News Darrell Bricker, director ejecutivo de asuntos p\u00fablicos de Ipsos. .<\/p>\n<p>Bricker explic\u00f3 que Trudeau caracteriz\u00f3 a las personas que formaron parte de la protesta como las que votaron por los partidos de oposici\u00f3n, particularmente el Partido Popular y el Partido Conservador, pero \u201clos datos muestran que la gente no est\u00e1 particularmente unida en torno a ning\u00fan tipo de elecci\u00f3n partidista. \u201d<\/p>\n<p>\u201cEste es realmente un grupo de la poblaci\u00f3n\u2026 que realmente se siente excluido, rezagado y muy preocupado por la forma en que el gobierno no solo est\u00e1 manejando la pandemia, sino tambi\u00e9n por la forma en que va la econom\u00eda en este momento\u201d, dijo Bricker. .<\/p>\n<p>\u201cTienen un sentido de la esperanza muy cuestionado. Pero no est\u00e1 definido en t\u00e9rminos partidistas. El primer ministro opt\u00f3 por definirlo en esos t\u00e9rminos, y la reacci\u00f3n del p\u00fablico ha sido bastante negativa. Como hemos visto en los resultados de las encuestas, el 52 por ciento de la poblaci\u00f3n dijo que \u00e9l ech\u00f3 le\u00f1a al fuego\u201d, agreg\u00f3.<\/p>\n<p><em><strong>La opini\u00f3n de Canad\u00e1 sobre el comportamiento de los convoyes<\/strong><\/em><br \/>\nSeg\u00fan la encuesta, casi el 46 por ciento dice que, si bien es posible que no est\u00e9n de acuerdo con todo lo que los participantes del convoy han dicho y hecho en Ottawa, su frustraci\u00f3n es leg\u00edtima y merece la simpat\u00eda de la gente.<\/p>\n<p>\u201cEntonces, a pesar de lo mal que se pusieron las cosas durante el curso de la protesta, realmente no afect\u00f3 c\u00f3mo se sent\u00eda la gente sobre los manifestantes\u201d, dijo Bricker.<\/p>\n<p>Alrededor del 48 por ciento de las personas tambi\u00e9n dijeron que la protesta probablemente no se habr\u00eda llevado a cabo si la gente no sintiera el nivel de frustraci\u00f3n econ\u00f3mica que siente.<\/p>\n<p>Adem\u00e1s de eso, el 54 por ciento de los canadienses tambi\u00e9n cree que las protestas en Ottawa contribuyeron, al menos parcialmente, a la relajaci\u00f3n de las restricciones de COVID-19 en el pa\u00eds.<\/p>\n<p>Bricker dijo que el problema aqu\u00ed es que &#8220;aunque a las autoridades no les guste&#8221;, los datos muestran que los manifestantes han ganado cierta simpat\u00eda entre la poblaci\u00f3n canadiense.<\/p>\n<p>La encuesta tambi\u00e9n afirma que &#8220;es evidente una profunda divisi\u00f3n generacional&#8221;, con una mayor\u00eda de personas de 18 a 34 a\u00f1os (58 por ciento) y de 35 a 54 a\u00f1os (53 por ciento) que simpatizan con los manifestantes en comparaci\u00f3n con solo el 32 por ciento de los mayores. m\u00e1s de 55<\/p>\n<p>Bricker dijo que los canadienses m\u00e1s j\u00f3venes se sienten muy inseguros en esta econom\u00eda y simpatizan m\u00e1s con la frustraci\u00f3n que presenta el convoy en comparaci\u00f3n con los canadienses mayores y aquellos que tienen m\u00e1s seguridad econ\u00f3mica.<\/p>\n<p>\u201cPor lo general, vemos las cosas a trav\u00e9s de una lente partidista o las vemos a trav\u00e9s de una lente regional. No esta vez. Es un tipo diferente de divisi\u00f3n lo que estamos viendo\u201d, dijo.<\/p>\n<p><em><strong>&#8216;Mucha culpa para repartir&#8217;<\/strong><\/em><br \/>\nLos resultados de la encuesta tambi\u00e9n muestran que Trudeau no es la \u00fanica persona a la que los canadienses culpan por el manejo de las protestas.<\/p>\n<p>Seg\u00fan la encuesta, el 50 por ciento de los canadienses est\u00e1 de acuerdo en que el Partido Conservador y sus principales l\u00edderes son responsables de estas protestas porque inicialmente alentaron a los manifestantes.<\/p>\n<p>Cuatro de cada 10 (39 por ciento) est\u00e1n de acuerdo en que los primeros ministros provinciales fueron los principales responsables de estas protestas porque impusieron restricciones irrazonables que han durado demasiado tiempo, y la mitad (48 por ciento) est\u00e1 de acuerdo en que si los canadienses no estuvieran sufriendo tantas dificultades econ\u00f3micas tal como est\u00e1n, estas protestas de camioneros nunca hubieran sucedido.<\/p>\n<p>Sin embargo, Bricker dijo que si las personas buscan ganadores y perdedores en estos n\u00fameros, no hay ninguno.<\/p>\n<p>\u201cHe estado haciendo esto durante mucho tiempo, y esto es lo m\u00e1s dividido y frustrado que recuerdo haber visto en la opini\u00f3n p\u00fablica canadiense. Y no parece que haya ning\u00fan liderazgo en el horizonte&#8230; donde la gente m\u00e1s esperar\u00eda encontrar un liderazgo que est\u00e9 mejorando esta situaci\u00f3n\u201d, dijo Bricker.<\/p>\n<p>\u201c(El pa\u00eds) est\u00e1 muy dividido e inestable en t\u00e9rminos de c\u00f3mo se siente el p\u00fablico acerca de las cosas en este momento. Y uno est\u00e1 buscando signos de esperanza en los datos, y simplemente no los estamos viendo\u201d, agreg\u00f3.<\/p>\n<p><em>Estos son algunos de los hallazgos de una encuesta de Ipsos realizada entre el 18 y el 22 de febrero de 2022, en nombre de Global News. Para esta encuesta, se entrevist\u00f3 a una muestra de 1001 canadienses mayores de 18 a\u00f1os. Se emplearon cuotas y ponderaciones para garantizar que la composici\u00f3n de la muestra refleje la de la poblaci\u00f3n canadiense seg\u00fan los par\u00e1metros del censo. La precisi\u00f3n de las encuestas en l\u00ednea de Ipsos se mide mediante un intervalo de credibilidad. En este caso, la encuesta tiene una precisi\u00f3n de \u00b1 3,5 puntos porcentuales, 19 veces de 20, si todos los canadienses mayores de 18 a\u00f1os hubieran sido encuestados. El intervalo de credibilidad ser\u00e1 m\u00e1s amplio entre los subconjuntos de la poblaci\u00f3n. Todas las encuestas de muestra y los sondeos pueden estar sujetos a otras fuentes de error, incluidos, entre otros, errores de cobertura y errores de medici\u00f3n.<\/em><\/p>\n<p>&nbsp;<\/p>\n<p><em><strong>Ontario propone exigir la divulgaci\u00f3n de la vigilancia electr\u00f3nica de los empleados<\/strong><\/em><\/p>\n<p><em><strong>TORONTO \u2014<\/strong><\/em> Ontario planea exigir a los empleadores que informen a sus trabajadores si est\u00e1n siendo monitoreados electr\u00f3nicamente.<\/p>\n<p>El gobierno est\u00e1 listo para presentar una nueva legislaci\u00f3n laboral este mes que incluir\u00e1 la pol\u00edtica propuesta.<\/p>\n<p>Requerir\u00eda que las empresas informen a sus empleados, ya sea que est\u00e9n en el lugar de trabajo, en el campo o trabajando desde casa, c\u00f3mo la empresa monitorea las computadoras, los tel\u00e9fonos celulares, los sistemas GPS y otros dispositivos electr\u00f3nicos.<\/p>\n<p>El ministro de Trabajo, Monte McNaughton, dice que, especialmente porque tantas personas han estado trabajando desde casa, los empleados esperan y merecen que se proteja su privacidad.<\/p>\n<p>La ley se aplicar\u00eda a las empresas con 25 o m\u00e1s trabajadores y les exigir\u00eda tener una pol\u00edtica por escrito sobre si monitorean electr\u00f3nicamente a su personal y, de ser as\u00ed, c\u00f3mo y el prop\u00f3sito de recopilar la informaci\u00f3n.<\/p>\n<p>McNaughton dice que ser\u00e1 la primera legislaci\u00f3n de este tipo en Canad\u00e1.<\/p>\n<p>McNaughton ha estado haciendo un esfuerzo concertado para posicionar al gobierno conservador progresista como favorable a los trabajadores, con una legislaci\u00f3n el a\u00f1o pasado que aument\u00f3 el salario m\u00ednimo a $15 la hora, requiri\u00f3 que los empleadores crearan pol\u00edticas de derecho a la desconexi\u00f3n para sus empleados, prohibi\u00f3 los acuerdos de no competencia y exig\u00eda que las agencias de ayuda temporal tuvieran licencia.<\/p>\n<p>\u201cMe convert\u00ed en Ministro de Trabajo en junio de 2019 e intencionalmente eleg\u00ed un lado y ese es el lado de los trabajadores\u201d, dijo.<\/p>\n<p>\u201cTambi\u00e9n creo que el gobierno tiene que mantenerse al d\u00eda y, a menudo, vemos no solo en Ontario, sino en todo el pa\u00eds e incluso en toda Am\u00e9rica del Norte, donde el gobierno tiende a retrasarse (en) los cambios tecnol\u00f3gicos y el mundo laboral\u201d.<\/p>\n","protected":false},"excerpt":{"rendered":"<p>&#8211; A medida que el llamado &#8220;Convoy de la Libertad&#8221; llega a su fin en Ottawa, los canadienses siguen divididos sobre c\u00f3mo se sienten acerca&hellip;<\/p>\n","protected":false},"author":99,"featured_media":501687,"comment_status":"open","ping_status":"open","sticky":false,"template":"","format":"standard","meta":{"footnotes":""},"categories":[21,11191],"tags":[],"class_list":["post-501686","post","type-post","status-publish","format-standard","has-post-thumbnail","hentry","category-canada","category-top-news"],"_links":{"self":[{"href":"https:\/\/diarioelpopular.com\/index.php\/wp-json\/wp\/v2\/posts\/501686","targetHints":{"allow":["GET"]}}],"collection":[{"href":"https:\/\/diarioelpopular.com\/index.php\/wp-json\/wp\/v2\/posts"}],"about":[{"href":"https:\/\/diarioelpopular.com\/index.php\/wp-json\/wp\/v2\/types\/post"}],"author":[{"embeddable":true,"href":"https:\/\/diarioelpopular.com\/index.php\/wp-json\/wp\/v2\/users\/99"}],"replies":[{"embeddable":true,"href":"https:\/\/diarioelpopular.com\/index.php\/wp-json\/wp\/v2\/comments?post=501686"}],"version-history":[{"count":1,"href":"https:\/\/diarioelpopular.com\/index.php\/wp-json\/wp\/v2\/posts\/501686\/revisions"}],"predecessor-version":[{"id":501688,"href":"https:\/\/diarioelpopular.com\/index.php\/wp-json\/wp\/v2\/posts\/501686\/revisions\/501688"}],"wp:featuredmedia":[{"embeddable":true,"href":"https:\/\/diarioelpopular.com\/index.php\/wp-json\/wp\/v2\/media\/501687"}],"wp:attachment":[{"href":"https:\/\/diarioelpopular.com\/index.php\/wp-json\/wp\/v2\/media?parent=501686"}],"wp:term":[{"taxonomy":"category","embeddable":true,"href":"https:\/\/diarioelpopular.com\/index.php\/wp-json\/wp\/v2\/categories?post=501686"},{"taxonomy":"post_tag","embeddable":true,"href":"https:\/\/diarioelpopular.com\/index.php\/wp-json\/wp\/v2\/tags?post=501686"}],"curies":[{"name":"wp","href":"https:\/\/api.w.org\/{rel}","templated":true}]}}