{"id":501696,"date":"2022-02-24T10:16:28","date_gmt":"2022-02-24T14:16:28","guid":{"rendered":"https:\/\/diarioelpopular.com\/?p=501696"},"modified":"2022-02-24T10:16:28","modified_gmt":"2022-02-24T14:16:28","slug":"mexico-ninos-temen-a-la-violencia-en-sus-casas","status":"publish","type":"post","link":"https:\/\/diarioelpopular.com\/index.php\/2022\/02\/24\/mexico-ninos-temen-a-la-violencia-en-sus-casas\/","title":{"rendered":"M\u00e9xico: Ni\u00f1os temen a la violencia en sus casas"},"content":{"rendered":"<div id=\"attachment_501697\" style=\"width: 646px\" class=\"wp-caption alignnone\"><img loading=\"lazy\" decoding=\"async\" aria-describedby=\"caption-attachment-501697\" class=\"size-custom-full-size wp-image-501697\" src=\"https:\/\/diarioelpopular.com\/wp-content\/uploads\/2022\/02\/1.ab7197-636x414.jpg\" alt=\"\" width=\"636\" height=\"414\" srcset=\"https:\/\/diarioelpopular.com\/wp-content\/uploads\/2022\/02\/1.ab7197-636x414.jpg 636w, https:\/\/diarioelpopular.com\/wp-content\/uploads\/2022\/02\/1.ab7197-300x195.jpg 300w, https:\/\/diarioelpopular.com\/wp-content\/uploads\/2022\/02\/1.ab7197-768x500.jpg 768w, https:\/\/diarioelpopular.com\/wp-content\/uploads\/2022\/02\/1.ab7197-85x55.jpg 85w, https:\/\/diarioelpopular.com\/wp-content\/uploads\/2022\/02\/1.ab7197-112x73.jpg 112w, https:\/\/diarioelpopular.com\/wp-content\/uploads\/2022\/02\/1.ab7197.jpg 800w\" sizes=\"auto, (max-width: 636px) 100vw, 636px\" \/><p id=\"caption-attachment-501697\" class=\"wp-caption-text\"><em>Temor en los menores a causa de la violencia intrafamiliar.<\/em><\/p><\/div>\n<p><em><strong>CIUDAD DE MEXICO, 24 FEB &#8211;<\/strong> <\/em>Nueve de cada 10 ni\u00f1os mexicanos viven con miedo a la violencia y se sienten inseguros a\u00fan dentro de sus propios hogares, revela un informe nacional de la organizaci\u00f3n World Vision Mexico (WVM) divulgado en esta capital.<br \/>\nEl reporte, basado en encuestas electr\u00f3nicas aplicadas en 21 estados entre menores de 18 a\u00f1os, y tambi\u00e9n en adultos, se\u00f1al\u00f3 que la casa \u201ces el espacio con mayor violencia\u201d para muchos de los integrantes de este segmento de edad.<br \/>\nEl aumento del ambiente de agresi\u00f3n dentro de las viviendas se atribuye al largo confinamiento durante la pandemia de Covid-19 sobre todo en aquellas moradas donde sus ocupantes viven en medio del hacinamiento.<br \/>\nSeg\u00fan el reporte de WVM, el 92,17% de los participantes en el sondeo solicit\u00f3 ayuda para prevenir o protegerse de la violencia tanto dentro como fuera de sus hogares.<br \/>\nMiguel Laporta, director nacional de la organizaci\u00f3n, advirti\u00f3 que existe un \u201cclima de inseguridad en diferentes espacios para los menores de 18 a\u00f1os\u201d y tambi\u00e9n qued\u00f3 demostrada con el informe la \u201cdeficiencia\u201d de las autoridades para proporcionarles tranquilidad.<br \/>\nEl 55,3% de las mujeres adultas y 47,4% de ni\u00f1as y adolescentes considera que la casa puede ser el lugar m\u00e1s peligrosa a pesar de que M\u00e9xico vive desde hace m\u00e1s de 15 a\u00f1os la peor ola de violencia criminal que arroja hasta ahora m\u00e1s de 355.000 muertos y 93.000 desaparecidos tras la &#8220;guerra al narco&#8221; lanzada por el gobierno.<br \/>\nEl sondeo, realizado entre m\u00e1s de 8.000 personas en 265 municipios de M\u00e9xico, incluye algunos testimonios sobrecogedores de quienes son v\u00edctimas de la violencia en el pa\u00eds.<br \/>\nCita el caso de Luisa, de 18 a\u00f1os, originaria del estado de Hidalgo, vecino a la capital, quien narr\u00f3 que \u201cmuchas veces s\u00f3lo te pegan porque pueden hacerlo (.) Mi pap\u00e1 nos golpeaba y nos dec\u00eda \u2018para que veas qui\u00e9n manda\u2019\u201d.<br \/>\nSa\u00fal, de 15 a\u00f1os, que reside en el estado de Quintana Roo, sureste del pa\u00eds, indic\u00f3 que \u201clos adultos maltratan a sus hijos, aunque no sea su culpa, porque les fue mal, por frustraci\u00f3n\u201d y toman venganza con ellos \u201cde lo que les hacen otros adultos\u201d.<br \/>\n\u201cEn la escuela les ponen a las ni\u00f1as apodos groseros o se burlan de ellas por su ropa, su cara, por todo\u201d, se\u00f1ala a su vez Angeles, de 13 a\u00f1os, que vive en el estado norte\u00f1o de Nuevo Le\u00f3n.<br \/>\n\u201cMuchas amigas ya no las he vuelto a ver. Luego traen novios que son narcos y despu\u00e9s ya no sabes de ellos\u201d, afirma Sonia, de 16, del estado norte\u00f1o de Tamaulipas.<br \/>\nDespu\u00e9s de la casa, la escuela, con casi 30%, y la calle, con 7%, son los espacios que m\u00e1s albergan distintas manifestaciones de violencia contra la ni\u00f1ez, de acuerdo con el relevamiento.<br \/>\nSeg\u00fan el sondeo, 90% de ni\u00f1as, ni\u00f1os y adolescentes consideran que no est\u00e1n seguros todo el tiempo y 92.17% han solicitado ayuda telef\u00f3nica para prevenir o protegerse de la violencia en el \u00faltimo a\u00f1o.<br \/>\nLa l\u00ednea de emergencia 911 recibi\u00f3 m\u00e1s de dos millones de llamadas relacionadas con incidentes de violencia familiar, seg\u00fan el Sistema Nacional de Seguridad P\u00fablica.<br \/>\nPara enfrentar este lacerante problema de la violencia contra los ni\u00f1os y adolescentes en los hogares, Laporta apremi\u00f3 a \u201cfortalecer el marco legislativo nacional para prohibir, prevenir, establecer mecanismos de denuncia identificables, flexibles y claros\u201d.<br \/>\nAdem\u00e1s, propuso \u201casegurar lineamientos de respuesta y atenci\u00f3n a todo tipo de violencia, trabajo infantil, trata o explotaci\u00f3n contra ni\u00f1as, ni\u00f1os y adolescentes\u201d.<br \/>\nAsimismo, recomend\u00f3 \u201cuna estrategia nacional para erradicar la violencia en contra la ni\u00f1ez y adolescencia\u201d que contemple \u201cpresupuestos suficientes, capacitaci\u00f3n y fortalecimiento de instancias, y l\u00edneas de coordinaci\u00f3n con los tres niveles de gobierno\u201d.<br \/>\nTonatiuh Magos, director de Incidencia en Pol\u00edticas P\u00fablicas de la organizaci\u00f3n, exhort\u00f3 a los gobiernos locales a \u201ctomar en cuenta este informe en sus gestiones, acciones venideras y decisiones para asegurar que la ni\u00f1ez y adolescencia vivan a plenitud\u201d.<\/p>\n","protected":false},"excerpt":{"rendered":"<p>CIUDAD DE MEXICO, 24 FEB &#8211; Nueve de cada 10 ni\u00f1os mexicanos viven con miedo a la violencia y se sienten inseguros a\u00fan dentro de&hellip;<\/p>\n","protected":false},"author":99,"featured_media":501697,"comment_status":"open","ping_status":"open","sticky":false,"template":"","format":"standard","meta":{"footnotes":""},"categories":[23],"tags":[],"class_list":["post-501696","post","type-post","status-publish","format-standard","has-post-thumbnail","hentry","category-latinoamerica"],"_links":{"self":[{"href":"https:\/\/diarioelpopular.com\/index.php\/wp-json\/wp\/v2\/posts\/501696","targetHints":{"allow":["GET"]}}],"collection":[{"href":"https:\/\/diarioelpopular.com\/index.php\/wp-json\/wp\/v2\/posts"}],"about":[{"href":"https:\/\/diarioelpopular.com\/index.php\/wp-json\/wp\/v2\/types\/post"}],"author":[{"embeddable":true,"href":"https:\/\/diarioelpopular.com\/index.php\/wp-json\/wp\/v2\/users\/99"}],"replies":[{"embeddable":true,"href":"https:\/\/diarioelpopular.com\/index.php\/wp-json\/wp\/v2\/comments?post=501696"}],"version-history":[{"count":1,"href":"https:\/\/diarioelpopular.com\/index.php\/wp-json\/wp\/v2\/posts\/501696\/revisions"}],"predecessor-version":[{"id":501698,"href":"https:\/\/diarioelpopular.com\/index.php\/wp-json\/wp\/v2\/posts\/501696\/revisions\/501698"}],"wp:featuredmedia":[{"embeddable":true,"href":"https:\/\/diarioelpopular.com\/index.php\/wp-json\/wp\/v2\/media\/501697"}],"wp:attachment":[{"href":"https:\/\/diarioelpopular.com\/index.php\/wp-json\/wp\/v2\/media?parent=501696"}],"wp:term":[{"taxonomy":"category","embeddable":true,"href":"https:\/\/diarioelpopular.com\/index.php\/wp-json\/wp\/v2\/categories?post=501696"},{"taxonomy":"post_tag","embeddable":true,"href":"https:\/\/diarioelpopular.com\/index.php\/wp-json\/wp\/v2\/tags?post=501696"}],"curies":[{"name":"wp","href":"https:\/\/api.w.org\/{rel}","templated":true}]}}