{"id":501699,"date":"2022-02-24T10:20:40","date_gmt":"2022-02-24T14:20:40","guid":{"rendered":"https:\/\/diarioelpopular.com\/?p=501699"},"modified":"2022-02-24T10:20:40","modified_gmt":"2022-02-24T14:20:40","slug":"colombia-retira-embajador-de-nicaragua-en-protesta-a-ortega","status":"publish","type":"post","link":"https:\/\/diarioelpopular.com\/index.php\/2022\/02\/24\/colombia-retira-embajador-de-nicaragua-en-protesta-a-ortega\/","title":{"rendered":"Colombia retira embajador de Nicaragua en protesta a Ortega"},"content":{"rendered":"<div id=\"attachment_501700\" style=\"width: 646px\" class=\"wp-caption alignnone\"><img loading=\"lazy\" decoding=\"async\" aria-describedby=\"caption-attachment-501700\" class=\"size-custom-full-size wp-image-501700\" src=\"https:\/\/diarioelpopular.com\/wp-content\/uploads\/2022\/02\/WORLD-NEWS-USNICARAGUA-ZUM-636x358.jpg\" alt=\"\" width=\"636\" height=\"358\" srcset=\"https:\/\/diarioelpopular.com\/wp-content\/uploads\/2022\/02\/WORLD-NEWS-USNICARAGUA-ZUM-636x358.jpg 636w, https:\/\/diarioelpopular.com\/wp-content\/uploads\/2022\/02\/WORLD-NEWS-USNICARAGUA-ZUM-300x169.jpg 300w, https:\/\/diarioelpopular.com\/wp-content\/uploads\/2022\/02\/WORLD-NEWS-USNICARAGUA-ZUM-768x432.jpg 768w, https:\/\/diarioelpopular.com\/wp-content\/uploads\/2022\/02\/WORLD-NEWS-USNICARAGUA-ZUM-130x73.jpg 130w, https:\/\/diarioelpopular.com\/wp-content\/uploads\/2022\/02\/WORLD-NEWS-USNICARAGUA-ZUM.jpg 1024w\" sizes=\"auto, (max-width: 636px) 100vw, 636px\" \/><p id=\"caption-attachment-501700\" class=\"wp-caption-text\"><em>Foto de archivo. El gobierno colombiano pidi\u00f3 a su embajador en Nicaragua retirarse del pa\u00eds en rechazo a las recientes declaraciones del presidente Daniel Ortega en las que califica a Colombia como un \u201cnarco Estado\u201d. JORGE TORRES\/EFE TNS<\/em><\/p><\/div>\n<h4><em><strong>&#8211; El gobierno colombiano pidi\u00f3 a su embajador en Nicaragua retirarse del pa\u00eds en rechazo a las recientes declaraciones del presidente Daniel Ortega en las que califica a Colombia como un \u201cnarco Estado\u201d. <\/strong><\/em><\/h4>\n<p>La Canciller\u00eda colombiana indic\u00f3 este mi\u00e9rcoles que orden\u00f3 la v\u00edspera a su embajador Alfredo Rangel \u201cpresentar una nota de protesta ante la Canciller\u00eda nicarag\u00fcense, rechazando contundentemente esta nueva ofensa al honor de nuestra Naci\u00f3n\u201d. Colombia forma parte de los pa\u00edses que no reconocen la legitimidad de las elecciones de noviembre pasado que llevaron al poder a Ortega por cuarta vez consecutiva luego de que varios de sus contendores fueran arrestados.<\/p>\n<p>Ortega insisti\u00f3 en sus cr\u00edticas a Colombia durante un acto oficial para conmemorar al guerrillero nicarag\u00fcense Augusto C\u00e9sar Sandino. \u201cColombia es un narco Estado donde se asesina todos los d\u00edas a l\u00edderes sociales, a trabajadores, es algo realmente impresionante la forma en que se asesina a los hermanos colombianos a los cuales les damos nuestra solidaridad\u201d, indic\u00f3 en su discurso el lunes. En Colombia al menos 78 defensores de derechos humanos fueron asesinados en 2021, seg\u00fan verific\u00f3 la Oficina en Colombia del Alto Comisionado de las Naciones Unidas para los Derechos Humanos. Otros 39 casos est\u00e1n en proceso de verificaci\u00f3n.<\/p>\n<p>Se trata de la segunda vez en solo dos meses que Ortega se refiere en dichos t\u00e9rminos a Colombia. Lo hizo a mediados de diciembre y Colombia le reclam\u00f3 p\u00fablicamente por tratar de \u201catacar\u201d al pa\u00eds para \u201cdistraer la atenci\u00f3n y la censura internacional sobre su total ilegitimidad\u201d. Tras el m\u00e1s reciente pronunciamiento de Ortega, Colombia indic\u00f3 que combate el narcotr\u00e1fico y es \u201cv\u00edctima\u201d del mismo debido a las \u201camenazas a la seguridad nacional, alimentadas sobre todo por los dineros provenientes de esa actividad il\u00edcita, que desafortunadamente se apoya en las dictaduras que se han ido entronizado en nuestra regi\u00f3n\u201d.<\/p>\n<p>Colombia apoy\u00f3 un pronunciamiento de la Organizaci\u00f3n de Estados Americanos el 8 de diciembre en el que indicaba que Nicaragua no estaba cumpliendo los compromisos de la Carta Democr\u00e1tica Interamericana e instaba a Ortega a liberar a los \u201cpresos pol\u00edticos\u201d.<\/p>\n","protected":false},"excerpt":{"rendered":"<p>&#8211; El gobierno colombiano pidi\u00f3 a su embajador en Nicaragua retirarse del pa\u00eds en rechazo a las recientes declaraciones del presidente Daniel Ortega en las&hellip;<\/p>\n","protected":false},"author":99,"featured_media":501700,"comment_status":"open","ping_status":"open","sticky":false,"template":"","format":"standard","meta":{"footnotes":""},"categories":[23],"tags":[],"class_list":["post-501699","post","type-post","status-publish","format-standard","has-post-thumbnail","hentry","category-latinoamerica"],"_links":{"self":[{"href":"https:\/\/diarioelpopular.com\/index.php\/wp-json\/wp\/v2\/posts\/501699","targetHints":{"allow":["GET"]}}],"collection":[{"href":"https:\/\/diarioelpopular.com\/index.php\/wp-json\/wp\/v2\/posts"}],"about":[{"href":"https:\/\/diarioelpopular.com\/index.php\/wp-json\/wp\/v2\/types\/post"}],"author":[{"embeddable":true,"href":"https:\/\/diarioelpopular.com\/index.php\/wp-json\/wp\/v2\/users\/99"}],"replies":[{"embeddable":true,"href":"https:\/\/diarioelpopular.com\/index.php\/wp-json\/wp\/v2\/comments?post=501699"}],"version-history":[{"count":1,"href":"https:\/\/diarioelpopular.com\/index.php\/wp-json\/wp\/v2\/posts\/501699\/revisions"}],"predecessor-version":[{"id":501701,"href":"https:\/\/diarioelpopular.com\/index.php\/wp-json\/wp\/v2\/posts\/501699\/revisions\/501701"}],"wp:featuredmedia":[{"embeddable":true,"href":"https:\/\/diarioelpopular.com\/index.php\/wp-json\/wp\/v2\/media\/501700"}],"wp:attachment":[{"href":"https:\/\/diarioelpopular.com\/index.php\/wp-json\/wp\/v2\/media?parent=501699"}],"wp:term":[{"taxonomy":"category","embeddable":true,"href":"https:\/\/diarioelpopular.com\/index.php\/wp-json\/wp\/v2\/categories?post=501699"},{"taxonomy":"post_tag","embeddable":true,"href":"https:\/\/diarioelpopular.com\/index.php\/wp-json\/wp\/v2\/tags?post=501699"}],"curies":[{"name":"wp","href":"https:\/\/api.w.org\/{rel}","templated":true}]}}