{"id":501768,"date":"2022-02-26T12:29:10","date_gmt":"2022-02-26T16:29:10","guid":{"rendered":"https:\/\/diarioelpopular.com\/?p=501768"},"modified":"2022-02-26T12:29:10","modified_gmt":"2022-02-26T16:29:10","slug":"en-mexico-temen-un-golpe-a-la-economia","status":"publish","type":"post","link":"https:\/\/diarioelpopular.com\/index.php\/2022\/02\/26\/en-mexico-temen-un-golpe-a-la-economia\/","title":{"rendered":"En M\u00e9xico temen un golpe a la econom\u00eda"},"content":{"rendered":"<div id=\"attachment_501769\" style=\"width: 646px\" class=\"wp-caption alignnone\"><img loading=\"lazy\" decoding=\"async\" aria-describedby=\"caption-attachment-501769\" class=\"size-custom-full-size wp-image-501769\" src=\"https:\/\/diarioelpopular.com\/wp-content\/uploads\/2022\/02\/1.2cc73-636x358.jpg\" alt=\"\" width=\"636\" height=\"358\" srcset=\"https:\/\/diarioelpopular.com\/wp-content\/uploads\/2022\/02\/1.2cc73-636x358.jpg 636w, https:\/\/diarioelpopular.com\/wp-content\/uploads\/2022\/02\/1.2cc73-300x169.jpg 300w, https:\/\/diarioelpopular.com\/wp-content\/uploads\/2022\/02\/1.2cc73-768x432.jpg 768w, https:\/\/diarioelpopular.com\/wp-content\/uploads\/2022\/02\/1.2cc73-130x73.jpg 130w, https:\/\/diarioelpopular.com\/wp-content\/uploads\/2022\/02\/1.2cc73.jpg 800w\" sizes=\"auto, (max-width: 636px) 100vw, 636px\" \/><p id=\"caption-attachment-501769\" class=\"wp-caption-text\"><em>Una l\u00ednea de ensamble automotriz mexicana<\/em><\/p><\/div>\n<h4><em><strong>&#8211; Expertos, m\u00e1s inflaci\u00f3n, menor crecimiento y tasas altas<\/strong><\/em><\/h4>\n<p><em><strong>CIUDAD DE MEXICO, 26 FEB &#8211;<\/strong> <\/em>El conflicto entre Ucrania y Rusia podr\u00eda acarrear graves problemas a la econom\u00eda mexicana, pronosticaron los analistas, al pronosticar entre otros impactos el aumento en la inflaci\u00f3n, que super\u00f3 el a\u00f1o pasado el 7% y la ca\u00edda en el crecimiento, cuando este pa\u00eds est\u00e1 en el umbral de una recesi\u00f3n.<br \/>\nAdem\u00e1s, se prev\u00e9 que aumenten las tasas de inter\u00e9s y que las finanzas p\u00fablicas sufran ca\u00eddas importantes, debido a que la guerra podr\u00eda traer consigo &#8220;mayores disrupciones en las cadenas de suministro y alzas en las materias primas, principalmente en los energ\u00e9ticos&#8221;, se\u00f1al\u00f3 Gabriela Siller, de Banco Base.<br \/>\nAlejandra Salda\u00f1a, economista en jefe de Grupo Financiero &#8220;Ve por M\u00e1s&#8221;, se\u00f1al\u00f3 que Rusia es uno de los grandes productores mundiales de petr\u00f3leo, gas y trigo, por lo cual el conflicto impactar\u00e1 los precios internacionales &#8220;de manera significativa&#8221;.<br \/>\nS\u00f3lo en la mitad de febrero, M\u00e9xico registr\u00f3 7,17% de inflaci\u00f3n, mientras que registr\u00f3 dos trimestres consecutivos (el tercero y el cuarto de 2021) con crecimiento negativo, lo que representa una &#8220;recesi\u00f3n t\u00e9cnica&#8221;, de acuerdo con la definici\u00f3n de expertos.<br \/>\nNo obstante, el gobierno se niega a aceptar que haya una recesi\u00f3n, bajo el argumento de que es necesario incluir en esta ecuaci\u00f3n otros elementos como el empleo, el comercio exterior y la inversi\u00f3n extranjera. En todo caso, M\u00e9xico creci\u00f3 apenas 5% el a\u00f1o pasado, luego del desastroso desplome de 8,5% del 2020, el a\u00f1o en que comenz\u00f3 la pandemia, y el peor resultado en su producto interno bruto en m\u00e1s de 90 a\u00f1os.<br \/>\nPara este a\u00f1o, se estima que M\u00e9xico podr\u00eda crecer apenas 2,3%, de acuerdo con la Organizaci\u00f3n para la Cooperaci\u00f3n y el Desarrollo Econ\u00f3mico (OCDE), aunque el ministerio de econom\u00eda estima que llegar\u00eda al 2,6%.<br \/>\nLa tasa de inter\u00e9s de referencia a su vez podr\u00eda llegar a 7,5%, desde un 6% acordado por el Banco de M\u00e9xico (central) el pasado d\u00eda 10.<br \/>\n&#8220;El aumento en los precios, las disrupciones en las cadenas de suministro y los incrementos en las tasas tendr\u00edan un impacto adicional en el crecimiento econ\u00f3mico&#8221;, dijo Salda\u00f1a. A nivel internacional, la guerra en Ucrania podr\u00eda provocar una menor oferta de petr\u00f3leo y sus derivados y los precios internacionales seguir\u00e1n una tendencia alcista, lo que impactar\u00e1 en los precios de otros productos, de acuerdo con los analistas.<br \/>\nSeg\u00fan la Direcci\u00f3n de Estudios Econ\u00f3micos de Citibanamex, las finanzas p\u00fablicas del pa\u00eds comenzar\u00e1n a sufrir una fuerte presi\u00f3n, pues el gobierno deber\u00e1 destinar un mayor subsidio a los carburantes. Organizaciones empresariales como la C\u00e1mara Nacional de la Industria de Transformaci\u00f3n (Canacintra) y la Confederaci\u00f3n Patronal de la Rep\u00fablica (Coparmex) apremiaron al gobierno para adoptar medidas que permitan &#8220;mitigar el efecto&#8221; que traer\u00e1 consigo el conflicto armado. Por ahora, M\u00e9xico se benefici\u00f3 con el aumento en los precios del petr\u00f3leo pero los analistas hacen notar que esos dividendos se perder\u00e1n con los est\u00edmulos a los precios de las gasolinas.<br \/>\nAyer la canasta mexicana de petr\u00f3leo de exportaci\u00f3n cerr\u00f3 en 90,52 d\u00f3lares, muy por encima de los pron\u00f3sticos del gobierno usados para calcular el presupuesto nacional, aprobado por el Congreso, de 55,1 d\u00f3lares.<br \/>\n&#8220;No necesariamente son buenas noticias porque si se considera que se importa m\u00e1s de lo que se est\u00e1 exportando podr\u00eda pensarse que se ver\u00edan mermadas las finanzas p\u00fablicas&#8221;, se\u00f1al\u00f3 James Salazar, ejecutivo de CI Banco.<br \/>\nEl d\u00e9ficit de la balanza comercial petrolera es cercano a los 25.000 millones de d\u00f3lares y sumado a la pol\u00edtica de no incrementos, en t\u00e9rminos reales del precio de la gasolina, &#8220;los est\u00edmulos podr\u00edan convertirse en subsidios&#8221;, dijo el experto al diario especializado El Economista.<br \/>\nJanneth Quiroz, subdirectora de an\u00e1lisis econ\u00f3mico en Monex, dijo que &#8220;la cara positiva de la tensi\u00f3n desatada por la guerra en Ucrania &#8220;es el alto precio del barril de petr\u00f3leo&#8221;, que ha llegado por encima de los 100 d\u00f3lares (en el caso de los crudos de referencia).<br \/>\nSin embargo, se\u00f1al\u00f3 que la recaudaci\u00f3n de impuestos &#8220;se ver\u00eda afectada&#8221; por los subsidios a los combustibles.<\/p>\n","protected":false},"excerpt":{"rendered":"<p>&#8211; Expertos, m\u00e1s inflaci\u00f3n, menor crecimiento y tasas altas CIUDAD DE MEXICO, 26 FEB &#8211; El conflicto entre Ucrania y Rusia podr\u00eda acarrear graves problemas&hellip;<\/p>\n","protected":false},"author":99,"featured_media":501769,"comment_status":"open","ping_status":"open","sticky":false,"template":"","format":"standard","meta":{"footnotes":""},"categories":[23],"tags":[],"class_list":["post-501768","post","type-post","status-publish","format-standard","has-post-thumbnail","hentry","category-latinoamerica"],"_links":{"self":[{"href":"https:\/\/diarioelpopular.com\/index.php\/wp-json\/wp\/v2\/posts\/501768","targetHints":{"allow":["GET"]}}],"collection":[{"href":"https:\/\/diarioelpopular.com\/index.php\/wp-json\/wp\/v2\/posts"}],"about":[{"href":"https:\/\/diarioelpopular.com\/index.php\/wp-json\/wp\/v2\/types\/post"}],"author":[{"embeddable":true,"href":"https:\/\/diarioelpopular.com\/index.php\/wp-json\/wp\/v2\/users\/99"}],"replies":[{"embeddable":true,"href":"https:\/\/diarioelpopular.com\/index.php\/wp-json\/wp\/v2\/comments?post=501768"}],"version-history":[{"count":1,"href":"https:\/\/diarioelpopular.com\/index.php\/wp-json\/wp\/v2\/posts\/501768\/revisions"}],"predecessor-version":[{"id":501770,"href":"https:\/\/diarioelpopular.com\/index.php\/wp-json\/wp\/v2\/posts\/501768\/revisions\/501770"}],"wp:featuredmedia":[{"embeddable":true,"href":"https:\/\/diarioelpopular.com\/index.php\/wp-json\/wp\/v2\/media\/501769"}],"wp:attachment":[{"href":"https:\/\/diarioelpopular.com\/index.php\/wp-json\/wp\/v2\/media?parent=501768"}],"wp:term":[{"taxonomy":"category","embeddable":true,"href":"https:\/\/diarioelpopular.com\/index.php\/wp-json\/wp\/v2\/categories?post=501768"},{"taxonomy":"post_tag","embeddable":true,"href":"https:\/\/diarioelpopular.com\/index.php\/wp-json\/wp\/v2\/tags?post=501768"}],"curies":[{"name":"wp","href":"https:\/\/api.w.org\/{rel}","templated":true}]}}