{"id":501796,"date":"2022-02-27T11:53:57","date_gmt":"2022-02-27T15:53:57","guid":{"rendered":"https:\/\/diarioelpopular.com\/?p=501796"},"modified":"2022-02-27T11:53:57","modified_gmt":"2022-02-27T15:53:57","slug":"vuelve-el-carnaval-en-bolivia-tras-suspension-por-pandemia","status":"publish","type":"post","link":"https:\/\/diarioelpopular.com\/index.php\/2022\/02\/27\/vuelve-el-carnaval-en-bolivia-tras-suspension-por-pandemia\/","title":{"rendered":"Vuelve el carnaval en Bolivia tras suspensi\u00f3n por pandemia"},"content":{"rendered":"<div id=\"attachment_501797\" style=\"width: 646px\" class=\"wp-caption alignnone\"><img loading=\"lazy\" decoding=\"async\" aria-describedby=\"caption-attachment-501797\" class=\"size-custom-full-size wp-image-501797\" src=\"https:\/\/diarioelpopular.com\/wp-content\/uploads\/2022\/02\/BOLIVIA-CARNAVAL_61760-636x358.jpg\" alt=\"\" width=\"636\" height=\"358\" srcset=\"https:\/\/diarioelpopular.com\/wp-content\/uploads\/2022\/02\/BOLIVIA-CARNAVAL_61760-636x358.jpg 636w, https:\/\/diarioelpopular.com\/wp-content\/uploads\/2022\/02\/BOLIVIA-CARNAVAL_61760-300x169.jpg 300w, https:\/\/diarioelpopular.com\/wp-content\/uploads\/2022\/02\/BOLIVIA-CARNAVAL_61760-768x432.jpg 768w, https:\/\/diarioelpopular.com\/wp-content\/uploads\/2022\/02\/BOLIVIA-CARNAVAL_61760-130x73.jpg 130w, https:\/\/diarioelpopular.com\/wp-content\/uploads\/2022\/02\/BOLIVIA-CARNAVAL_61760.jpg 1024w\" sizes=\"auto, (max-width: 636px) 100vw, 636px\" \/><p id=\"caption-attachment-501797\" class=\"wp-caption-text\"><em>Mujeres bailan la tradicional danza &#8220;Morenada&#8221; durante el Carnaval en Oruro, Bolivia, el s\u00e1bado 26 de febrero de 2022. (AP Foto\/Juan Karita) JUAN KARITA AP<\/em><\/p><\/div>\n<p>&#8211;\u00a0<em><strong>Miles de bailarines y m\u00fasicos retornaron este s\u00e1bado a las calles de esta ciudad minera de Bolivia y se dirigieron hasta un templo donde los devotos adoran a la Virgen Mar\u00eda, en una peregrinaci\u00f3n colorida y multitudinaria un a\u00f1o despu\u00e9s de que se suspendieran las actividades del carnaval en la naci\u00f3n andina debido a la pandemia<\/strong><\/em>.<\/p>\n<p><em><strong>ORURO, BOLIVIA, 27 FEB.-<\/strong> <\/em>El carnaval andino, una de las festividades m\u00e1s tradicionales del pa\u00eds, inici\u00f3 con una procesi\u00f3n cat\u00f3lica y sigui\u00f3 con el ingreso de los bailarines, que usaban m\u00e1scaras protectoras o cubrebocas, exigidos por los organizadores. \u201cEs muy emotivo volver. Yo llego con demasiada devoci\u00f3n&#8230;<\/p>\n<p>Es emocionante estar con el p\u00fablico y llegar a los pies de la virgencita\u201d, dijo a The Associated Press Oral\u00ed Canedo, una bailarina de 32 a\u00f1os, quien asegur\u00f3 que se contagi\u00f3 dos veces con el coronavirus. \u201cA\u00fan as\u00ed estoy aqu\u00ed con mucha fe en la Virgen\u201d, agreg\u00f3. &#8220;Yo creo que a todos en alg\u00fan momento nos ha llegado esta enfermedad.<\/p>\n<p>Gracias a Dios, a la virgencita, nos ha hecho nacer nuevamente&#8230; quiz\u00e1 otros hermanos se fueron y en memoria de ellos peregrinamos hoy&#8221;, destac\u00f3 Mart\u00edn Canedo Duran, otro bailar\u00edn. En algunas danzas como la Diablada &#8211;icono del carnaval&#8211; los bailarines utilizaban m\u00e1scaras de diablos, por lo que no se pon\u00edan cubrebocas.<\/p>\n<p>Las autoridades de las regiones bolivianas decidieron que las actividades del carnaval retornaran este a\u00f1o tras considerar que el pa\u00eds pasa por una desaceleraci\u00f3n de los contagios. Sin embargo, los especialistas advirtieron que si no se realizan los festejos con mesura y las medidas de bioseguridad correspondientes el pa\u00eds podr\u00eda enfrentar un quinto rebrote.<\/p>\n<p>Los organizadores informaron que este a\u00f1o participan en Oruro m\u00e1s de 20.000 bailarines de 50 conjuntos de danzas folcl\u00f3ricas en la festividad, que tiene fuerte ra\u00edz religiosa y fue declarada por la UNESCO como Obra Maestra del Patrimonio Oral e Intangible de la Humanidad en 2001.<\/p>\n<p>\u201cEs un carnaval at\u00edpico por la pandemia, pero estamos intentando realizar una reactivaci\u00f3n econ\u00f3mica\u201d, expres\u00f3 el gobernador de Oruro, Johnny Vedia, al canal estatal Bolivia TV. Este s\u00e1bado por la noche arranc\u00f3 el carnaval en la regi\u00f3n de Santa Cruz, al este del pa\u00eds, con sus reinas y carruajes. Santa Cruz es una de las regiones m\u00e1s pobladas y que ha sido castigada por la pandemia.<\/p>\n<p>El pa\u00eds andino ha reportado hasta ahora 893.048 contagios y 21.419 decesos por COVID-19. En tanto, la vacunaci\u00f3n con el esquema completo \u2014de dos dosis\u2014 se ha aplicado a 5,4 de los 11,6 millones de habitantes, seg\u00fan las autoridades de salud.<\/p>\n<p>&nbsp;<\/p>\n","protected":false},"excerpt":{"rendered":"<p>&#8211;\u00a0Miles de bailarines y m\u00fasicos retornaron este s\u00e1bado a las calles de esta ciudad minera de Bolivia y se dirigieron hasta un templo donde los&hellip;<\/p>\n","protected":false},"author":99,"featured_media":501797,"comment_status":"open","ping_status":"open","sticky":false,"template":"","format":"standard","meta":{"footnotes":""},"categories":[23],"tags":[],"class_list":["post-501796","post","type-post","status-publish","format-standard","has-post-thumbnail","hentry","category-latinoamerica"],"_links":{"self":[{"href":"https:\/\/diarioelpopular.com\/index.php\/wp-json\/wp\/v2\/posts\/501796","targetHints":{"allow":["GET"]}}],"collection":[{"href":"https:\/\/diarioelpopular.com\/index.php\/wp-json\/wp\/v2\/posts"}],"about":[{"href":"https:\/\/diarioelpopular.com\/index.php\/wp-json\/wp\/v2\/types\/post"}],"author":[{"embeddable":true,"href":"https:\/\/diarioelpopular.com\/index.php\/wp-json\/wp\/v2\/users\/99"}],"replies":[{"embeddable":true,"href":"https:\/\/diarioelpopular.com\/index.php\/wp-json\/wp\/v2\/comments?post=501796"}],"version-history":[{"count":1,"href":"https:\/\/diarioelpopular.com\/index.php\/wp-json\/wp\/v2\/posts\/501796\/revisions"}],"predecessor-version":[{"id":501798,"href":"https:\/\/diarioelpopular.com\/index.php\/wp-json\/wp\/v2\/posts\/501796\/revisions\/501798"}],"wp:featuredmedia":[{"embeddable":true,"href":"https:\/\/diarioelpopular.com\/index.php\/wp-json\/wp\/v2\/media\/501797"}],"wp:attachment":[{"href":"https:\/\/diarioelpopular.com\/index.php\/wp-json\/wp\/v2\/media?parent=501796"}],"wp:term":[{"taxonomy":"category","embeddable":true,"href":"https:\/\/diarioelpopular.com\/index.php\/wp-json\/wp\/v2\/categories?post=501796"},{"taxonomy":"post_tag","embeddable":true,"href":"https:\/\/diarioelpopular.com\/index.php\/wp-json\/wp\/v2\/tags?post=501796"}],"curies":[{"name":"wp","href":"https:\/\/api.w.org\/{rel}","templated":true}]}}