{"id":501830,"date":"2022-03-01T10:50:17","date_gmt":"2022-03-01T14:50:17","guid":{"rendered":"https:\/\/diarioelpopular.com\/?p=501830"},"modified":"2022-03-01T10:50:17","modified_gmt":"2022-03-01T14:50:17","slug":"se-eliminan-restricciones-ontario-reabre-mas","status":"publish","type":"post","link":"https:\/\/diarioelpopular.com\/index.php\/2022\/03\/01\/se-eliminan-restricciones-ontario-reabre-mas\/","title":{"rendered":"Se eliminan restricciones, Ontario reabre m\u00e1s"},"content":{"rendered":"<p><img loading=\"lazy\" decoding=\"async\" class=\"alignnone size-custom-full-size wp-image-501831\" src=\"https:\/\/diarioelpopular.com\/wp-content\/uploads\/2022\/03\/1.CP128115275-636x424.jpg\" alt=\"\" width=\"636\" height=\"424\" srcset=\"https:\/\/diarioelpopular.com\/wp-content\/uploads\/2022\/03\/1.CP128115275-636x424.jpg 636w, https:\/\/diarioelpopular.com\/wp-content\/uploads\/2022\/03\/1.CP128115275-300x200.jpg 300w, https:\/\/diarioelpopular.com\/wp-content\/uploads\/2022\/03\/1.CP128115275-768x512.jpg 768w, https:\/\/diarioelpopular.com\/wp-content\/uploads\/2022\/03\/1.CP128115275-110x73.jpg 110w, https:\/\/diarioelpopular.com\/wp-content\/uploads\/2022\/03\/1.CP128115275.jpg 800w\" sizes=\"auto, (max-width: 636px) 100vw, 636px\" \/><\/p>\n<h4><strong><em>&#8211; El sistema de prueba de vacunaci\u00f3n contra COVID-19 de Ontario ha llegado a su fin y los l\u00edmites de capacidad se han eliminado a partir de este martes.<\/em><\/strong><\/h4>\n<p><em><strong>&#8211; Canad\u00e1 solicitar\u00e1 a la Corte Penal Internacional que investigue presuntos cr\u00edmenes de guerra rusos<\/strong><\/em><\/p>\n<p><em><strong>TORONTO.-<\/strong> <\/em>El gobierno dijo que las dos medidas de salud p\u00fablica se levantar\u00edan como parte de su plan de reapertura a medida que la provincia est\u00e1 cada vez m\u00e1s cerca de volver a la vida antes de que comenzara la pandemia mundial en marzo de 2020.<\/p>\n<p>Las empresas tienen la opci\u00f3n de mantener un comprobante de vacunaci\u00f3n si as\u00ed lo desean, dijo el gobierno.<\/p>\n<p>El premier Doug Ford tambi\u00e9n dijo anteriormente que el requisito de prueba de vacunaci\u00f3n ser\u00eda una medida temporal cuando entrara en vigencia en septiembre de 2021.<\/p>\n<p>Tambi\u00e9n se eliminaron los requisitos de distanciamiento f\u00edsico y los l\u00edmites de reuni\u00f3n social en interiores y exteriores.<\/p>\n<p>Sin embargo, se mantendr\u00e1 el uso de m\u00e1scaras en lugares p\u00fablicos cerrados.<\/p>\n<p>El tapabocas es una de las \u00faltimas medidas provinciales restantes que a\u00fan no ha sido eliminada.<\/p>\n<p>El director m\u00e9dico de salud de Ontario, el Dr. Kieran Moore, dijo que el mandato de la m\u00e1scara se revisar\u00e1 en la segunda o tercera semana de marzo, lo que permitir\u00e1 revisar los datos despu\u00e9s de que la provincia levante los l\u00edmites de capacidad y la prueba de vacunaci\u00f3n el 1 de marzo.<\/p>\n<p>Pero por ahora, Moore dijo que el uso de m\u00e1scaras o cubiertas faciales se mantendr\u00e1 \u201cpor el momento\u201d.<\/p>\n<p>Tambi\u00e9n dijo que cuando se retiren las m\u00e1scaras del espacio p\u00fablico en general, tambi\u00e9n se retirar\u00e1n para su uso en las escuelas simult\u00e1neamente.<\/p>\n<p>Ford tambi\u00e9n insinu\u00f3 con comentarios similares este lunes, citando a Moore, que \u201cno estamos muy lejos\u201d de levantar el mandato de la m\u00e1scara.<\/p>\n<p>\u201cLo que escucho: en las pr\u00f3ximas semanas, tal vez despu\u00e9s de las vacaciones de marzo cuando regresen los ni\u00f1os, pero ya veremos. No quiero fijar una fecha\u201d, dijo Ford.<\/p>\n<p>\u201cNo hay ning\u00fan secreto: no hay una persona con la que hable (a quien) le gusten estas m\u00e1scaras. A nadie le gustan. Pero voy a seguir el consejo y no estamos lejos\u201d.<\/p>\n<p>Las tendencias de COVID-19 en Ontario han mejorado significativamente desde el pico de la ola Omicron. Las hospitalizaciones, la positividad de las pruebas, las muertes y las aguas residuales han tenido una tendencia a la baja durante las \u00faltimas semanas.<\/p>\n<p>Entre la poblaci\u00f3n de 12 a\u00f1os o m\u00e1s, el 90 por ciento est\u00e1 completamente vacunado, mientras que el 54 por ciento est\u00e1 reforzado.<\/p>\n<p>&nbsp;<\/p>\n<p><em><strong>Canad\u00e1 solicitar\u00e1 a la Corte Penal Internacional que investigue presuntos cr\u00edmenes de guerra rusos<\/strong><\/em><\/p>\n<p><img loading=\"lazy\" decoding=\"async\" class=\"alignnone size-custom-full-size wp-image-501832\" src=\"https:\/\/diarioelpopular.com\/wp-content\/uploads\/2022\/03\/1.rkiv_-636x358.jpg\" alt=\"\" width=\"636\" height=\"358\" srcset=\"https:\/\/diarioelpopular.com\/wp-content\/uploads\/2022\/03\/1.rkiv_-636x358.jpg 636w, https:\/\/diarioelpopular.com\/wp-content\/uploads\/2022\/03\/1.rkiv_-300x169.jpg 300w, https:\/\/diarioelpopular.com\/wp-content\/uploads\/2022\/03\/1.rkiv_-768x432.jpg 768w, https:\/\/diarioelpopular.com\/wp-content\/uploads\/2022\/03\/1.rkiv_-130x73.jpg 130w, https:\/\/diarioelpopular.com\/wp-content\/uploads\/2022\/03\/1.rkiv_.jpg 800w\" sizes=\"auto, (max-width: 636px) 100vw, 636px\" \/><\/p>\n<p><em><strong>OTTAWA.-<\/strong> <\/em>Canad\u00e1 ha solicitado este martes a la Corte Penal Internacional (CPI) que investigue los presuntos cr\u00edmenes de guerra y cr\u00edmenes de lesa humanidad cometidos por las fuerzas rusas en Ucrania, dijo su ministra de Relaciones Exteriores, Melanie Joly.<\/p>\n<p>La oficina del fiscal de la CPI dijo el lunes que buscar\u00e1 la aprobaci\u00f3n de la corte para abrir una investigaci\u00f3n sobre presuntos cr\u00edmenes de guerra en Ucrania, solo unos d\u00edas despu\u00e9s de la invasi\u00f3n de Rusia a su vecino.<\/p>\n<p>Joly, hablando con los periodistas en Ginebra despu\u00e9s de participar en un discurso virtual del ministro de Relaciones Exteriores de Rusia, Sergei Lavrov, ante el Consejo de Derechos Humanos de la ONU, dijo: \u201cHoy tambi\u00e9n Canad\u00e1 solicitar\u00e1 a la Corte Penal Internacional\u2026 contra Rusia por cr\u00edmenes contra Rusia\u201d. humanidad y cr\u00edmenes de guerra\u201d.<\/p>\n<p>\u201cTambi\u00e9n fue importante para nosotros mostrar que somos firmes en t\u00e9rminos de nuestro apoyo a Ucrania\u201d, agreg\u00f3.<\/p>\n<p>Desde que Rusia invadi\u00f3 Ucrania el 24 de febrero, los grupos de derechos han denunciado violaciones de la ley internacional de cr\u00edmenes de guerra, incluido el ataque a civiles, as\u00ed como ataques indiscriminados a escuelas y hospitales.<\/p>\n<p>Ucrania y sus aliados pidieron una investigaci\u00f3n de las Naciones Unidas sobre posibles cr\u00edmenes de guerra cometidos por Rusia durante sus acciones militares en Ucrania.<\/p>\n<p>El Consejo de Derechos Humanos de las Naciones Unidas vot\u00f3 este lunes para aceptar la solicitud de Ucrania de celebrar un debate urgente el jueves sobre la invasi\u00f3n de Rusia. Un proyecto de resoluci\u00f3n de Ucrania ser\u00e1 considerado en el debate urgente.<\/p>\n<p>El fiscal Khan dijo que su oficina buscar\u00eda apoyo y financiamiento de los 123 estados miembros de la CPI para las investigaciones.<\/p>\n<p>\u201cLa importancia y urgencia de nuestra misi\u00f3n es demasiado grave como para ser reh\u00e9n de la falta de medios\u201d, dijo.<\/p>\n<p>Khan dijo que la investigaci\u00f3n examinar\u00e1 las supuestas violaciones que se remontan a 2014, cuando Ucrania reconoci\u00f3 la jurisdicci\u00f3n de la corte tras la anexi\u00f3n de Crimea por parte de Rusia.<\/p>\n<p>Aunque ni Rusia ni Ucrania son miembros del tribunal de La Haya, Ucrania le dio autorizaci\u00f3n sobre cr\u00edmenes de guerra y cr\u00edmenes de lesa humanidad.<\/p>\n<p>\u201cExiste una base razonable para proceder con la apertura de una investigaci\u00f3n\u201d, dijo el comunicado. \u201cEn particular, estoy satisfecho de que haya una base razonable para creer que tanto los presuntos cr\u00edmenes de guerra como los cr\u00edmenes de lesa humanidad se han cometido en Ucrania\u201d.<\/p>\n<p>\u201cDada la expansi\u00f3n del conflicto en los \u00faltimos d\u00edas, tengo la intenci\u00f3n de que esta investigaci\u00f3n tambi\u00e9n abarque cualquier nuevo presunto delito que caiga dentro de la jurisdicci\u00f3n de mi Oficina y que sea cometido por cualquiera de las partes en el conflicto en cualquier parte del territorio de Ucrania. &#8221; dec\u00eda.<\/p>\n<p>El fiscal tendr\u00e1 que obtener primero la autorizaci\u00f3n de una sala de instrucci\u00f3n del tribunal.<\/p>\n","protected":false},"excerpt":{"rendered":"<p>&#8211; El sistema de prueba de vacunaci\u00f3n contra COVID-19 de Ontario ha llegado a su fin y los l\u00edmites de capacidad se han eliminado a&hellip;<\/p>\n","protected":false},"author":99,"featured_media":501831,"comment_status":"open","ping_status":"open","sticky":false,"template":"","format":"standard","meta":{"footnotes":""},"categories":[21,11191],"tags":[],"class_list":["post-501830","post","type-post","status-publish","format-standard","has-post-thumbnail","hentry","category-canada","category-top-news"],"_links":{"self":[{"href":"https:\/\/diarioelpopular.com\/index.php\/wp-json\/wp\/v2\/posts\/501830","targetHints":{"allow":["GET"]}}],"collection":[{"href":"https:\/\/diarioelpopular.com\/index.php\/wp-json\/wp\/v2\/posts"}],"about":[{"href":"https:\/\/diarioelpopular.com\/index.php\/wp-json\/wp\/v2\/types\/post"}],"author":[{"embeddable":true,"href":"https:\/\/diarioelpopular.com\/index.php\/wp-json\/wp\/v2\/users\/99"}],"replies":[{"embeddable":true,"href":"https:\/\/diarioelpopular.com\/index.php\/wp-json\/wp\/v2\/comments?post=501830"}],"version-history":[{"count":1,"href":"https:\/\/diarioelpopular.com\/index.php\/wp-json\/wp\/v2\/posts\/501830\/revisions"}],"predecessor-version":[{"id":501833,"href":"https:\/\/diarioelpopular.com\/index.php\/wp-json\/wp\/v2\/posts\/501830\/revisions\/501833"}],"wp:featuredmedia":[{"embeddable":true,"href":"https:\/\/diarioelpopular.com\/index.php\/wp-json\/wp\/v2\/media\/501831"}],"wp:attachment":[{"href":"https:\/\/diarioelpopular.com\/index.php\/wp-json\/wp\/v2\/media?parent=501830"}],"wp:term":[{"taxonomy":"category","embeddable":true,"href":"https:\/\/diarioelpopular.com\/index.php\/wp-json\/wp\/v2\/categories?post=501830"},{"taxonomy":"post_tag","embeddable":true,"href":"https:\/\/diarioelpopular.com\/index.php\/wp-json\/wp\/v2\/tags?post=501830"}],"curies":[{"name":"wp","href":"https:\/\/api.w.org\/{rel}","templated":true}]}}